{"id":9828,"date":"2022-02-25T11:11:09","date_gmt":"2022-02-25T10:11:09","guid":{"rendered":"https:\/\/www.cgt-lkn.org\/nafarroa\/?p=9828"},"modified":"2022-03-01T08:51:04","modified_gmt":"2022-03-01T07:51:04","slug":"asteazken-libertarioak-miercoles-libertarios-2022","status":"publish","type":"post","link":"https:\/\/www.cgt-lkn.org\/nafarroa\/blog\/2022\/02\/25\/asteazken-libertarioak-miercoles-libertarios-2022\/","title":{"rendered":"Asteazken Libertarioak\/Mi\u00e9rcoles Libertarios. 2022."},"content":{"rendered":"\n<p><img loading=\"lazy\" decoding=\"async\" class=\"size-large wp-image-9829 aligncenter\" src=\"https:\/\/www.cgt-lkn.org\/nafarroa1\/wp-content\/uploads\/sites\/14\/2022\/02\/AL-ML-2022-732x1024.jpg\" alt=\"\" width=\"732\" height=\"1024\" srcset=\"https:\/\/www.cgt-lkn.org\/nafarroa\/wp-content\/uploads\/sites\/14\/2022\/02\/AL-ML-2022-732x1024.jpg 732w, https:\/\/www.cgt-lkn.org\/nafarroa\/wp-content\/uploads\/sites\/14\/2022\/02\/AL-ML-2022-214x300.jpg 214w, https:\/\/www.cgt-lkn.org\/nafarroa\/wp-content\/uploads\/sites\/14\/2022\/02\/AL-ML-2022-768x1074.jpg 768w, https:\/\/www.cgt-lkn.org\/nafarroa\/wp-content\/uploads\/sites\/14\/2022\/02\/AL-ML-2022-1098x1536.jpg 1098w, https:\/\/www.cgt-lkn.org\/nafarroa\/wp-content\/uploads\/sites\/14\/2022\/02\/AL-ML-2022-1464x2048.jpg 1464w, https:\/\/www.cgt-lkn.org\/nafarroa\/wp-content\/uploads\/sites\/14\/2022\/02\/AL-ML-2022-1920x2686.jpg 1920w, https:\/\/www.cgt-lkn.org\/nafarroa\/wp-content\/uploads\/sites\/14\/2022\/02\/AL-ML-2022-1170x1637.jpg 1170w, https:\/\/www.cgt-lkn.org\/nafarroa\/wp-content\/uploads\/sites\/14\/2022\/02\/AL-ML-2022-585x818.jpg 585w, https:\/\/www.cgt-lkn.org\/nafarroa\/wp-content\/uploads\/sites\/14\/2022\/02\/AL-ML-2022-scaled.jpg 1830w\" sizes=\"auto, (max-width: 732px) 100vw, 732px\" \/><\/p>\n<div style=\"text-align: justify;\">Como cada a\u00f1o, desde CGT\/LKN-Nafarroa queremos dedicar un espacio sosegado para la reflexi\u00f3n. Vivimos un presente que nos atrapa en una aceleraci\u00f3n constante, que nos aturde y que es necesario analizar. Pretendemos leer el presente con la intenci\u00f3n de situarnos mejor a la hora impulsar la creaci\u00f3n de otros escenarios m\u00e1s libres, en clave de justicia social, construir futuro. Esta es nuestra propuesta, te esperamos.<\/div>\n<div>\u00a0<\/div>\n<div style=\"text-align: center;\">MIERCOLES LIBERTARIOS-ASTEAZKEN LIBERTARIOAK 2022<\/div>\n<p style=\"text-align: center;\"><span style=\"color: black; font-family: Tahoma; font-size: small;\"><span dir=\"ltr\">Oraina irakurtzea.Etorkizuna eraikitzea.<br \/>Leer el presente. Construir futuro.<\/span><\/span><\/p>\n<p style=\"text-align: left;\"><span style=\"color: black; font-family: Tahoma; font-size: small;\"><span dir=\"ltr\"><strong>-2 DE MARZO, 19:00 h Local de CGT\/LKN-Nafarroa (C\/Sta. Alodia 7, bajo. Iru\u00f1ea):<\/strong> <\/span><\/span><\/p>\n<p style=\"text-align: left;\"><span style=\"color: black; font-family: Tahoma; font-size: small;\"><span dir=\"ltr\">\u00abAntirracismo frente al discurso del odio\u00bb, con Flavia Navarrete, integrante de SOS Racismo-Nafarroa.<\/span><\/span><\/p>\n<p style=\"text-align: left;\"><span style=\"color: black; font-family: Tahoma; font-size: small;\"><span dir=\"ltr\"><br \/><strong>-9 DE MARZO, 19:00 h Civivox Condestable (C\/Mayor 2, Iru\u00f1ea):<\/strong><\/span><\/span><\/p>\n<p style=\"text-align: left;\"><span style=\"color: black; font-family: Tahoma; font-size: small;\"><span dir=\"ltr\"> \u00abDecrecimiento. Por una ecolog\u00eda medioambiental y social\u00bb, con Carlos Taibo, autor del libro \u00abIberia vaciada. Despoblaci\u00f3n, decrecimiento, colapso\u00bb.<\/span><\/span><\/p>\n<p style=\"text-align: left;\"><span style=\"color: black; font-family: Tahoma; font-size: small;\"><span dir=\"ltr\"><br \/><strong>-16 DE MARZO, 19:00 h Civivox Condestable (C\/Mayor 2, Iru\u00f1ea):<\/strong><\/span><\/span><\/p>\n<p style=\"text-align: left;\"><span style=\"color: black; font-family: Tahoma; font-size: small;\"><span dir=\"ltr\"> \u00abMutuas, privatizaci\u00f3n de la Sanidad P\u00fablica\u00bb, con Luc\u00eda Iriarte, m\u00e9dica del Sistema Sanitario P\u00fablico de Navarra.<\/span><\/span><\/p>\n<p style=\"text-align: center;\"><span style=\"color: black; font-family: Tahoma; font-size: small;\"><span dir=\"ltr\"><br \/><strong>EMISI\u00d3N EN DIRECTO DE TODAS LAS CONFERENCIAS EN:<\/strong><br \/><a href=\"_wp_link_placeholder\" data-wplink-edit=\"true\"><strong>https:\/\/www.cgt-lkn.org\/nafarroa1\/<\/strong><\/a><\/span><\/span><\/p>\n<p>\u00a0<\/p>\n\n\n","protected":false},"excerpt":{"rendered":"<p>Como cada a\u00f1o, desde CGT\/LKN-Nafarroa queremos dedicar un espacio sosegado para la reflexi\u00f3n. Vivimos un presente que nos atrapa en<\/p>\n","protected":false},"author":24,"featured_media":9829,"comment_status":"closed","ping_status":"open","sticky":false,"template":"","format":"standard","meta":{"footnotes":""},"categories":[215],"tags":[],"class_list":["post-9828","post","type-post","status-publish","format-standard","has-post-thumbnail","hentry","category-jornadas-libertaria"],"_links":{"self":[{"href":"https:\/\/www.cgt-lkn.org\/nafarroa\/wp-json\/wp\/v2\/posts\/9828","targetHints":{"allow":["GET"]}}],"collection":[{"href":"https:\/\/www.cgt-lkn.org\/nafarroa\/wp-json\/wp\/v2\/posts"}],"about":[{"href":"https:\/\/www.cgt-lkn.org\/nafarroa\/wp-json\/wp\/v2\/types\/post"}],"author":[{"embeddable":true,"href":"https:\/\/www.cgt-lkn.org\/nafarroa\/wp-json\/wp\/v2\/users\/24"}],"replies":[{"embeddable":true,"href":"https:\/\/www.cgt-lkn.org\/nafarroa\/wp-json\/wp\/v2\/comments?post=9828"}],"version-history":[{"count":3,"href":"https:\/\/www.cgt-lkn.org\/nafarroa\/wp-json\/wp\/v2\/posts\/9828\/revisions"}],"predecessor-version":[{"id":9841,"href":"https:\/\/www.cgt-lkn.org\/nafarroa\/wp-json\/wp\/v2\/posts\/9828\/revisions\/9841"}],"wp:featuredmedia":[{"embeddable":true,"href":"https:\/\/www.cgt-lkn.org\/nafarroa\/wp-json\/wp\/v2\/media\/9829"}],"wp:attachment":[{"href":"https:\/\/www.cgt-lkn.org\/nafarroa\/wp-json\/wp\/v2\/media?parent=9828"}],"wp:term":[{"taxonomy":"category","embeddable":true,"href":"https:\/\/www.cgt-lkn.org\/nafarroa\/wp-json\/wp\/v2\/categories?post=9828"},{"taxonomy":"post_tag","embeddable":true,"href":"https:\/\/www.cgt-lkn.org\/nafarroa\/wp-json\/wp\/v2\/tags?post=9828"}],"curies":[{"name":"wp","href":"https:\/\/api.w.org\/{rel}","templated":true}]}}