{"id":9388,"date":"2021-05-11T12:49:01","date_gmt":"2021-05-11T11:49:01","guid":{"rendered":"https:\/\/www.cgt-lkn.org\/nafarroa\/?p=9388"},"modified":"2021-05-11T12:53:49","modified_gmt":"2021-05-11T11:53:49","slug":"plataforma-navarra-de-salud-nafarroako-osasun-plataforma-manifestaciones-en-defensa-de-la-atencion-primaria-oinarrizko-osasun-laguntzaren-aldeko-manifestazioak","status":"publish","type":"post","link":"https:\/\/www.cgt-lkn.org\/nafarroa\/blog\/2021\/05\/11\/plataforma-navarra-de-salud-nafarroako-osasun-plataforma-manifestaciones-en-defensa-de-la-atencion-primaria-oinarrizko-osasun-laguntzaren-aldeko-manifestazioak\/","title":{"rendered":"Plataforma Navarra de Salud\/Nafarroako Osasun Plataforma: Manifestaciones en defensa de la Atenci\u00f3n Primaria \/ Oinarrizko Osasun Laguntzaren aldeko manifestazioak"},"content":{"rendered":"\n<p>Extra\u00eddo de: <a href=\"http:\/\/nafarroakosasunplataforma.blogspot.com\/2021\/05\/manifestaciones-en-estella-y-pamplona.html\">http:\/\/nafarroakosasunplataforma.blogspot.com\/2021\/05\/manifestaciones-en-estella-y-pamplona.html<\/a><\/p>\n<p align=\"JUSTIFY\">La gesti\u00f3n de la pandemia est\u00e1 golpeando duramente al derecho a la salud de la ciudadan\u00eda navarra. La disminuci\u00f3n de la atenci\u00f3n presencial, el aumento de tiempo para conseguir una cita en atenci\u00f3n primaria, la desaparici\u00f3n de actividades de salud p\u00fablica en los centros de salud, el aumento de las consecuencias generalizadas en la salud mental de la poblaci\u00f3n. Todo ello acompa\u00f1ado de la desidia de las\/os responsables del Departamento de Salud que, tras posponer una y otra vez sus promesas, no han cumplido ninguna de ellas para resolver el deterioro acelerado del Servicio Navarro de Salud-Osasunbidea (SNS-O). Eso s\u00ed, estos responsables y el resto del Gobierno de Navarra apelan sin cesar a la necesaria colaboraci\u00f3n del sistema sanitario p\u00fablico y privado en una estrategia y unas pr\u00e1cticas de descapitalizaci\u00f3n del sistema p\u00fablico en beneficio de la sanidad privada; lo cual tambi\u00e9n denunciamos.\u00a0<\/p>\n<p align=\"JUSTIFY\"><span lang=\"es\">Por todo ello, y antes que los da\u00f1os sean irreversibles<\/span>\u00a0llamamos a la sociedad navarra a acudir a las manifestaciones\u00a0que convoca la Plataforma Navarra de Salud \/Nafarroako Osasun Plataforma en defensa del fortalecimiento y mejora de la atenci\u00f3n primaria de salud del SNS-O:<\/p>\n<p align=\"JUSTIFY\"><img loading=\"lazy\" decoding=\"async\" class=\"size-large wp-image-9389 aligncenter\" src=\"https:\/\/www.cgt-lkn.org\/nafarroa1\/wp-content\/uploads\/sites\/14\/2021\/05\/kartela-M15-Irunea-725x1024.jpg\" alt=\"\" width=\"640\" height=\"904\" srcset=\"https:\/\/www.cgt-lkn.org\/nafarroa\/wp-content\/uploads\/sites\/14\/2021\/05\/kartela-M15-Irunea-725x1024.jpg 725w, https:\/\/www.cgt-lkn.org\/nafarroa\/wp-content\/uploads\/sites\/14\/2021\/05\/kartela-M15-Irunea-212x300.jpg 212w, https:\/\/www.cgt-lkn.org\/nafarroa\/wp-content\/uploads\/sites\/14\/2021\/05\/kartela-M15-Irunea-768x1085.jpg 768w, https:\/\/www.cgt-lkn.org\/nafarroa\/wp-content\/uploads\/sites\/14\/2021\/05\/kartela-M15-Irunea-1087x1536.jpg 1087w, https:\/\/www.cgt-lkn.org\/nafarroa\/wp-content\/uploads\/sites\/14\/2021\/05\/kartela-M15-Irunea-400x565.jpg 400w, https:\/\/www.cgt-lkn.org\/nafarroa\/wp-content\/uploads\/sites\/14\/2021\/05\/kartela-M15-Irunea.jpg 1229w\" sizes=\"auto, (max-width: 640px) 100vw, 640px\" \/><\/p>\n<p align=\"JUSTIFY\"><img loading=\"lazy\" decoding=\"async\" class=\"size-large wp-image-9390 aligncenter\" src=\"https:\/\/www.cgt-lkn.org\/nafarroa1\/wp-content\/uploads\/sites\/14\/2021\/05\/cartel-estellalizarra-724x1024.jpeg\" alt=\"\" width=\"640\" height=\"905\" srcset=\"https:\/\/www.cgt-lkn.org\/nafarroa\/wp-content\/uploads\/sites\/14\/2021\/05\/cartel-estellalizarra-724x1024.jpeg 724w, https:\/\/www.cgt-lkn.org\/nafarroa\/wp-content\/uploads\/sites\/14\/2021\/05\/cartel-estellalizarra-212x300.jpeg 212w, https:\/\/www.cgt-lkn.org\/nafarroa\/wp-content\/uploads\/sites\/14\/2021\/05\/cartel-estellalizarra-768x1086.jpeg 768w, https:\/\/www.cgt-lkn.org\/nafarroa\/wp-content\/uploads\/sites\/14\/2021\/05\/cartel-estellalizarra-1086x1536.jpeg 1086w, https:\/\/www.cgt-lkn.org\/nafarroa\/wp-content\/uploads\/sites\/14\/2021\/05\/cartel-estellalizarra-400x566.jpeg 400w, https:\/\/www.cgt-lkn.org\/nafarroa\/wp-content\/uploads\/sites\/14\/2021\/05\/cartel-estellalizarra.jpeg 1131w\" sizes=\"auto, (max-width: 640px) 100vw, 640px\" \/><\/p>\n<hr \/>\n<p align=\"JUSTIFY\">Pandemiaren kudeaketak gogor jo du Nafarroako herritarren osasunerako eskubidea. Aurrez aurreko arreta murriztu da, oinarrizko zerbitzuetan hitzordua lortzeko denbora luzeagoa da, osasun publikoko jarduerak osasun etxeetatik desagertzen ari dira, herritarren osasun mentalean ondorioak areagotzen ari dira. Hori guztia Osasun Departamentuko arduradunen utzikeriarekin batera; izan ere, behin eta berriz atzeratu dituzte agindu zituztenak eta, ondoren, \u00a0ez dute promesa bakar bat ere bete Osasunbidea nozitzen ari den gainbehera geldiarazteko. Hori bai, arduradun horiek eta Nafarroako Gobernuko gainerako kideak etengabe ari dira eskatzen osasun-sistema publiko eta pribatuaren beharrezko lankidetza, baina sistema publikoa deskapitalizatzeko estrategia eta praktika erakutsi dute, osasun pribatuaren mesedetan; hori ere salatzen dugu.<\/p>\n<p align=\"JUSTIFY\"><span lang=\"es\">Horregatik guztiagatik, kalteak atzeraezinak izan baino lehen<\/span>\u00a0dei egiten diogu Nafarroako Osasun Plataformak deitu dituen manifestaziora joatera:<\/p>\n","protected":false},"excerpt":{"rendered":"<p>Extra\u00eddo de: http:\/\/nafarroakosasunplataforma.blogspot.com\/2021\/05\/manifestaciones-en-estella-y-pamplona.html La gesti\u00f3n de la pandemia est\u00e1 golpeando duramente al derecho a la salud de la ciudadan\u00eda navarra.<\/p>\n","protected":false},"author":24,"featured_media":9389,"comment_status":"closed","ping_status":"open","sticky":false,"template":"","format":"standard","meta":{"footnotes":""},"categories":[32],"tags":[],"class_list":["post-9388","post","type-post","status-publish","format-standard","has-post-thumbnail","hentry","category-derechos-sociales"],"_links":{"self":[{"href":"https:\/\/www.cgt-lkn.org\/nafarroa\/wp-json\/wp\/v2\/posts\/9388","targetHints":{"allow":["GET"]}}],"collection":[{"href":"https:\/\/www.cgt-lkn.org\/nafarroa\/wp-json\/wp\/v2\/posts"}],"about":[{"href":"https:\/\/www.cgt-lkn.org\/nafarroa\/wp-json\/wp\/v2\/types\/post"}],"author":[{"embeddable":true,"href":"https:\/\/www.cgt-lkn.org\/nafarroa\/wp-json\/wp\/v2\/users\/24"}],"replies":[{"embeddable":true,"href":"https:\/\/www.cgt-lkn.org\/nafarroa\/wp-json\/wp\/v2\/comments?post=9388"}],"version-history":[{"count":2,"href":"https:\/\/www.cgt-lkn.org\/nafarroa\/wp-json\/wp\/v2\/posts\/9388\/revisions"}],"predecessor-version":[{"id":9392,"href":"https:\/\/www.cgt-lkn.org\/nafarroa\/wp-json\/wp\/v2\/posts\/9388\/revisions\/9392"}],"wp:featuredmedia":[{"embeddable":true,"href":"https:\/\/www.cgt-lkn.org\/nafarroa\/wp-json\/wp\/v2\/media\/9389"}],"wp:attachment":[{"href":"https:\/\/www.cgt-lkn.org\/nafarroa\/wp-json\/wp\/v2\/media?parent=9388"}],"wp:term":[{"taxonomy":"category","embeddable":true,"href":"https:\/\/www.cgt-lkn.org\/nafarroa\/wp-json\/wp\/v2\/categories?post=9388"},{"taxonomy":"post_tag","embeddable":true,"href":"https:\/\/www.cgt-lkn.org\/nafarroa\/wp-json\/wp\/v2\/tags?post=9388"}],"curies":[{"name":"wp","href":"https:\/\/api.w.org\/{rel}","templated":true}]}}