{"id":9090,"date":"2020-11-04T11:29:55","date_gmt":"2020-11-04T10:29:55","guid":{"rendered":"http:\/\/www.cgt-lkn.org\/nafarroa\/?p=9090"},"modified":"2020-11-04T11:29:59","modified_gmt":"2020-11-04T10:29:59","slug":"iruneko-espetxean-osasun-eskumenak-orain-competencia-sanitaria-de-la-carcel-de-pamplona-ya","status":"publish","type":"post","link":"https:\/\/www.cgt-lkn.org\/nafarroa\/blog\/2020\/11\/04\/iruneko-espetxean-osasun-eskumenak-orain-competencia-sanitaria-de-la-carcel-de-pamplona-ya\/","title":{"rendered":"Iru\u00f1eko espetxean osasun eskumenak orain!\/\/Competencia sanitaria de la c\u00e1rcel de Pamplona \u00a1ya!"},"content":{"rendered":"\n<div><b><img loading=\"lazy\" decoding=\"async\" class=\"size-large wp-image-9091 aligncenter\" src=\"https:\/\/www.cgt-lkn.org\/nafarroa1\/wp-content\/uploads\/sites\/14\/2020\/11\/COMPETENCIA-SANITARIA-YA-614x1024.jpg\" alt=\"\" width=\"614\" height=\"1024\" srcset=\"https:\/\/www.cgt-lkn.org\/nafarroa\/wp-content\/uploads\/sites\/14\/2020\/11\/COMPETENCIA-SANITARIA-YA-614x1024.jpg 614w, https:\/\/www.cgt-lkn.org\/nafarroa\/wp-content\/uploads\/sites\/14\/2020\/11\/COMPETENCIA-SANITARIA-YA-180x300.jpg 180w, https:\/\/www.cgt-lkn.org\/nafarroa\/wp-content\/uploads\/sites\/14\/2020\/11\/COMPETENCIA-SANITARIA-YA-768x1280.jpg 768w, https:\/\/www.cgt-lkn.org\/nafarroa\/wp-content\/uploads\/sites\/14\/2020\/11\/COMPETENCIA-SANITARIA-YA-922x1536.jpg 922w, https:\/\/www.cgt-lkn.org\/nafarroa\/wp-content\/uploads\/sites\/14\/2020\/11\/COMPETENCIA-SANITARIA-YA-400x667.jpg 400w, https:\/\/www.cgt-lkn.org\/nafarroa\/wp-content\/uploads\/sites\/14\/2020\/11\/COMPETENCIA-SANITARIA-YA.jpg 960w\" sizes=\"auto, (max-width: 614px) 100vw, 614px\" \/>El jueves 5 de noviembre, a las 12:00 horas frente al Parlamento de Navarra, hemos convocado una concentraci\u00f3n para exigir al Gobierno de Navarra la asunci\u00f3n de competencias sanitarias respecto de la c\u00e1rcel de Pamplona<\/b>.<\/div>\n<div>Porque la atenci\u00f3n sanitaria a las personas presas en la c\u00e1rcel de Pamplona debe garantizarse en iguales condiciones que al resto de la poblaci\u00f3n, porque la vida y la salud de las personas presas no pueden quedar supeditadas a los ritmos y trabas burocr\u00e1ticas, porque no se puede demorar m\u00e1s esta situaci\u00f3n os animamos a participar en la concentraci\u00f3n.<\/div>\n<p>\u00a0<\/p>\n","protected":false},"excerpt":{"rendered":"<p>El jueves 5 de noviembre, a las 12:00 horas frente al Parlamento de Navarra, hemos convocado una concentraci\u00f3n para exigir<\/p>\n","protected":false},"author":24,"featured_media":9091,"comment_status":"closed","ping_status":"open","sticky":false,"template":"","format":"standard","meta":{"footnotes":""},"categories":[32],"tags":[],"class_list":["post-9090","post","type-post","status-publish","format-standard","has-post-thumbnail","hentry","category-derechos-sociales"],"_links":{"self":[{"href":"https:\/\/www.cgt-lkn.org\/nafarroa\/wp-json\/wp\/v2\/posts\/9090","targetHints":{"allow":["GET"]}}],"collection":[{"href":"https:\/\/www.cgt-lkn.org\/nafarroa\/wp-json\/wp\/v2\/posts"}],"about":[{"href":"https:\/\/www.cgt-lkn.org\/nafarroa\/wp-json\/wp\/v2\/types\/post"}],"author":[{"embeddable":true,"href":"https:\/\/www.cgt-lkn.org\/nafarroa\/wp-json\/wp\/v2\/users\/24"}],"replies":[{"embeddable":true,"href":"https:\/\/www.cgt-lkn.org\/nafarroa\/wp-json\/wp\/v2\/comments?post=9090"}],"version-history":[{"count":1,"href":"https:\/\/www.cgt-lkn.org\/nafarroa\/wp-json\/wp\/v2\/posts\/9090\/revisions"}],"predecessor-version":[{"id":9092,"href":"https:\/\/www.cgt-lkn.org\/nafarroa\/wp-json\/wp\/v2\/posts\/9090\/revisions\/9092"}],"wp:featuredmedia":[{"embeddable":true,"href":"https:\/\/www.cgt-lkn.org\/nafarroa\/wp-json\/wp\/v2\/media\/9091"}],"wp:attachment":[{"href":"https:\/\/www.cgt-lkn.org\/nafarroa\/wp-json\/wp\/v2\/media?parent=9090"}],"wp:term":[{"taxonomy":"category","embeddable":true,"href":"https:\/\/www.cgt-lkn.org\/nafarroa\/wp-json\/wp\/v2\/categories?post=9090"},{"taxonomy":"post_tag","embeddable":true,"href":"https:\/\/www.cgt-lkn.org\/nafarroa\/wp-json\/wp\/v2\/tags?post=9090"}],"curies":[{"name":"wp","href":"https:\/\/api.w.org\/{rel}","templated":true}]}}