{"id":8971,"date":"2020-07-29T10:39:00","date_gmt":"2020-07-29T09:39:00","guid":{"rendered":"http:\/\/www.cgt-lkn.org\/nafarroa\/?p=8971"},"modified":"2020-07-29T10:39:02","modified_gmt":"2020-07-29T09:39:02","slug":"martes-al-sol-celebra-su-8o-aniversario","status":"publish","type":"post","link":"https:\/\/www.cgt-lkn.org\/nafarroa\/blog\/2020\/07\/29\/martes-al-sol-celebra-su-8o-aniversario\/","title":{"rendered":"Martes al sol celebra su 8\u00ba aniversario"},"content":{"rendered":"\n<p><img loading=\"lazy\" decoding=\"async\" class=\" wp-image-8972 aligncenter\" src=\"https:\/\/www.cgt-lkn.org\/nafarroa1\/wp-content\/uploads\/sites\/14\/2020\/07\/abuztua-sol-agosto-20-1.png\" alt=\"\" width=\"487\" height=\"689\" srcset=\"https:\/\/www.cgt-lkn.org\/nafarroa\/wp-content\/uploads\/sites\/14\/2020\/07\/abuztua-sol-agosto-20-1.png 724w, https:\/\/www.cgt-lkn.org\/nafarroa\/wp-content\/uploads\/sites\/14\/2020\/07\/abuztua-sol-agosto-20-1-212x300.png 212w, https:\/\/www.cgt-lkn.org\/nafarroa\/wp-content\/uploads\/sites\/14\/2020\/07\/abuztua-sol-agosto-20-1-400x566.png 400w\" sizes=\"auto, (max-width: 487px) 100vw, 487px\" \/><\/p>\n<p><iframe loading=\"lazy\" title=\"Urteurrena 8 Aniversario  de ???????????????????????? ???????? ????????????\" width=\"700\" height=\"525\" src=\"https:\/\/www.youtube.com\/embed\/o9nUYNgqqrk?start=7&#038;feature=oembed\" frameborder=\"0\" allow=\"accelerometer; autoplay; clipboard-write; encrypted-media; gyroscope; picture-in-picture; web-share\" referrerpolicy=\"strict-origin-when-cross-origin\" allowfullscreen><\/iframe><\/p>\n<p><strong>Texto de Martes al Sol en su 8\u00ba aniversario:<\/strong><\/p>\n<p>El 4 de agosto Martes al Sol celebraremos nuestro octavo aniversario en este curso at\u00edpico 2019\/2020.<br \/>Los primeros martes de mes, a las 19 horas, en Carlos III frente a Diputaci\u00f3n, Martes al Sol nos juntamos en una concentraci\u00f3n-asamblea, ocupando el espacio p\u00fablico para denunciar nuestro cada vez m\u00e1s injusto e irracional modelo social, recogiendo los temas que van a estar en la calle en el mes correspondiente, a los que hacemos de altavoz a trav\u00e9s de los organismos que los protagonizan, y sirviendo de espacio de encuentro y reflexi\u00f3n. Naturalmente, al margen de los temas programados, es un espacio abierto a la aportaci\u00f3n de cualquiera de las personas que en \u00e9l participan.<br \/>El eje que nos vertebra es el incremento de la pobreza y las desigualdades, producidas por una econom\u00eda en la que el beneficio se impone a la satisfacci\u00f3n de las necesidades de las personas. Signo de esa marcha social en declive es el que muchos de los temas lejos de resolverse se reiteran y agraven: migraciones, vivienda, pensiones, precariedades, mujer, y juventud, deuda, deterioro de la sanidad y la educaci\u00f3n\u2026, mientras que el dinero p\u00fablico se despilfarra en macro-proyectos, de los que el TAV puede ser el m\u00e1s emblem\u00e1tico, en un pretendido desarrollismo, esclavo de la competitividad y sin ninguna autonom\u00eda econ\u00f3mica. Un insensato ir a M\u00c1S que cada d\u00eda deja en la cuneta a mayores sectores sociales, arrasa el planeta, deteriora el medio ambiente y no es ajeno al surgimiento y difusi\u00f3n de la actual pandemia coronav\u00edrica. La aparici\u00f3n entre nosotrxs de movimientos como Alianza por el Clima es un dato positivo al que intentamos acoger en nuestras actividades.<br \/>Son temas que procuramos que est\u00e9n presentes en todas las movilizaciones, como la desarrollada en la huelga del 30 de enero impulsando un \u201cpiquete social\u201d, junto con todos los organismos que trabajan esos temas mencionados.<br \/>Este curso de estado de alarma, confinamiento y restricciones de libertades hemos dejado de desarrollar nuestras concentraciones de abril y mayo y el recordatorio de la cat\u00e1strofe, para nosotrxs muy significativa, de Bangladesh. Hemos intentado suplir esa carencia mediante eventos virtuales, lo que nunca es lo mismo, y r\u00e1pidamente hemos tratado de recuperar nuestra actividad lo m\u00e1s normalizada posible, procurando que la seguridad y la protecci\u00f3n no nos paralicen.<br \/>La reactivaci\u00f3n de la actividad social, siempre central, es en este momento m\u00e1s imprescindible. El tratamiento dado al coronavirus va a significar una \u201ccrisis\u201d en nada inferior a otras precedentes; estas crisis los poderes econ\u00f3micos y pol\u00edticos las afrontan tratando de relanzar el modelo desarrollista, exigiendo sacrificios que recaen con mayor peso sobre quienes est\u00e1n peor situados en la escala social, ampliando y acentuando las pobrezas severas y las desigualdades. Para Martes al Sol esta crisis -con todas las alarmas de todo tipo que el coronavirus ha desatado y con las reflexiones que el confinamiento y la sensaci\u00f3n de peligro han propiciado- es la ocasi\u00f3n para una reorientaci\u00f3n de nuestro modelo econ\u00f3mico y social. Una austeridad, un aminoramiento del consumo pod\u00edamos considerarlo sensato si se aplica sensatamente, si se dirige al mucho gasto superfluo, si garantiza la cobertura de las necesidades b\u00e1sicas de las personas, de todas las personas. Como dice nuestro lema: \u201cContra las desigualdades sociales. Pobreziarik ez\u201d.\u00a0<br \/>Que esta crisis no la paguen quienes est\u00e1n m\u00e1s empobrecidas.<br \/>El 4 de agosto la celebraci\u00f3n de nuestro octavo aniversario tambi\u00e9n ser\u00e1 at\u00edpica.\u00a0<br \/>Ser\u00e1 celebraci\u00f3n el hecho de juntarnos para darnos renovados impulsos. Invitamos al conjunto de la sociedad, de forma especial a las personas y organismos que vienen participando en algunas de nuestras actividades: lxs amigxs de las PAHs, de la Red de Lucha contra la Pobreza, de los grupos de mujeres, del Consejo de la Juventud, de SOS Racismo, Pamplona Ciudad de Acogida, Papeles Denontzat, de la Red de Autodefensa Laboral, de la Plataforma Navarra de Salud, de Alianza por el Clima, de Mugitu, Nafarroa Bizirik, colectivos de pensionistas, \u2026 y todas las personas que durante el a\u00f1o nos acompa\u00f1an.<\/p>\n","protected":false},"excerpt":{"rendered":"<p>Texto de Martes al Sol en su 8\u00ba aniversario: El 4 de agosto Martes al Sol celebraremos nuestro octavo aniversario<\/p>\n","protected":false},"author":24,"featured_media":8972,"comment_status":"closed","ping_status":"open","sticky":false,"template":"","format":"standard","meta":{"footnotes":""},"categories":[32],"tags":[],"class_list":["post-8971","post","type-post","status-publish","format-standard","has-post-thumbnail","hentry","category-derechos-sociales"],"_links":{"self":[{"href":"https:\/\/www.cgt-lkn.org\/nafarroa\/wp-json\/wp\/v2\/posts\/8971","targetHints":{"allow":["GET"]}}],"collection":[{"href":"https:\/\/www.cgt-lkn.org\/nafarroa\/wp-json\/wp\/v2\/posts"}],"about":[{"href":"https:\/\/www.cgt-lkn.org\/nafarroa\/wp-json\/wp\/v2\/types\/post"}],"author":[{"embeddable":true,"href":"https:\/\/www.cgt-lkn.org\/nafarroa\/wp-json\/wp\/v2\/users\/24"}],"replies":[{"embeddable":true,"href":"https:\/\/www.cgt-lkn.org\/nafarroa\/wp-json\/wp\/v2\/comments?post=8971"}],"version-history":[{"count":1,"href":"https:\/\/www.cgt-lkn.org\/nafarroa\/wp-json\/wp\/v2\/posts\/8971\/revisions"}],"predecessor-version":[{"id":8973,"href":"https:\/\/www.cgt-lkn.org\/nafarroa\/wp-json\/wp\/v2\/posts\/8971\/revisions\/8973"}],"wp:featuredmedia":[{"embeddable":true,"href":"https:\/\/www.cgt-lkn.org\/nafarroa\/wp-json\/wp\/v2\/media\/8972"}],"wp:attachment":[{"href":"https:\/\/www.cgt-lkn.org\/nafarroa\/wp-json\/wp\/v2\/media?parent=8971"}],"wp:term":[{"taxonomy":"category","embeddable":true,"href":"https:\/\/www.cgt-lkn.org\/nafarroa\/wp-json\/wp\/v2\/categories?post=8971"},{"taxonomy":"post_tag","embeddable":true,"href":"https:\/\/www.cgt-lkn.org\/nafarroa\/wp-json\/wp\/v2\/tags?post=8971"}],"curies":[{"name":"wp","href":"https:\/\/api.w.org\/{rel}","templated":true}]}}