{"id":8891,"date":"2020-05-28T16:20:33","date_gmt":"2020-05-28T15:20:33","guid":{"rendered":"http:\/\/www.cgt-lkn.org\/nafarroa\/?p=8891"},"modified":"2020-05-28T16:21:42","modified_gmt":"2020-05-28T15:21:42","slug":"plataforma-navarra-de-salud-concertacion-y-atencion-a-pacientes-covid-19-en-navarra","status":"publish","type":"post","link":"https:\/\/www.cgt-lkn.org\/nafarroa\/blog\/2020\/05\/28\/plataforma-navarra-de-salud-concertacion-y-atencion-a-pacientes-covid-19-en-navarra\/","title":{"rendered":"Plataforma Navarra de Salud: Concertaci\u00f3n y atenci\u00f3n a pacientes Covid-19 en Navarra"},"content":{"rendered":"\n<h5 class=\"post-title entry-title\">Extra\u00eddo de:<a href=\"http:\/\/nafarroakosasunplataforma.blogspot.com\/2020\/05\/concertacion-y-atencion-pacientes-covid.html\"> http:\/\/nafarroakosasunplataforma.blogspot.com\/2020\/05\/concertacion-y-atencion-pacientes-covid.html<\/a><\/h5>\n<div id=\"post-body-2343863815660027326\" class=\"post-body entry-content\">\n<div>La Plataforma Navarra de Salud\/Nafarroako Osasun Plataforma, ha podido conocer la respuesta dada el 26 de mayo de 2020, por parte del Servicio de Atenci\u00f3n Ciudadana y Pacientes del Servicio Navarro de Salud-Osasunbidea a una serie de cuestiones que realiz\u00f3 a t\u00edtulo individual uno de sus miembros, en referencia a la atenci\u00f3n a pacientes afectados por Covid-19 derivados de la red sanitaria p\u00fablica a la privada.<\/div>\n<div>\u00a0<\/div>\n<div>Si bien algunas cuestiones han quedado sin respuesta por distintos motivos, desde esta Plataforma nos queremos referir a los aspectos en los que encontramos alguna certeza.<\/div>\n<div>\u00a0<\/div>\n<div>En primer lugar, respecto a la facturaci\u00f3n de dichas derivaciones, se informa de que \u201cel coste de la atenci\u00f3n en centros concertados se va a pagar seg\u00fan tarifas contratadas con cada centro, incrementado en un porcentaje similar al sobrecoste que supone el paciente COVID respecto al paciente no COVID. Dicho similar al sobrecoste se va a calcular tomando como referencia el coste de los \u00faltimos pacientes ingresados en el Complejo Hospitalario de Navarra. En cuanto al total del gasto, todav\u00eda se est\u00e1 en per\u00edodo de negociaciones y no se ha cerrado ninguna cantidad, a la espera de identificaci\u00f3n de los costes en los hospitales de la red p\u00fablica.\u201d<\/div>\n<div>\u00a0<\/div>\n<div>Por otra parte, respecto a los procesos cl\u00ednicos atendidos, se dice que \u201cLas entidades con las que se ha contado para la atenci\u00f3n de pacientes derivados y el n\u00famero de personas atendidas han sido: Cl\u00ednica Universidad de Navarra: 154; Hospital San Juan de Dios: 147; Cl\u00ednica San Miguel-CSM: 52. \u2026 En cuanto a los test realizados en dichos centros: \u2026 Cada centro tiene su propio protocolo de realizaci\u00f3n de test, y hay que destacar que la mayor\u00eda de los pacientes ingresaban ya con el test realizado en el propio Complejo Hospitalario de Navarra.\u201d<\/div>\n<div>\u00a0<\/div>\n<div>Ante estos datos, queremos manifestar:<\/div>\n<div>\u00a0<\/div>\n<div>1-Que el papel de la red privada en el afrontamiento de la pandemia, a tenor de los casos atendidos: 353, ha sido muy secundario. Decir que a fecha de 22 de mayo, el Complejo Hospitalario aportaba respecto a los pacientes atendidos en sus centros, los siguientes datos de atenci\u00f3n: 81 personas ingresadas, 975 altas, 185 fallecimientos, 168 traslados a otros centros y 34 traslados a centros de atenci\u00f3n socio-sanitaria. Si sumamos a estos datos los pacientes atendidos en los hospitales Reina Sof\u00eda y Garc\u00eda Orcoyen y los atendidos por la red de Atenci\u00f3n Primaria, se constata que es la sanidad p\u00fablica la que ha soportado la ingente presi\u00f3n asistencial derivada del Covid-19.\u00a0<\/div>\n<div>\u00a0<\/div>\n<div>2-Los centros privados van a lucrarse de la atenci\u00f3n a pacientes con Covid-19 pues se les pagar\u00e1 por dicha atenci\u00f3n en base al precio concertado, del cual, como entidades privadas que son, obtienen un lucro. Dicho lucro se garantiza pues se va a calcular un porcentaje que a\u00f1adir al precio habitual, en base a los costes de la atenci\u00f3n al Covid-19. Es decir, no aportan nada, no arriesgan nada, no tenemos nada que agradecerles. Transferirles pacientes supone m\u00e1s bien un rescate para estos centros, en un momento en el que la actividad sanitaria privada estaba totalmente paralizada.<\/div>\n<div>\u00a0<\/div>\n<div>3-Respecto a los test, resulta incomprensible que no haya criterios unificados exigibles a todos los centros en base a los criterios de quien paga (osasunbidea), en un momento en que los recursos han sido escasos y debieran haberse puesto en disposici\u00f3n de una planificaci\u00f3n p\u00fablica. El hecho de que la mayor\u00eda de los pacientes ya ingresase en los centros privados con el test hecho en la red p\u00fablica nos se\u00f1ala m\u00e1s costes asumidos por el sistema p\u00fablico y no por el privado. Algo similar se entiende que sucede con la atenci\u00f3n en Urgencias, la cual ha tenido que ser soportada casi \u00edntegramente por la red p\u00fablica.<\/div>\n<div>\u00a0<\/div>\n<div>Por todo lo expuesto, reclamamos una auditor\u00eda p\u00fablica a trav\u00e9s de la cual la ciudadan\u00eda pueda conocer c\u00f3mo, qui\u00e9n y por cu\u00e1nto se ha atendido esta pandemia en Navarra. Asimismo, reclamamos que se den las iniciativas sociales, sindicales y pol\u00edticas que sean necesarias para blindar el sistema sanitario p\u00fablico frente a una red privada que consume recursos de todas y todos para su propio beneficio, impidiendo as\u00ed que Osasunbidea se fortalezca, algo que, como hemos visto en esta pandemia, resulta de la mayor importancia para la salud de la poblaci\u00f3n<\/div>\n<\/div>\n","protected":false},"excerpt":{"rendered":"<p>Extra\u00eddo de: http:\/\/nafarroakosasunplataforma.blogspot.com\/2020\/05\/concertacion-y-atencion-pacientes-covid.html La Plataforma Navarra de Salud\/Nafarroako Osasun Plataforma, ha podido conocer la respuesta dada el 26 de mayo<\/p>\n","protected":false},"author":24,"featured_media":4580,"comment_status":"closed","ping_status":"open","sticky":false,"template":"","format":"standard","meta":{"footnotes":""},"categories":[32,1],"tags":[],"class_list":["post-8891","post","type-post","status-publish","format-standard","has-post-thumbnail","hentry","category-derechos-sociales","category-sin-categoria"],"_links":{"self":[{"href":"https:\/\/www.cgt-lkn.org\/nafarroa\/wp-json\/wp\/v2\/posts\/8891","targetHints":{"allow":["GET"]}}],"collection":[{"href":"https:\/\/www.cgt-lkn.org\/nafarroa\/wp-json\/wp\/v2\/posts"}],"about":[{"href":"https:\/\/www.cgt-lkn.org\/nafarroa\/wp-json\/wp\/v2\/types\/post"}],"author":[{"embeddable":true,"href":"https:\/\/www.cgt-lkn.org\/nafarroa\/wp-json\/wp\/v2\/users\/24"}],"replies":[{"embeddable":true,"href":"https:\/\/www.cgt-lkn.org\/nafarroa\/wp-json\/wp\/v2\/comments?post=8891"}],"version-history":[{"count":1,"href":"https:\/\/www.cgt-lkn.org\/nafarroa\/wp-json\/wp\/v2\/posts\/8891\/revisions"}],"predecessor-version":[{"id":8892,"href":"https:\/\/www.cgt-lkn.org\/nafarroa\/wp-json\/wp\/v2\/posts\/8891\/revisions\/8892"}],"wp:featuredmedia":[{"embeddable":true,"href":"https:\/\/www.cgt-lkn.org\/nafarroa\/wp-json\/wp\/v2\/media\/4580"}],"wp:attachment":[{"href":"https:\/\/www.cgt-lkn.org\/nafarroa\/wp-json\/wp\/v2\/media?parent=8891"}],"wp:term":[{"taxonomy":"category","embeddable":true,"href":"https:\/\/www.cgt-lkn.org\/nafarroa\/wp-json\/wp\/v2\/categories?post=8891"},{"taxonomy":"post_tag","embeddable":true,"href":"https:\/\/www.cgt-lkn.org\/nafarroa\/wp-json\/wp\/v2\/tags?post=8891"}],"curies":[{"name":"wp","href":"https:\/\/api.w.org\/{rel}","templated":true}]}}