{"id":799,"date":"2013-08-30T13:03:19","date_gmt":"2013-08-30T11:03:19","guid":{"rendered":"http:\/\/www.cgt-lkn.org\/nafarroa\/?p=799"},"modified":"2013-08-30T13:03:19","modified_gmt":"2013-08-30T11:03:19","slug":"los-martes-al-sol-2","status":"publish","type":"post","link":"https:\/\/www.cgt-lkn.org\/nafarroa\/blog\/2013\/08\/30\/los-martes-al-sol-2\/","title":{"rendered":"LOS MARTES AL SOL"},"content":{"rendered":"<p><a href=\"https:\/\/www.cgt-lkn.org\/nafarroa1\/wp-content\/uploads\/sites\/14\/2013\/07\/martesalsol-2013-04-02-cartel-xxxx80-copia-500xXx80.jpg\"><img loading=\"lazy\" decoding=\"async\" class=\"alignleft size-medium wp-image-715\" alt=\"martesalsol-2013-04-02-cartel-xxxx80-copia-500xXx80\" src=\"https:\/\/www.cgt-lkn.org\/nafarroa1\/wp-content\/uploads\/sites\/14\/2013\/07\/martesalsol-2013-04-02-cartel-xxxx80-copia-500xXx80-300x219.jpg\" width=\"300\" height=\"219\" \/><\/a>El primer martes de cada mes, como viene siendo habitual, \u00abLos Martes al Sol\u00bb, se re\u00fanen para realizar una Concentraci\u00f3n-Asamblea en Avenida de Carlos III (delante de Diputaci\u00f3n) en Iru\u00f1a. La pr\u00f3xima cita tendr\u00e1 lugar el martes 3 de septiembre, a las 19:00 horas en el anteriormente citado lugar. \u00a0Es importante tu\/ nuestra presencia.<\/p>\n<p>Pasate participa y difunde<\/p>\n","protected":false},"excerpt":{"rendered":"<p>El primer martes de cada mes, como viene siendo habitual, \u00abLos Martes al Sol\u00bb, se re\u00fanen para realizar una Concentraci\u00f3n-Asamblea<\/p>\n","protected":false},"author":24,"featured_media":0,"comment_status":"closed","ping_status":"open","sticky":false,"template":"","format":"standard","meta":{"footnotes":""},"categories":[7,32,75],"tags":[],"class_list":["post-799","post","type-post","status-publish","format-standard","hentry","category-cgt","category-derechos-sociales","category-movilizaciones"],"_links":{"self":[{"href":"https:\/\/www.cgt-lkn.org\/nafarroa\/wp-json\/wp\/v2\/posts\/799","targetHints":{"allow":["GET"]}}],"collection":[{"href":"https:\/\/www.cgt-lkn.org\/nafarroa\/wp-json\/wp\/v2\/posts"}],"about":[{"href":"https:\/\/www.cgt-lkn.org\/nafarroa\/wp-json\/wp\/v2\/types\/post"}],"author":[{"embeddable":true,"href":"https:\/\/www.cgt-lkn.org\/nafarroa\/wp-json\/wp\/v2\/users\/24"}],"replies":[{"embeddable":true,"href":"https:\/\/www.cgt-lkn.org\/nafarroa\/wp-json\/wp\/v2\/comments?post=799"}],"version-history":[{"count":2,"href":"https:\/\/www.cgt-lkn.org\/nafarroa\/wp-json\/wp\/v2\/posts\/799\/revisions"}],"predecessor-version":[{"id":801,"href":"https:\/\/www.cgt-lkn.org\/nafarroa\/wp-json\/wp\/v2\/posts\/799\/revisions\/801"}],"wp:attachment":[{"href":"https:\/\/www.cgt-lkn.org\/nafarroa\/wp-json\/wp\/v2\/media?parent=799"}],"wp:term":[{"taxonomy":"category","embeddable":true,"href":"https:\/\/www.cgt-lkn.org\/nafarroa\/wp-json\/wp\/v2\/categories?post=799"},{"taxonomy":"post_tag","embeddable":true,"href":"https:\/\/www.cgt-lkn.org\/nafarroa\/wp-json\/wp\/v2\/tags?post=799"}],"curies":[{"name":"wp","href":"https:\/\/api.w.org\/{rel}","templated":true}]}}