{"id":724,"date":"2013-08-02T13:15:15","date_gmt":"2013-08-02T11:15:15","guid":{"rendered":"http:\/\/www.cgt-lkn.org\/nafarroa\/?p=724"},"modified":"2013-08-20T18:41:55","modified_gmt":"2013-08-20T16:41:55","slug":"las-personas-tambien-somos-medio-ambiente","status":"publish","type":"post","link":"https:\/\/www.cgt-lkn.org\/nafarroa\/blog\/2013\/08\/02\/las-personas-tambien-somos-medio-ambiente\/","title":{"rendered":"Las personas tambi\u00e9n somos medio ambiente"},"content":{"rendered":"<p>\u00a0La Fundaci\u00f3n Sustrai hizo publica la sentencia por la que declaraba ilegales la obras de TAV en Nafarroa, al caducar la declaraci\u00f3n de impacto ambiental, que tiene una validez de 5 a\u00f1os. \u00a0Lo novedoso de esta sentencia, es por un lado que se aplica por primera \u00a0vez a una administraci\u00f3n publica, hasta ahora solo se le aplicaba a las entidades privadas. Por otro lado seg\u00fan explicaba el abogado Eduardo Santos, de Sustrai tambi\u00e9n se recoge que y esto es lo llamativo \u00abuna declaraci\u00f3n de impacto ambiental no va solamente dirigida a la flora y la fauna\u00bb. Los seres humanos tambi\u00e9n formamos parte del ecosistema que queremos proteger, y por tanto al evaluar el impacto ambiental, tambi\u00e9n hay que tener en cuenta a las personas \u00bb en que afecta a nuestras vidas los cambios que se producen tras una obra de gran envergadura, consecuencias econ\u00f3micas h\u00e1bitat costumbres etc etc.<\/p>\n<p>Pese a tener conocimiento de esta cuesti\u00f3n el gobierno foral prosigui\u00f3 con las obras. \u00a0El ex-presidente \u00a0Miguel Sanz firm\u00f3 un pacto con el ahora indultado Pp Blanco, por el que el gobierno navarro asum\u00eda una obra que no es de su competencia, y que esta siendo mantenida a base de cr\u00e9ditos y recortes.<\/p>\n<p>Ahora la cuesti\u00f3n es saber si se detendr\u00e1n las obras en espera del pertinente recurso, o si por el contrario la justicia actuar\u00e1 como el caso del pantano de Itoitz en el que la justicia impuso una fianza multimillonaria a la parte demandante para que se pudieran parar unas obras en ese momento eran ilegales y siempre ilegitimas.<\/p>\n<p><img loading=\"lazy\" decoding=\"async\" alt=\"Obras Tav\" src=\"https:\/\/www.irekia.euskadi.net\/assets\/cover_photos\/7508\/n700\/cronica_obras_tav.jpg?1317381499\" width=\"700\" height=\"394\" \/><\/p>\n","protected":false},"excerpt":{"rendered":"<p>\u00a0La Fundaci\u00f3n Sustrai hizo publica la sentencia por la que declaraba ilegales la obras de TAV en Nafarroa, al caducar<\/p>\n","protected":false},"author":24,"featured_media":0,"comment_status":"open","ping_status":"open","sticky":false,"template":"","format":"standard","meta":{"footnotes":""},"categories":[1],"tags":[179,178,180,181],"class_list":["post-724","post","type-post","status-publish","format-standard","hentry","category-sin-categoria","tag-ahttav","tag-sustrai-fundazioa","tag-tribunales","tag-videos"],"_links":{"self":[{"href":"https:\/\/www.cgt-lkn.org\/nafarroa\/wp-json\/wp\/v2\/posts\/724","targetHints":{"allow":["GET"]}}],"collection":[{"href":"https:\/\/www.cgt-lkn.org\/nafarroa\/wp-json\/wp\/v2\/posts"}],"about":[{"href":"https:\/\/www.cgt-lkn.org\/nafarroa\/wp-json\/wp\/v2\/types\/post"}],"author":[{"embeddable":true,"href":"https:\/\/www.cgt-lkn.org\/nafarroa\/wp-json\/wp\/v2\/users\/24"}],"replies":[{"embeddable":true,"href":"https:\/\/www.cgt-lkn.org\/nafarroa\/wp-json\/wp\/v2\/comments?post=724"}],"version-history":[{"count":5,"href":"https:\/\/www.cgt-lkn.org\/nafarroa\/wp-json\/wp\/v2\/posts\/724\/revisions"}],"predecessor-version":[{"id":726,"href":"https:\/\/www.cgt-lkn.org\/nafarroa\/wp-json\/wp\/v2\/posts\/724\/revisions\/726"}],"wp:attachment":[{"href":"https:\/\/www.cgt-lkn.org\/nafarroa\/wp-json\/wp\/v2\/media?parent=724"}],"wp:term":[{"taxonomy":"category","embeddable":true,"href":"https:\/\/www.cgt-lkn.org\/nafarroa\/wp-json\/wp\/v2\/categories?post=724"},{"taxonomy":"post_tag","embeddable":true,"href":"https:\/\/www.cgt-lkn.org\/nafarroa\/wp-json\/wp\/v2\/tags?post=724"}],"curies":[{"name":"wp","href":"https:\/\/api.w.org\/{rel}","templated":true}]}}