{"id":6462,"date":"2017-05-15T14:26:09","date_gmt":"2017-05-15T13:26:09","guid":{"rendered":"http:\/\/www.cgt-lkn.org\/nafarroa\/?p=6462"},"modified":"2017-05-15T14:29:35","modified_gmt":"2017-05-15T13:29:35","slug":"19-de-mayo-proyeccion-de-el-tiempo-de-las-cerezas","status":"publish","type":"post","link":"https:\/\/www.cgt-lkn.org\/nafarroa\/blog\/2017\/05\/15\/19-de-mayo-proyeccion-de-el-tiempo-de-las-cerezas\/","title":{"rendered":"19 de mayo: proyecci\u00f3n de \u00abEl tiempo de las cerezas\u00bb"},"content":{"rendered":"<p style=\"text-align: justify;\"><a href=\"https:\/\/www.cgt-lkn.org\/nafarroa1\/wp-content\/uploads\/sites\/14\/2017\/05\/Cartel-Tiempo-cerezas-19-MAYO.jpg\"><img loading=\"lazy\" decoding=\"async\" class=\"size-large wp-image-6463 aligncenter\" src=\"https:\/\/www.cgt-lkn.org\/nafarroa1\/wp-content\/uploads\/sites\/14\/2017\/05\/Cartel-Tiempo-cerezas-19-MAYO-724x1024.jpg\" alt=\"\" width=\"640\" height=\"905\" srcset=\"https:\/\/www.cgt-lkn.org\/nafarroa\/wp-content\/uploads\/sites\/14\/2017\/05\/Cartel-Tiempo-cerezas-19-MAYO-724x1024.jpg 724w, https:\/\/www.cgt-lkn.org\/nafarroa\/wp-content\/uploads\/sites\/14\/2017\/05\/Cartel-Tiempo-cerezas-19-MAYO-212x300.jpg 212w, https:\/\/www.cgt-lkn.org\/nafarroa\/wp-content\/uploads\/sites\/14\/2017\/05\/Cartel-Tiempo-cerezas-19-MAYO-768x1086.jpg 768w, https:\/\/www.cgt-lkn.org\/nafarroa\/wp-content\/uploads\/sites\/14\/2017\/05\/Cartel-Tiempo-cerezas-19-MAYO-400x566.jpg 400w, https:\/\/www.cgt-lkn.org\/nafarroa\/wp-content\/uploads\/sites\/14\/2017\/05\/Cartel-Tiempo-cerezas-19-MAYO.jpg 819w\" sizes=\"auto, (max-width: 640px) 100vw, 640px\" \/><\/a>Este 19 de mayo, a las 19h en el local de CGT-Nafarroa (C\/Santa Alodia 7-bajo), proyectaremos el documental \u00abEl tiempo de las cerezas. 1977-1979, eclosi\u00f3n libertaria.\u00bb, realizado por nuestro compa\u00f1ero Juan Felipe, quien lleva m\u00e1s de un a\u00f1o viajando para presentarlo. As\u00ed pues, en el coloquio tendremos la ocasi\u00f3n de escuchar qu\u00e9 impresiones ha sacado durante las m\u00faltiples proyecciones en las que ha participado, en estrecho contacto con el actual y diverso mundo libertario.<\/p>\n<p style=\"text-align: justify;\"><strong>SINOPSIS:<\/strong><\/p>\n<p style=\"text-align: justify;\">Le temps des cerises es una antigua canci\u00f3n de amor que se convirti\u00f3 en un himno de la Comuna de Par\u00eds (1871). El tiempo de las cerezas en una buena alegor\u00eda del eterno renacer de la vida y, por ende, de las ideas, de la esperanza. Los tiempos revolucionarios podr\u00e1n ser intensos y breves, y aunque aparentemente sean vencidos, siempre volver\u00e1 a darse otra nueva oportunidad.<br \/>\nEn este documental se aborda una etapa de la historia de este pa\u00eds, que no por muy tratada deja de ser una gran desconocida: la llamada Transici\u00f3n. Y especialmente en lo que ata\u00f1e a la \u00f3ptica libertaria. Pretendemos arrojar luz precisamente sobre uno de los actores sociales de esa \u00e9poca, y menos conocido: el movimiento libertario, pregunt\u00e1ndonos por las condiciones de su auge en estos a\u00f1os y el porqu\u00e9 de su ca\u00edda.<\/p>\n","protected":false},"excerpt":{"rendered":"<p>Este 19 de mayo, a las 19h en el local de CGT-Nafarroa (C\/Santa Alodia 7-bajo), proyectaremos el documental \u00abEl tiempo<\/p>\n","protected":false},"author":24,"featured_media":6463,"comment_status":"closed","ping_status":"open","sticky":false,"template":"","format":"standard","meta":{"footnotes":""},"categories":[184,268],"tags":[],"class_list":["post-6462","post","type-post","status-publish","format-standard","has-post-thumbnail","hentry","category-memoria-2","category-movimiento-libertario"],"_links":{"self":[{"href":"https:\/\/www.cgt-lkn.org\/nafarroa\/wp-json\/wp\/v2\/posts\/6462","targetHints":{"allow":["GET"]}}],"collection":[{"href":"https:\/\/www.cgt-lkn.org\/nafarroa\/wp-json\/wp\/v2\/posts"}],"about":[{"href":"https:\/\/www.cgt-lkn.org\/nafarroa\/wp-json\/wp\/v2\/types\/post"}],"author":[{"embeddable":true,"href":"https:\/\/www.cgt-lkn.org\/nafarroa\/wp-json\/wp\/v2\/users\/24"}],"replies":[{"embeddable":true,"href":"https:\/\/www.cgt-lkn.org\/nafarroa\/wp-json\/wp\/v2\/comments?post=6462"}],"version-history":[{"count":3,"href":"https:\/\/www.cgt-lkn.org\/nafarroa\/wp-json\/wp\/v2\/posts\/6462\/revisions"}],"predecessor-version":[{"id":6466,"href":"https:\/\/www.cgt-lkn.org\/nafarroa\/wp-json\/wp\/v2\/posts\/6462\/revisions\/6466"}],"wp:featuredmedia":[{"embeddable":true,"href":"https:\/\/www.cgt-lkn.org\/nafarroa\/wp-json\/wp\/v2\/media\/6463"}],"wp:attachment":[{"href":"https:\/\/www.cgt-lkn.org\/nafarroa\/wp-json\/wp\/v2\/media?parent=6462"}],"wp:term":[{"taxonomy":"category","embeddable":true,"href":"https:\/\/www.cgt-lkn.org\/nafarroa\/wp-json\/wp\/v2\/categories?post=6462"},{"taxonomy":"post_tag","embeddable":true,"href":"https:\/\/www.cgt-lkn.org\/nafarroa\/wp-json\/wp\/v2\/tags?post=6462"}],"curies":[{"name":"wp","href":"https:\/\/api.w.org\/{rel}","templated":true}]}}