{"id":4512,"date":"2015-12-26T12:40:53","date_gmt":"2015-12-26T11:40:53","guid":{"rendered":"http:\/\/www.cgt-lkn.org\/nafarroa\/?p=4512"},"modified":"2015-12-26T12:41:12","modified_gmt":"2015-12-26T11:41:12","slug":"cgt-nafarroa-se-moviliza-contra-las-horas-extras","status":"publish","type":"post","link":"https:\/\/www.cgt-lkn.org\/nafarroa\/blog\/2015\/12\/26\/cgt-nafarroa-se-moviliza-contra-las-horas-extras\/","title":{"rendered":"CGT-Nafarroa se moviliza contra las horas extras"},"content":{"rendered":"<p align=\"JUSTIFY\"><strong><a href=\"https:\/\/www.cgt-lkn.org\/nafarroa1\/wp-content\/uploads\/sites\/14\/2015\/12\/IMG-20151226-WA0000.jpg\" rel=\"attachment wp-att-4513\"><img loading=\"lazy\" decoding=\"async\" class=\"alignnone size-large wp-image-4513\" src=\"https:\/\/www.cgt-lkn.org\/nafarroa1\/wp-content\/uploads\/sites\/14\/2015\/12\/IMG-20151226-WA0000-1024x598.jpg\" alt=\"IMG-20151226-WA0000\" width=\"640\" height=\"374\" srcset=\"https:\/\/www.cgt-lkn.org\/nafarroa\/wp-content\/uploads\/sites\/14\/2015\/12\/IMG-20151226-WA0000-1024x598.jpg 1024w, https:\/\/www.cgt-lkn.org\/nafarroa\/wp-content\/uploads\/sites\/14\/2015\/12\/IMG-20151226-WA0000-300x175.jpg 300w, https:\/\/www.cgt-lkn.org\/nafarroa\/wp-content\/uploads\/sites\/14\/2015\/12\/IMG-20151226-WA0000-768x448.jpg 768w, https:\/\/www.cgt-lkn.org\/nafarroa\/wp-content\/uploads\/sites\/14\/2015\/12\/IMG-20151226-WA0000-340x200.jpg 340w, https:\/\/www.cgt-lkn.org\/nafarroa\/wp-content\/uploads\/sites\/14\/2015\/12\/IMG-20151226-WA0000-150x88.jpg 150w, https:\/\/www.cgt-lkn.org\/nafarroa\/wp-content\/uploads\/sites\/14\/2015\/12\/IMG-20151226-WA0000-400x234.jpg 400w, https:\/\/www.cgt-lkn.org\/nafarroa\/wp-content\/uploads\/sites\/14\/2015\/12\/IMG-20151226-WA0000.jpg 1144w\" sizes=\"auto, (max-width: 640px) 100vw, 640px\" \/><\/a><\/strong><\/p>\n<p align=\"JUSTIFY\"><strong>26\/12\/2015:<\/strong> El paro es el mayor problema social. Eso dicen todxs, pero el sinverg\u00fcenza de Rajoy propone en campa\u00f1a electoral incentivar el retraso de la edad de jubilaci\u00f3n: que trabajen lxs mayores de 65 a\u00f1os cerrando el paso al empleo a otras personas e incrementando las cifras del paro.<\/p>\n<p align=\"JUSTIFY\">Todo el discurso de llegar a una sociedad m\u00e1s jus ta a trav\u00e9s del crecimiento es falso: conduce al paro, la precariedad y el subempleo; a mayores desigualdades. Nos deval\u00faan la austeridad, vendi\u00e9ndola como recortes en bienes b\u00e1sicos, para crecer en lo superfluo, cuando siempre ha sido lo contrario: prescindir de lo superfluo para atender a lo necesario.<\/p>\n<p align=\"JUSTIFY\">Pero no solo quienes detentan los poderes optan por estas soluciones, pues buena parte de la sociedad en la pr\u00e1ctica, caminamos en la direcci\u00f3n que nos marcan. La barbaridad de horas extras que se meten es una prueba de ello.<\/p>\n<p align=\"JUSTIFY\">CGT, siempre en oposici\u00f3n a cualquier forma de ampliaci\u00f3n de jornada, nos hemos concentrado en el centro de Iru\u00f1a contra las horas extras&#8230;<\/p>\n<p align=\"JUSTIFY\">\u00a1Por mayores cotas de dignidad e igualdad!<\/p>\n<p align=\"JUSTIFY\">\u00a1Por la reducci\u00f3n de jornada y el reparto del empleo!<\/p>\n<p align=\"JUSTIFY\">\u00a1Ninguna hora extra!<\/p>\n<p align=\"JUSTIFY\"><b>ORDU EXTRARIK EZ!!<\/b><\/p>\n","protected":false},"excerpt":{"rendered":"<p>26\/12\/2015: El paro es el mayor problema social. Eso dicen todxs, pero el sinverg\u00fcenza de Rajoy propone en campa\u00f1a electoral<\/p>\n","protected":false},"author":24,"featured_media":4513,"comment_status":"closed","ping_status":"open","sticky":false,"template":"","format":"standard","meta":{"footnotes":""},"categories":[75,211],"tags":[],"class_list":["post-4512","post","type-post","status-publish","format-standard","has-post-thumbnail","hentry","category-movilizaciones","category-reparto-del-trabajo"],"_links":{"self":[{"href":"https:\/\/www.cgt-lkn.org\/nafarroa\/wp-json\/wp\/v2\/posts\/4512","targetHints":{"allow":["GET"]}}],"collection":[{"href":"https:\/\/www.cgt-lkn.org\/nafarroa\/wp-json\/wp\/v2\/posts"}],"about":[{"href":"https:\/\/www.cgt-lkn.org\/nafarroa\/wp-json\/wp\/v2\/types\/post"}],"author":[{"embeddable":true,"href":"https:\/\/www.cgt-lkn.org\/nafarroa\/wp-json\/wp\/v2\/users\/24"}],"replies":[{"embeddable":true,"href":"https:\/\/www.cgt-lkn.org\/nafarroa\/wp-json\/wp\/v2\/comments?post=4512"}],"version-history":[{"count":2,"href":"https:\/\/www.cgt-lkn.org\/nafarroa\/wp-json\/wp\/v2\/posts\/4512\/revisions"}],"predecessor-version":[{"id":4515,"href":"https:\/\/www.cgt-lkn.org\/nafarroa\/wp-json\/wp\/v2\/posts\/4512\/revisions\/4515"}],"wp:featuredmedia":[{"embeddable":true,"href":"https:\/\/www.cgt-lkn.org\/nafarroa\/wp-json\/wp\/v2\/media\/4513"}],"wp:attachment":[{"href":"https:\/\/www.cgt-lkn.org\/nafarroa\/wp-json\/wp\/v2\/media?parent=4512"}],"wp:term":[{"taxonomy":"category","embeddable":true,"href":"https:\/\/www.cgt-lkn.org\/nafarroa\/wp-json\/wp\/v2\/categories?post=4512"},{"taxonomy":"post_tag","embeddable":true,"href":"https:\/\/www.cgt-lkn.org\/nafarroa\/wp-json\/wp\/v2\/tags?post=4512"}],"curies":[{"name":"wp","href":"https:\/\/api.w.org\/{rel}","templated":true}]}}