{"id":4509,"date":"2015-12-24T11:15:56","date_gmt":"2015-12-24T10:15:56","guid":{"rendered":"http:\/\/www.cgt-lkn.org\/nafarroa\/?p=4509"},"modified":"2015-12-24T11:15:56","modified_gmt":"2015-12-24T10:15:56","slug":"xi-semana-de-ddhh-y-migraciones-cronica-y-proxima-campana-calais","status":"publish","type":"post","link":"https:\/\/www.cgt-lkn.org\/nafarroa\/blog\/2015\/12\/24\/xi-semana-de-ddhh-y-migraciones-cronica-y-proxima-campana-calais\/","title":{"rendered":"XI SEMANA DE DDHH Y MIGRACIONES: cr\u00f3nica y pr\u00f3xima campa\u00f1a (CALAIS)"},"content":{"rendered":"<p align=\"JUSTIFY\"><a href=\"https:\/\/www.cgt-lkn.org\/nafarroa1\/wp-content\/uploads\/sites\/14\/2015\/12\/0001.jpg\" rel=\"attachment wp-att-4510\"><img loading=\"lazy\" decoding=\"async\" class=\" wp-image-4510 alignleft\" src=\"https:\/\/www.cgt-lkn.org\/nafarroa1\/wp-content\/uploads\/sites\/14\/2015\/12\/0001-475x1024.jpg\" alt=\"0001\" width=\"368\" height=\"794\" srcset=\"https:\/\/www.cgt-lkn.org\/nafarroa\/wp-content\/uploads\/sites\/14\/2015\/12\/0001-475x1024.jpg 475w, https:\/\/www.cgt-lkn.org\/nafarroa\/wp-content\/uploads\/sites\/14\/2015\/12\/0001-139x300.jpg 139w, https:\/\/www.cgt-lkn.org\/nafarroa\/wp-content\/uploads\/sites\/14\/2015\/12\/0001-768x1656.jpg 768w, https:\/\/www.cgt-lkn.org\/nafarroa\/wp-content\/uploads\/sites\/14\/2015\/12\/0001-70x150.jpg 70w, https:\/\/www.cgt-lkn.org\/nafarroa\/wp-content\/uploads\/sites\/14\/2015\/12\/0001-400x863.jpg 400w, https:\/\/www.cgt-lkn.org\/nafarroa\/wp-content\/uploads\/sites\/14\/2015\/12\/0001.jpg 1100w\" sizes=\"auto, (max-width: 368px) 100vw, 368px\" \/><\/a>En plena crisis migratoria en Europa, del 10 al 19 de diciembre hemos celebrado la XI semana de DDHH y migraciones. Como no pod\u00eda ser de otra forma, en sus actos ha quedado reflejada la tragedia humana que est\u00e1n viviendo esas personas. Abrieron la semana dos conferencias de M\u00e9dicos del Mundo donde se denunci\u00f3 las causas que han propiciado esta masiva migraci\u00f3n hacia Europa, Ricardo Angora, cooperante y miembro de Medios del Mundo, nos cont\u00f3 en qu\u00e9 condiciones viven las personas migrantes que llegan a la isla griega de Lesbos, qu\u00e9 camino tienen que recorrer hasta llegar al norte de Europa, el objetivo de todas ellas y c\u00f3mo las trata la Uni\u00f3n Europea.<\/p>\n<p align=\"JUSTIFY\">Los muros en las fronteras no son cosas nuevas, pero estas \u00faltimas d\u00e9cadas, desde la ca\u00edda del muro de Berl\u00edn cada d\u00eda son m\u00e1s las alambradas que nos cierran el camino. Itziar Garc\u00eda nos presento la pel\u00edcula \u201cMuros\u201d y en el posterior coloquio nos reafirmamos en lo absurdo e inhumano que son todas las fronteras, ya sean alambradas, muros o puntos sobre un papel.<\/p>\n<p align=\"JUSTIFY\">Oxfam Intermon trajo a la Filmoteca de Navarra el documental \u201cDistrito Cero\u201d \u00bfQu\u00e9 esconde el m\u00f3vil de una persona refugiada? Recuerdos, memoria, una identidad, contactos&#8230; Hoy en d\u00eda la vida de una persona se encuentra en el tel\u00e9fono m\u00f3vil.<\/p>\n<p align=\"JUSTIFY\">En esta semana recogimos firmas con Amnist\u00eda Internacional en favor de las personas refugiadas y encarceladas. De la mano de SOS Racismo, A. Unzurrunzaga nos habl\u00f3 de la extrema derecha europea, de la guerra de Siria, y nos quedamos con ganas de o\u00edr m\u00e1s cosas y poder debatir los temas que nos expuso.<\/p>\n<p align=\"JUSTIFY\">El kurdo Gami Mirzo nos in formo de la situaci\u00f3n que est\u00e1 viviendo este milenario pueblo y nos ofreci\u00f3 un delicioso concierto de m\u00fasica. Para acabar con la semana nos regalamos una peque\u00f1a fiesta con caf\u00e9, t\u00e9 y pasta&#8230; y buen ambiente.<\/p>\n<p align=\"JUSTIFY\">Para terminar la cr\u00f3nica de esta semana deciros que en al inicio de la misma se presento la exposici\u00f3n de fotograf\u00edas del XIII premio internacional de fotograf\u00eda humanitaria \u201cLuis V altue\u00f1a\u201d Exposici\u00f3n que aun podemos ver en el palacio del Condestable.<\/p>\n<p align=\"JUSTIFY\"><b>Son tiempos dif\u00edciles para las personas, sean migrantes o no, desde Papeles y Derechos Denontzat y desde la plataforma Iru\u00f1a Ciudad de Acogida, no nos dejamos vencer por el pesimismo y ya estamos preparando una nueva acci\u00f3n. A mediados de Enero nos vamos a Calais (Francia) para llevar nuestra solidaridad a las m\u00e1s de 6.000 personas que viven hacinadas en ese improvisado campo de refugiados. Queremos denunciar la hipocres\u00eda europea que nos habla de democracia y DDHH, pero luego no cumple con los acuerdos internacionales. Os in formaremos para que os sum\u00e9is a las pr\u00f3ximas movilizaciones. <\/b><\/p>\n","protected":false},"excerpt":{"rendered":"<p>En plena crisis migratoria en Europa, del 10 al 19 de diciembre hemos celebrado la XI semana de DDHH y<\/p>\n","protected":false},"author":24,"featured_media":4510,"comment_status":"closed","ping_status":"open","sticky":false,"template":"","format":"standard","meta":{"footnotes":""},"categories":[236],"tags":[],"class_list":["post-4509","post","type-post","status-publish","format-standard","has-post-thumbnail","hentry","category-derechos-humanos"],"_links":{"self":[{"href":"https:\/\/www.cgt-lkn.org\/nafarroa\/wp-json\/wp\/v2\/posts\/4509","targetHints":{"allow":["GET"]}}],"collection":[{"href":"https:\/\/www.cgt-lkn.org\/nafarroa\/wp-json\/wp\/v2\/posts"}],"about":[{"href":"https:\/\/www.cgt-lkn.org\/nafarroa\/wp-json\/wp\/v2\/types\/post"}],"author":[{"embeddable":true,"href":"https:\/\/www.cgt-lkn.org\/nafarroa\/wp-json\/wp\/v2\/users\/24"}],"replies":[{"embeddable":true,"href":"https:\/\/www.cgt-lkn.org\/nafarroa\/wp-json\/wp\/v2\/comments?post=4509"}],"version-history":[{"count":1,"href":"https:\/\/www.cgt-lkn.org\/nafarroa\/wp-json\/wp\/v2\/posts\/4509\/revisions"}],"predecessor-version":[{"id":4511,"href":"https:\/\/www.cgt-lkn.org\/nafarroa\/wp-json\/wp\/v2\/posts\/4509\/revisions\/4511"}],"wp:featuredmedia":[{"embeddable":true,"href":"https:\/\/www.cgt-lkn.org\/nafarroa\/wp-json\/wp\/v2\/media\/4510"}],"wp:attachment":[{"href":"https:\/\/www.cgt-lkn.org\/nafarroa\/wp-json\/wp\/v2\/media?parent=4509"}],"wp:term":[{"taxonomy":"category","embeddable":true,"href":"https:\/\/www.cgt-lkn.org\/nafarroa\/wp-json\/wp\/v2\/categories?post=4509"},{"taxonomy":"post_tag","embeddable":true,"href":"https:\/\/www.cgt-lkn.org\/nafarroa\/wp-json\/wp\/v2\/tags?post=4509"}],"curies":[{"name":"wp","href":"https:\/\/api.w.org\/{rel}","templated":true}]}}