{"id":393,"date":"2013-06-26T05:21:00","date_gmt":"2013-06-26T03:21:00","guid":{"rendered":"http:\/\/www.cgt-lkn.org\/nafarroa\/blog\/2013\/06\/26\/26-junio-2013-concentracion-contra-los-recortes-en-sanidad\/"},"modified":"2013-07-01T10:21:20","modified_gmt":"2013-07-01T08:21:20","slug":"26-junio-2013-concentracion-contra-los-recortes-en-sanidad","status":"publish","type":"post","link":"https:\/\/www.cgt-lkn.org\/nafarroa\/blog\/2013\/06\/26\/26-junio-2013-concentracion-contra-los-recortes-en-sanidad\/","title":{"rendered":"26 JUNIO 2013: CONCENTRACI\u00d3N CONTRA LOS RECORTES EN SANIDAD"},"content":{"rendered":"<div><a href=\"http:\/\/1.bp.blogspot.com\/-fsa9splyHp0\/UcpdvslO_ZI\/AAAAAAAAB7E\/QqF1gjK7eaE\/s1600\/Concentraci%C3%B3n.jpg\"><img loading=\"lazy\" decoding=\"async\" alt=\"\" src=\"http:\/\/1.bp.blogspot.com\/-fsa9splyHp0\/UcpdvslO_ZI\/AAAAAAAAB7E\/QqF1gjK7eaE\/s320\/Concentraci%C3%B3n.jpg\" width=\"226\" height=\"320\" border=\"0\" \/><\/a><\/div>\n<div><span>Desde la Plataforma Navarra de Salud exigimos que el Sistema Sanitario <\/span><span>P\u00fablico atienda desde la prevenci\u00f3n a la reinserci\u00f3n a las trabajadoras y <\/span><span>trabajadores accidentados y enfermos tambi\u00e9n por el trabajo, integrando <\/span><span>los recursos de las mutuas, que son p\u00fablicos, en el Sistema P\u00fablico de <\/span><span>Salud.<\/span><\/p>\n<p><span>\u00a0<\/span><\/p>\n<\/div>\n<div><span>En esta \u00faltima concentraci\u00f3n de junio ante los centros sanitarios LLAMAMOS <\/span><span>TAMBI\u00c9N A ACUDIR ESPECIALMENTE A LAS Y LOS DELEGADOS DE LOS TRABAJADORES A <\/span><span>LA CONCENTRACI\u00d3N de 10 minutos que tendr\u00e1 lugar ante el Instituto de Salud <\/span><span>P\u00fablica y Laboral de Landaben el d\u00eda 26 de junio, mi\u00e9rcoles, a las 11 <\/span><span>horas.<\/span><\/div>\n<div>\u00a0<\/div>\n<div>\n<p><span>Que no se diga, que no hicimos nada!! <\/span><\/p>\n<\/div>\n","protected":false},"excerpt":{"rendered":"<p><a href=\"https:\/\/www.cgt-lkn.org\/nafarroa1\/wp-content\/uploads\/sites\/14\/2013\/06\/Concentraci\u00f3n.jpg\"><img loading=\"lazy\" decoding=\"async\" class=\"alignleft size-medium wp-image-403\" alt=\"Concentraci\u00f3n\" src=\"https:\/\/www.cgt-lkn.org\/nafarroa1\/wp-content\/uploads\/sites\/14\/2013\/06\/Concentraci\u00f3n-212x300.jpg\" width=\"212\" height=\"300\" \/><\/a><\/p>\n","protected":false},"author":22,"featured_media":0,"comment_status":"closed","ping_status":"open","sticky":false,"template":"","format":"standard","meta":{"footnotes":""},"categories":[1],"tags":[],"class_list":["post-393","post","type-post","status-publish","format-standard","hentry","category-sin-categoria"],"_links":{"self":[{"href":"https:\/\/www.cgt-lkn.org\/nafarroa\/wp-json\/wp\/v2\/posts\/393","targetHints":{"allow":["GET"]}}],"collection":[{"href":"https:\/\/www.cgt-lkn.org\/nafarroa\/wp-json\/wp\/v2\/posts"}],"about":[{"href":"https:\/\/www.cgt-lkn.org\/nafarroa\/wp-json\/wp\/v2\/types\/post"}],"author":[{"embeddable":true,"href":"https:\/\/www.cgt-lkn.org\/nafarroa\/wp-json\/wp\/v2\/users\/22"}],"replies":[{"embeddable":true,"href":"https:\/\/www.cgt-lkn.org\/nafarroa\/wp-json\/wp\/v2\/comments?post=393"}],"version-history":[{"count":5,"href":"https:\/\/www.cgt-lkn.org\/nafarroa\/wp-json\/wp\/v2\/posts\/393\/revisions"}],"predecessor-version":[{"id":404,"href":"https:\/\/www.cgt-lkn.org\/nafarroa\/wp-json\/wp\/v2\/posts\/393\/revisions\/404"}],"wp:attachment":[{"href":"https:\/\/www.cgt-lkn.org\/nafarroa\/wp-json\/wp\/v2\/media?parent=393"}],"wp:term":[{"taxonomy":"category","embeddable":true,"href":"https:\/\/www.cgt-lkn.org\/nafarroa\/wp-json\/wp\/v2\/categories?post=393"},{"taxonomy":"post_tag","embeddable":true,"href":"https:\/\/www.cgt-lkn.org\/nafarroa\/wp-json\/wp\/v2\/tags?post=393"}],"curies":[{"name":"wp","href":"https:\/\/api.w.org\/{rel}","templated":true}]}}