{"id":3929,"date":"2015-06-22T15:18:28","date_gmt":"2015-06-22T14:18:28","guid":{"rendered":"http:\/\/www.cgt-lkn.org\/nafarroa\/?p=3929"},"modified":"2015-06-22T15:18:28","modified_gmt":"2015-06-22T14:18:28","slug":"una-delegacion-de-trabajadorxs-de-correos-viaja-los-dia-23-y-24-de-junio-al-parlamento-europeo-a-explicar-la-situacion-de-la-empresa","status":"publish","type":"post","link":"https:\/\/www.cgt-lkn.org\/nafarroa\/blog\/2015\/06\/22\/una-delegacion-de-trabajadorxs-de-correos-viaja-los-dia-23-y-24-de-junio-al-parlamento-europeo-a-explicar-la-situacion-de-la-empresa\/","title":{"rendered":"Una delegaci\u00f3n de Trabajadorxs de Correos viaja los d\u00eda 23 y 24 de junio al Parlamento Europeo a explicar la situaci\u00f3n de la empresa"},"content":{"rendered":"<p style=\"text-align: justify;\"><a href=\"https:\/\/www.cgt-lkn.org\/nafarroa1\/wp-content\/uploads\/sites\/14\/2014\/11\/\u00edndice.jpg\"><img loading=\"lazy\" decoding=\"async\" class=\" size-full wp-image-3090 alignleft\" src=\"https:\/\/www.cgt-lkn.org\/nafarroa1\/wp-content\/uploads\/sites\/14\/2014\/11\/\u00edndice.jpg\" alt=\"\u00edndice\" width=\"144\" height=\"170\" srcset=\"https:\/\/www.cgt-lkn.org\/nafarroa\/wp-content\/uploads\/sites\/14\/2014\/11\/\u00edndice.jpg 144w, https:\/\/www.cgt-lkn.org\/nafarroa\/wp-content\/uploads\/sites\/14\/2014\/11\/\u00edndice-127x150.jpg 127w\" sizes=\"auto, (max-width: 144px) 100vw, 144px\" \/><\/a>Una delegaci\u00f3n de trabajadores de Correos y delegados sindicales de CGT acudir\u00e1 al parlamento europeo de Bruselas, invitados por el grupo europarlamentario de Podemos. Desde CGT queremos aprovechar esta oportunidad para difundir al m\u00e1ximo todo lo que ha ocurrido y esta ocurriendo en Correos.<\/p>\n<p style=\"text-align: justify;\">Presentaremos documentos a los grupos pol\u00edticos denunciando las consecuencias y el impacto negativo que tienen los procesos de liberalizaci\u00f3n y privatizaci\u00f3n del sector postal: brutales recortes de empleo, precarizaci\u00f3n de las condiciones de trabajo, deterioro de la calidad en el servicio, etc. Adem\u00e1s, propondremos a los europarlamentarios que realicen preguntas parlamentarias relacionadas con problem\u00e1ticas actuales de los trabajadores de Correos: obligaci\u00f3n de que las carteras embarazadas salgan a reparto, destrucci\u00f3n de empleo que imposibilita cumplir con la normativa postal, la negativa de Correos para que los trabajadores de fines de semana y festivos pasen a tiempo completo, etc.<\/p>\n<p style=\"text-align: justify;\">Tambi\u00e9n, tendr\u00e1 lugar una rueda de prensa que aprovecharemos para intentar dar a conocer, informar y sensibilizar a la ciudadan\u00eda sobre los atropellos que la direcci\u00f3n de Correos acomete contra los trabajadores. Explicar que llevamos cinco a\u00f1os con el salario congelado, sin contar con la bajada del 5% del salario al personal funcionario desde mayo del 2010, y la supresi\u00f3n de la paga extra de navidad para todo el personal en el a\u00f1o 2012. Incidiremos sobre la situaci\u00f3n del personal m\u00e1s precario y oprimido de Correos: temporales, fijos-discontinuos, trabajadores con contratos a tiempo parcial, contratados para s\u00e1bados y festivos, etc. Adem\u00e1s, aprovecharemos para denunciar los brutales planes de reestructuraci\u00f3n que est\u00e1n eliminando cientos de secciones de reparto por todo el estado.<\/p>\n<p style=\"text-align: justify;\">Esperemos, que este viaje sirva para sensibilizar a la opini\u00f3n publica y presionar al gobierno para que se replantee la actual pol\u00edtica de recortes en Correos. A la vuelta, tendremos oportunidad de informar sobre la visita.<\/p>\n<p style=\"text-align: justify;\">El d\u00eda 24, retransmisi\u00f3n por streaming en:<\/p>\n<p><a href=\"http:\/\/www.cgt.info\/correosmadrid\/\">http:\/\/www.cgt.info\/correosmadrid\/<\/a><\/p>\n<p style=\"text-align: justify;\">\n","protected":false},"excerpt":{"rendered":"<p>Una delegaci\u00f3n de trabajadores de Correos y delegados sindicales de CGT acudir\u00e1 al parlamento europeo de Bruselas, invitados por el<\/p>\n","protected":false},"author":24,"featured_media":3090,"comment_status":"closed","ping_status":"open","sticky":false,"template":"","format":"standard","meta":{"footnotes":""},"categories":[1],"tags":[],"class_list":["post-3929","post","type-post","status-publish","format-standard","has-post-thumbnail","hentry","category-sin-categoria"],"_links":{"self":[{"href":"https:\/\/www.cgt-lkn.org\/nafarroa\/wp-json\/wp\/v2\/posts\/3929","targetHints":{"allow":["GET"]}}],"collection":[{"href":"https:\/\/www.cgt-lkn.org\/nafarroa\/wp-json\/wp\/v2\/posts"}],"about":[{"href":"https:\/\/www.cgt-lkn.org\/nafarroa\/wp-json\/wp\/v2\/types\/post"}],"author":[{"embeddable":true,"href":"https:\/\/www.cgt-lkn.org\/nafarroa\/wp-json\/wp\/v2\/users\/24"}],"replies":[{"embeddable":true,"href":"https:\/\/www.cgt-lkn.org\/nafarroa\/wp-json\/wp\/v2\/comments?post=3929"}],"version-history":[{"count":1,"href":"https:\/\/www.cgt-lkn.org\/nafarroa\/wp-json\/wp\/v2\/posts\/3929\/revisions"}],"predecessor-version":[{"id":3930,"href":"https:\/\/www.cgt-lkn.org\/nafarroa\/wp-json\/wp\/v2\/posts\/3929\/revisions\/3930"}],"wp:featuredmedia":[{"embeddable":true,"href":"https:\/\/www.cgt-lkn.org\/nafarroa\/wp-json\/wp\/v2\/media\/3090"}],"wp:attachment":[{"href":"https:\/\/www.cgt-lkn.org\/nafarroa\/wp-json\/wp\/v2\/media?parent=3929"}],"wp:term":[{"taxonomy":"category","embeddable":true,"href":"https:\/\/www.cgt-lkn.org\/nafarroa\/wp-json\/wp\/v2\/categories?post=3929"},{"taxonomy":"post_tag","embeddable":true,"href":"https:\/\/www.cgt-lkn.org\/nafarroa\/wp-json\/wp\/v2\/tags?post=3929"}],"curies":[{"name":"wp","href":"https:\/\/api.w.org\/{rel}","templated":true}]}}