{"id":3926,"date":"2015-06-21T22:28:09","date_gmt":"2015-06-21T21:28:09","guid":{"rendered":"http:\/\/www.cgt-lkn.org\/nafarroa\/?p=3926"},"modified":"2015-06-21T22:28:09","modified_gmt":"2015-06-21T21:28:09","slug":"quo-vadis-semana-25-ano-2015","status":"publish","type":"post","link":"https:\/\/www.cgt-lkn.org\/nafarroa\/blog\/2015\/06\/21\/quo-vadis-semana-25-ano-2015\/","title":{"rendered":"QUO VADIS? (semana 25, a\u00f1o 2015)."},"content":{"rendered":"<p>&nbsp;<\/p>\n<p style=\"text-align: justify;\">Hasta hoy las l<a href=\"https:\/\/www.cgt-lkn.org\/nafarroa1\/wp-content\/uploads\/sites\/14\/2015\/05\/quo-vadis.jpg\"><img loading=\"lazy\" decoding=\"async\" class=\"  wp-image-3826 alignleft\" src=\"https:\/\/www.cgt-lkn.org\/nafarroa1\/wp-content\/uploads\/sites\/14\/2015\/05\/quo-vadis.jpg\" alt=\"quo vadis\" width=\"359\" height=\"220\" \/><\/a>eyes, sin ser capaces de aventurar como ser\u00e1n las de ma\u00f1ana, siempre han servido para blindar los privilegios y el despilfarro de unos pocos a costa de todos los dem\u00e1s. Para hacerlo posible con nuestro consentimiento, el de la mayor\u00eda social -de otra forma este <em>tin<\/em><em>glao<\/em> no se sujetar\u00eda- nos han ido entregando peque\u00f1os cebos que aceptamos gustosos en forma de cositas que pod\u00edamos comprar, vacaciones que disfrutar, ropas que mostrar, tecnolog\u00edas que controlar,&#8230; Y el circo ha ido funcionando hasta que nos ha faltado el pan. Pan sigue quedando, es verdad, pero el reparto es cada vez peor. Nunca fue bueno, a muchos nunca les lleg\u00f3. La ilusi\u00f3n, no la esperanza sino el espejismo, se est\u00e1 desvaneciendo tan r\u00e1pido como el capitalismo se ha cansado de alimentarla. Es su naturaleza.<\/p>\n<p style=\"text-align: justify;\">\u00a0\u00a0\u00a0\u00a0\u00a0\u00a0\u00a0\u00a0\u00a0\u00a0\u00a0 El pr\u00f3ximo 1 de julio entrar\u00e1 en vigor la Ley de Seguridad Ciudadana. Ley y orden <em>del de toda la vida<\/em>. Una norma, absolutamente represiva, que trata de anticiparse a las consecuencias l\u00f3gicas en las que puede desembocar el actual descontento general y que no son otras que las protestas generalizadas y la ocupaci\u00f3n de la calle ante tanta crueldad e injusticia social.<\/p>\n<p style=\"text-align: justify;\">\u00a0\u00a0\u00a0\u00a0\u00a0\u00a0\u00a0\u00a0\u00a0\u00a0\u00a0 \u00a0\u00a0\u00a0\u00a0\u00a0\u00a0\u00a0\u00a0\u00a0\u00a0\u00a0 Cuando la precarizaci\u00f3n laboral posibilita que personas con trabajo (trabajos en muchos casos) no puedan mantener ni a sus familias, ni sus viviendas, ni pagar sus facturas,&#8230; Cuando las raqu\u00edticas coberturas sociales son recortadas empujando a las personas al paro y la exclusi\u00f3n&#8230; Cuando se privatizan hospitales, se externalizan servicios, se desmantelan poco a poco, o de golpe, los servicios p\u00fablicos&#8230; Cuando la deuda con la banca se antepone a todo y a todos, y al mismo tiempo se disparan los casos de corrupci\u00f3n, los beneficios patronales baten records, la brecha social crece y crece &#8230; cuando, a fin de cuentas, el Capital no tiene ya ning\u00fan inter\u00e9s en repartir esas peque\u00f1as d\u00e1divas que todo lo conten\u00edan y por las que no nos parec\u00eda ni tan cruel ni tan injusto,&#8230; la \u00fanica herramienta que le queda al poder pol\u00edtico para tratar de controlar una posible respuesta social y permitir que todo siga igual para los mismos, es la represi\u00f3n. Burorepresi\u00f3n en este caso.<\/p>\n<p style=\"text-align: justify;\">\u00a0\u00a0\u00a0\u00a0\u00a0\u00a0\u00a0\u00a0\u00a0\u00a0\u00a0 La ley de Seguridad Ciudadana no es m\u00e1s de lo que a primera vista parece: un burdo dique de contenci\u00f3n. Salvaje pero efectivo. Pura extorsi\u00f3n econ\u00f3mica que complementa a la perfecci\u00f3n con la \u00faltima reforma del c\u00f3digo penal. <em>\u00a1Quieto todo el mundo!<\/em><\/p>\n<p style=\"text-align: justify;\">\u00a0\u00a0\u00a0\u00a0\u00a0\u00a0\u00a0\u00a0\u00a0\u00a0\u00a0 Desde el inicio de su tramitaci\u00f3n la CGT junto a otras muchas organizaciones sociales y sindicales, se ha mantenido firme en la denuncia contra esta ley por suponer un ataque directo a la libertad de expresi\u00f3n y al derecho a la protesta. Ya no se trata de no escuchar, es que a golpe de multa nos quieren enmudecer, que desaparezcamos de la calle. Y ante eso nuestra respuesta como organizaci\u00f3n ha de ser decidida. El d\u00eda 30 de junio, se van a llevar a cabo movilizaciones en distintos puntos del estado. Una oportunidad m\u00e1s, que no la \u00faltima, de continuar exigiendo en la calle, esa a la que quieren poner coto, la retirada de esta ley. Porque no nos queremos quedar callados \u00a1\u00a1NO A LA BURORREPRESI\u00d3N!!\u00a1\u00a1NO A LA LEY MORDAZA!!<\/p>\n","protected":false},"excerpt":{"rendered":"<p>&nbsp; Hasta hoy las leyes, sin ser capaces de aventurar como ser\u00e1n las de ma\u00f1ana, siempre han servido para blindar<\/p>\n","protected":false},"author":24,"featured_media":0,"comment_status":"closed","ping_status":"open","sticky":false,"template":"","format":"standard","meta":{"footnotes":""},"categories":[1],"tags":[],"class_list":["post-3926","post","type-post","status-publish","format-standard","hentry","category-sin-categoria"],"_links":{"self":[{"href":"https:\/\/www.cgt-lkn.org\/nafarroa\/wp-json\/wp\/v2\/posts\/3926","targetHints":{"allow":["GET"]}}],"collection":[{"href":"https:\/\/www.cgt-lkn.org\/nafarroa\/wp-json\/wp\/v2\/posts"}],"about":[{"href":"https:\/\/www.cgt-lkn.org\/nafarroa\/wp-json\/wp\/v2\/types\/post"}],"author":[{"embeddable":true,"href":"https:\/\/www.cgt-lkn.org\/nafarroa\/wp-json\/wp\/v2\/users\/24"}],"replies":[{"embeddable":true,"href":"https:\/\/www.cgt-lkn.org\/nafarroa\/wp-json\/wp\/v2\/comments?post=3926"}],"version-history":[{"count":2,"href":"https:\/\/www.cgt-lkn.org\/nafarroa\/wp-json\/wp\/v2\/posts\/3926\/revisions"}],"predecessor-version":[{"id":3928,"href":"https:\/\/www.cgt-lkn.org\/nafarroa\/wp-json\/wp\/v2\/posts\/3926\/revisions\/3928"}],"wp:attachment":[{"href":"https:\/\/www.cgt-lkn.org\/nafarroa\/wp-json\/wp\/v2\/media?parent=3926"}],"wp:term":[{"taxonomy":"category","embeddable":true,"href":"https:\/\/www.cgt-lkn.org\/nafarroa\/wp-json\/wp\/v2\/categories?post=3926"},{"taxonomy":"post_tag","embeddable":true,"href":"https:\/\/www.cgt-lkn.org\/nafarroa\/wp-json\/wp\/v2\/tags?post=3926"}],"curies":[{"name":"wp","href":"https:\/\/api.w.org\/{rel}","templated":true}]}}