{"id":3922,"date":"2015-06-21T08:10:10","date_gmt":"2015-06-21T07:10:10","guid":{"rendered":"http:\/\/www.cgt-lkn.org\/nafarroa\/?p=3922"},"modified":"2015-06-21T08:11:28","modified_gmt":"2015-06-21T07:11:28","slug":"orain-da-garaia-tav-stop-es-el-momento","status":"publish","type":"post","link":"https:\/\/www.cgt-lkn.org\/nafarroa\/blog\/2015\/06\/21\/orain-da-garaia-tav-stop-es-el-momento\/","title":{"rendered":"Orain da garaia: TAV STOP. Es el momento!!"},"content":{"rendered":"<p style=\"text-align: justify;\"><strong><a href=\"https:\/\/www.cgt-lkn.org\/nafarroa1\/wp-content\/uploads\/sites\/14\/2015\/06\/DSC_0709.jpg\"><img loading=\"lazy\" decoding=\"async\" class=\" size-large wp-image-3923 aligncenter\" src=\"https:\/\/www.cgt-lkn.org\/nafarroa1\/wp-content\/uploads\/sites\/14\/2015\/06\/DSC_0709-1024x768.jpg\" alt=\"DSC_0709\" width=\"640\" height=\"480\" srcset=\"https:\/\/www.cgt-lkn.org\/nafarroa\/wp-content\/uploads\/sites\/14\/2015\/06\/DSC_0709-1024x768.jpg 1024w, https:\/\/www.cgt-lkn.org\/nafarroa\/wp-content\/uploads\/sites\/14\/2015\/06\/DSC_0709-300x225.jpg 300w, https:\/\/www.cgt-lkn.org\/nafarroa\/wp-content\/uploads\/sites\/14\/2015\/06\/DSC_0709-150x113.jpg 150w, https:\/\/www.cgt-lkn.org\/nafarroa\/wp-content\/uploads\/sites\/14\/2015\/06\/DSC_0709-400x300.jpg 400w, https:\/\/www.cgt-lkn.org\/nafarroa\/wp-content\/uploads\/sites\/14\/2015\/06\/DSC_0709.jpg 1260w\" sizes=\"auto, (max-width: 640px) 100vw, 640px\" \/><\/a>20\/06\/2015:<\/strong> concentraci\u00f3n (AHT Gelditu, Sustrai Erakuntza y Ekologistak Martxan), frente a Diputaci\u00f3n reclamando la paralizaci\u00f3n del TAV. Orain da garaia!!<\/p>\n<p style=\"text-align: justify;\">Podr\u00eda ser este el momento propicio para lograr la paralizaci\u00f3n del proyecto TAV en Nafarroa. A la cantidad de a\u00f1os de pelea y de esfuerzos por difundir lo pernicioso del TAV se suma, ahora, el cambio a nivel pol\u00edtico-institucional.<\/p>\n<p style=\"text-align: justify;\">Por otra parte, la Fundaci\u00f3n Sustrai Erakuntza ha presentado una denuncia ante la Comisi\u00f3n Europea contra el TAV navarro, con la colaboraci\u00f3n de Jordi Sebasti\u00e1, eurodiputado de Compromis.<\/p>\n<p style=\"text-align: justify;\">Fundaci\u00f3n Sustrai Erakuntza. M\u00e1s informaci\u00f3n:<br \/>\n<a href=\"https:\/\/correoweb.navarra.es\/owa\/redir.aspx?C=t-_ClLC1K0Op4fYg-iVYjh_oID2Ff9IIyvm6AFJDoSzb5q5BR4i6rWisQtKjPZldeR73mDV30XU.&amp;URL=http%3A%2F%2Fwww.fundacionsustrai.org%2F\" target=\"_blank\">http:\/\/www.fundacionsustrai.org\/<\/a><\/p>\n","protected":false},"excerpt":{"rendered":"<p>20\/06\/2015: concentraci\u00f3n (AHT Gelditu, Sustrai Erakuntza y Ekologistak Martxan), frente a Diputaci\u00f3n reclamando la paralizaci\u00f3n del TAV. Orain da garaia!!<\/p>\n","protected":false},"author":24,"featured_media":3923,"comment_status":"closed","ping_status":"open","sticky":false,"template":"","format":"standard","meta":{"footnotes":""},"categories":[1],"tags":[],"class_list":["post-3922","post","type-post","status-publish","format-standard","has-post-thumbnail","hentry","category-sin-categoria"],"_links":{"self":[{"href":"https:\/\/www.cgt-lkn.org\/nafarroa\/wp-json\/wp\/v2\/posts\/3922","targetHints":{"allow":["GET"]}}],"collection":[{"href":"https:\/\/www.cgt-lkn.org\/nafarroa\/wp-json\/wp\/v2\/posts"}],"about":[{"href":"https:\/\/www.cgt-lkn.org\/nafarroa\/wp-json\/wp\/v2\/types\/post"}],"author":[{"embeddable":true,"href":"https:\/\/www.cgt-lkn.org\/nafarroa\/wp-json\/wp\/v2\/users\/24"}],"replies":[{"embeddable":true,"href":"https:\/\/www.cgt-lkn.org\/nafarroa\/wp-json\/wp\/v2\/comments?post=3922"}],"version-history":[{"count":2,"href":"https:\/\/www.cgt-lkn.org\/nafarroa\/wp-json\/wp\/v2\/posts\/3922\/revisions"}],"predecessor-version":[{"id":3925,"href":"https:\/\/www.cgt-lkn.org\/nafarroa\/wp-json\/wp\/v2\/posts\/3922\/revisions\/3925"}],"wp:featuredmedia":[{"embeddable":true,"href":"https:\/\/www.cgt-lkn.org\/nafarroa\/wp-json\/wp\/v2\/media\/3923"}],"wp:attachment":[{"href":"https:\/\/www.cgt-lkn.org\/nafarroa\/wp-json\/wp\/v2\/media?parent=3922"}],"wp:term":[{"taxonomy":"category","embeddable":true,"href":"https:\/\/www.cgt-lkn.org\/nafarroa\/wp-json\/wp\/v2\/categories?post=3922"},{"taxonomy":"post_tag","embeddable":true,"href":"https:\/\/www.cgt-lkn.org\/nafarroa\/wp-json\/wp\/v2\/tags?post=3922"}],"curies":[{"name":"wp","href":"https:\/\/api.w.org\/{rel}","templated":true}]}}