{"id":3907,"date":"2015-06-17T15:15:14","date_gmt":"2015-06-17T14:15:14","guid":{"rendered":"http:\/\/www.cgt-lkn.org\/nafarroa\/?p=3907"},"modified":"2015-06-17T15:16:31","modified_gmt":"2015-06-17T14:16:31","slug":"del-cambio-politico-al-cambio-social-aldaketa-soziala-orain","status":"publish","type":"post","link":"https:\/\/www.cgt-lkn.org\/nafarroa\/blog\/2015\/06\/17\/del-cambio-politico-al-cambio-social-aldaketa-soziala-orain\/","title":{"rendered":"Del cambio pol\u00edtico al cambio social: Aldaketa Soziala Orain!"},"content":{"rendered":"<p align=\"JUSTIFY\"><a href=\"https:\/\/www.cgt-lkn.org\/nafarroa1\/wp-content\/uploads\/sites\/14\/2015\/06\/parlamento.jpg\"><img loading=\"lazy\" decoding=\"async\" class=\"alignnone size-large wp-image-3908\" src=\"https:\/\/www.cgt-lkn.org\/nafarroa1\/wp-content\/uploads\/sites\/14\/2015\/06\/parlamento-1024x155.jpg\" alt=\"parlamento\" width=\"640\" height=\"97\" srcset=\"https:\/\/www.cgt-lkn.org\/nafarroa\/wp-content\/uploads\/sites\/14\/2015\/06\/parlamento-1024x155.jpg 1024w, https:\/\/www.cgt-lkn.org\/nafarroa\/wp-content\/uploads\/sites\/14\/2015\/06\/parlamento-300x45.jpg 300w, https:\/\/www.cgt-lkn.org\/nafarroa\/wp-content\/uploads\/sites\/14\/2015\/06\/parlamento-150x23.jpg 150w, https:\/\/www.cgt-lkn.org\/nafarroa\/wp-content\/uploads\/sites\/14\/2015\/06\/parlamento-400x61.jpg 400w, https:\/\/www.cgt-lkn.org\/nafarroa\/wp-content\/uploads\/sites\/14\/2015\/06\/parlamento.jpg 2031w\" sizes=\"auto, (max-width: 640px) 100vw, 640px\" \/><\/a><\/p>\n<p align=\"JUSTIFY\"><strong>17\/06\/2015:<\/strong> de forma paralela a la constituci\u00f3n del nuevo Parlamento de Navarra, a propuesta de la Asamblea por el cambio, distintos colectivos, sindicatos y partidos han llevado una acci\u00f3n de calle, conformando un Parlamento Social en el que han tenido protagonismo diferentes luchas que se llevan adelante desde el tejido popular: servicios p\u00fablicos, ecolog\u00eda, derechos sociales y laborales&#8230;<\/p>\n<p align=\"JUSTIFY\">Con este texto se invitaba a participar en esta movilizaci\u00f3n:<\/p>\n<p align=\"JUSTIFY\">Hoy, despu\u00e9s de muchos a\u00f1os, nos felicitamos por el cambio pol\u00edtico en marcha en Navarra.<br \/>\nUn cambio que hemos reivindicado e impulsado durante a\u00f1os desde la calle y que ahora ha tenido reflejo en las urnas. Un cambio nacido de la voluntad de la ciudadan\u00eda, que ha hecho posible que comience una nueva etapa en la que la democratizaci\u00f3n plena en todos los \u00e1mbitos de la sociedad, el rescate ciudadano y la lucha contra la corrupci\u00f3n deben ser objetivos prioritarios.<\/p>\n<p align=\"JUSTIFY\">Para ello es necesario un cambio profundo: desde la auditor\u00eda social de las arcas p\u00fablicas a la paralizaci\u00f3n de proyectos megal\u00f3manos, desde la priorizaci\u00f3n de las necesidades sociales b\u00e1sicas al desmantelamiento de las estructuras clientelares, as\u00ed como la recuperaci\u00f3n del derecho a decidir de la ciudadan\u00eda Navarra sobre todos los \u00e1mbitos.<\/p>\n<p align=\"JUSTIFY\">Por ello, frente al cambio de Gobierno, reivindicamos un cambio de modelo social y econ\u00f3mico centrado en las personas y en la naturaleza que se base en otro modelo de producci\u00f3n, consumo y energ\u00eda sostenible y ecol\u00f3gico. Un cambio que priorice a la ciudadan\u00eda por encima de los intereses de las \u00e9lites econ\u00f3micas y que incida en conseguir que todas las personas tengan reconocidos todos los derechos: subsistencia, vivienda, educaci\u00f3n, sanidad, empleo, protecci\u00f3n social, pensiones dignas, cuidados, igualdad de oportunidades, derechos ling\u00fc\u00edsticos y culturales.<\/p>\n<p align=\"JUSTIFY\">Manifestamos nuestra inequ\u00edvoca voluntad de continuar moviliz\u00e1ndonos en la calle y a colaborar con las instituciones a favor del cambio profundo, basado en los 14 ejes de consenso de la Asamblea por el Cambio Social: <a href=\"http:\/\/www.asambleaporelcambiosocial.org\/es\/aldaketarako-14-ardatz\">http:\/\/www.asambleaporelcambiosocial.org\/es\/aldaketarako-14-ardatz<\/a> y otras propuestas por el cambio surgidas de iniciativas sociales y sindicales.<\/p>\n<p align=\"JUSTIFY\">Los distintos agentes sociales, sindicales y pol\u00edticos no vamos a ser espectadores, sino protagonistas en este nuevo escenario que se abre en Navarra.<\/p>\n","protected":false},"excerpt":{"rendered":"<p>17\/06\/2015: de forma paralela a la constituci\u00f3n del nuevo Parlamento de Navarra, a propuesta de la Asamblea por el cambio,<\/p>\n","protected":false},"author":24,"featured_media":3908,"comment_status":"closed","ping_status":"open","sticky":false,"template":"","format":"standard","meta":{"footnotes":""},"categories":[75],"tags":[],"class_list":["post-3907","post","type-post","status-publish","format-standard","has-post-thumbnail","hentry","category-movilizaciones"],"_links":{"self":[{"href":"https:\/\/www.cgt-lkn.org\/nafarroa\/wp-json\/wp\/v2\/posts\/3907","targetHints":{"allow":["GET"]}}],"collection":[{"href":"https:\/\/www.cgt-lkn.org\/nafarroa\/wp-json\/wp\/v2\/posts"}],"about":[{"href":"https:\/\/www.cgt-lkn.org\/nafarroa\/wp-json\/wp\/v2\/types\/post"}],"author":[{"embeddable":true,"href":"https:\/\/www.cgt-lkn.org\/nafarroa\/wp-json\/wp\/v2\/users\/24"}],"replies":[{"embeddable":true,"href":"https:\/\/www.cgt-lkn.org\/nafarroa\/wp-json\/wp\/v2\/comments?post=3907"}],"version-history":[{"count":3,"href":"https:\/\/www.cgt-lkn.org\/nafarroa\/wp-json\/wp\/v2\/posts\/3907\/revisions"}],"predecessor-version":[{"id":3911,"href":"https:\/\/www.cgt-lkn.org\/nafarroa\/wp-json\/wp\/v2\/posts\/3907\/revisions\/3911"}],"wp:featuredmedia":[{"embeddable":true,"href":"https:\/\/www.cgt-lkn.org\/nafarroa\/wp-json\/wp\/v2\/media\/3908"}],"wp:attachment":[{"href":"https:\/\/www.cgt-lkn.org\/nafarroa\/wp-json\/wp\/v2\/media?parent=3907"}],"wp:term":[{"taxonomy":"category","embeddable":true,"href":"https:\/\/www.cgt-lkn.org\/nafarroa\/wp-json\/wp\/v2\/categories?post=3907"},{"taxonomy":"post_tag","embeddable":true,"href":"https:\/\/www.cgt-lkn.org\/nafarroa\/wp-json\/wp\/v2\/tags?post=3907"}],"curies":[{"name":"wp","href":"https:\/\/api.w.org\/{rel}","templated":true}]}}