{"id":3158,"date":"2014-11-20T17:18:55","date_gmt":"2014-11-20T16:18:55","guid":{"rendered":"http:\/\/www.cgt-lkn.org\/nafarroa\/?p=3158"},"modified":"2014-11-21T00:16:32","modified_gmt":"2014-11-20T23:16:32","slug":"personas-en-paro-impulsan-el-foro-por-el-empleo","status":"publish","type":"post","link":"https:\/\/www.cgt-lkn.org\/nafarroa\/blog\/2014\/11\/20\/personas-en-paro-impulsan-el-foro-por-el-empleo\/","title":{"rendered":"PERSONAS EN PARO IMPULSAN EL FORO POR EL EMPLEO"},"content":{"rendered":"<p style=\"text-align: justify;\">El foro por el empleo es ante todo\u00a0 una mesa de encuentro. Las organizaciones y colectivos aqu\u00ed presentes (ELA-LAB-CNT-CGT-ESK-SOLIDARI-BANATU TALDEA-COLECTIVO DE PERSONAS DESEMPLEADAS y PRECARIAS) ponemos sobre la mesa el tema del empleo y la importancia que tiene que sea desde los propios centros de trabajo donde los trabajadores y sus representantes sindicales se impliquen utilizando dos herramientas b\u00e1sicas del sindicalismo: negociaci\u00f3n y acci\u00f3n sindical.<\/p>\n<p style=\"text-align: justify;\">La mesa tiene fundamentalmente dos funciones: por un lado, la de aportaci\u00f3n de iniciativas y experiencias y por otro la de coordinar actuaciones que se den este campo.<\/p>\n<p><iframe loading=\"lazy\" src=\"\/\/player.vimeo.com\/video\/112439262?title=0&amp;amp;byline=0\" width=\"520\" height=\"429\"><\/iframe><\/p>\n<p style=\"text-align: justify;\"><em><strong>mas abajo en castellano<\/strong><\/em><\/p>\n<p style=\"text-align: justify;\">En cuanto al empleo, hay que decir, que las pol\u00edticas de lucha contra el desempleo apuestan por las medidas tradicionales (formaci\u00f3n y subvencionar la contrataci\u00f3n) Con el \u00fanico af\u00e1n de conseguir reducir el porcentaje de desempleados.<\/p>\n<p style=\"text-align: justify;\">En absoluto, les preocupa la calidad del empleo.<\/p>\n<p style=\"text-align: justify;\">As\u00ed podemos mencionar los contratos a tiempo parcial, las dobles escalas salariales, la inclusi\u00f3n de los fines de semana como d\u00edas laborales&#8230;.<\/p>\n<p style=\"text-align: justify;\">Esto esta ocurriendo en nuestros centros de trabajo y en muchos casos como consecuencia de una negociaci\u00f3n. \u201cPan para hoy y hambre para ma\u00f1ana\u201d<\/p>\n<p style=\"text-align: justify;\">porque esas son las condiciones que se est\u00e1n implantando en el mercado laboral actual y las que estar\u00e1 sometido la mayor\u00eda de los trabajadores dentro de 10 \u00f3 15 a\u00f1os.<\/p>\n<p style=\"text-align: justify;\">En luchar por reducir las tasas de desempleo, tambi\u00e9n tiene cabida conceptos como la moral y la solidaridad.<\/p>\n<p style=\"text-align: justify;\">En Nafarroa se est\u00e1n metiendo miles de horas extraordinarias, much\u00edsimas de ellas estructurales, que no sirven para crear empleo estable.<\/p>\n<p style=\"text-align: justify;\">Tambi\u00e9n nos preguntamos en que grado afecta al empleo estable, la flexibilidad y el porcentaje de eventualidad que tenemos en los centros de trabajo.<\/p>\n<p style=\"text-align: justify;\"><iframe loading=\"lazy\" src=\"\/\/player.vimeo.com\/video\/112399965?title=0&amp;amp;byline=0\" width=\"535\" height=\"440\"><\/iframe><\/p>\n<p style=\"text-align: justify;\">Lo que parece estar claro, que en el \u00e1mbito de los centros de trabajo hay un campo de actuaci\u00f3n con el tema del empleo.<\/p>\n<p style=\"text-align: justify;\">Al igual que la seguridad y salud laboral es un tema importante dentro de los centros de trabajo y en consecuencia los comit\u00e9s de empresa se han dotado de instrumentos para trabajar en este \u00e1mbito. Creemos que el empleo es muy importante y que hay que dotar de herramientas a los comit\u00e9s de empresa, por en consecuencia apostamos la creaci\u00f3n de comisiones de empleo. Por ello anunciamos el inicio de la campa\u00f1a Pro comisi\u00f3n de empleo en diferentes centros de trabajo. Esta campa\u00f1a tiene un doble objetivo:<\/p>\n<p style=\"text-align: justify;\">1) Implantar el mayor n\u00famero posible de comisiones de empleo.<\/p>\n<p style=\"text-align: justify;\">2) Socializar la campa\u00f1a, fomentando el debate y la toma de conciencia sobre la importancia de generar empleo de calidad desde los propios puestos de trabajo.<\/p>\n<p style=\"text-align: justify;\">Con esta finalidad realizaremos intervenciones tanto en el \u00e1mbito de centros de trabajo, como a nivel ciudadano donde se realizar\u00e1n diferentes charlas y debates<\/p>\n<p><a href=\"https:\/\/www.cgt-lkn.org\/nafarroa1\/wp-content\/uploads\/sites\/14\/2014\/11\/persoparo.jpg\"><img loading=\"lazy\" decoding=\"async\" class=\"aligncenter size-full wp-image-3159\" src=\"https:\/\/www.cgt-lkn.org\/nafarroa1\/wp-content\/uploads\/sites\/14\/2014\/11\/persoparo.jpg\" alt=\"persoparo\" width=\"1000\" height=\"687\" srcset=\"https:\/\/www.cgt-lkn.org\/nafarroa\/wp-content\/uploads\/sites\/14\/2014\/11\/persoparo.jpg 1000w, https:\/\/www.cgt-lkn.org\/nafarroa\/wp-content\/uploads\/sites\/14\/2014\/11\/persoparo-300x206.jpg 300w, https:\/\/www.cgt-lkn.org\/nafarroa\/wp-content\/uploads\/sites\/14\/2014\/11\/persoparo-150x103.jpg 150w, https:\/\/www.cgt-lkn.org\/nafarroa\/wp-content\/uploads\/sites\/14\/2014\/11\/persoparo-400x274.jpg 400w\" sizes=\"auto, (max-width: 1000px) 100vw, 1000px\" \/><\/a><\/p>\n<p><strong>Foto y texto <span style=\"color: #993300;\">I.G.<\/span><\/strong><\/p>\n","protected":false},"excerpt":{"rendered":"<p>El foro por el empleo es ante todo\u00a0 una mesa de encuentro. Las organizaciones y colectivos aqu\u00ed presentes (ELA-LAB-CNT-CGT-ESK-SOLIDARI-BANATU TALDEA-COLECTIVO<\/p>\n","protected":false},"author":24,"featured_media":2377,"comment_status":"closed","ping_status":"open","sticky":false,"template":"","format":"standard","meta":{"footnotes":""},"categories":[205,191,20,211],"tags":[],"class_list":["post-3158","post","type-post","status-publish","format-standard","has-post-thumbnail","hentry","category-accion-sindical","category-accion-social","category-precariedad","category-reparto-del-trabajo"],"_links":{"self":[{"href":"https:\/\/www.cgt-lkn.org\/nafarroa\/wp-json\/wp\/v2\/posts\/3158","targetHints":{"allow":["GET"]}}],"collection":[{"href":"https:\/\/www.cgt-lkn.org\/nafarroa\/wp-json\/wp\/v2\/posts"}],"about":[{"href":"https:\/\/www.cgt-lkn.org\/nafarroa\/wp-json\/wp\/v2\/types\/post"}],"author":[{"embeddable":true,"href":"https:\/\/www.cgt-lkn.org\/nafarroa\/wp-json\/wp\/v2\/users\/24"}],"replies":[{"embeddable":true,"href":"https:\/\/www.cgt-lkn.org\/nafarroa\/wp-json\/wp\/v2\/comments?post=3158"}],"version-history":[{"count":10,"href":"https:\/\/www.cgt-lkn.org\/nafarroa\/wp-json\/wp\/v2\/posts\/3158\/revisions"}],"predecessor-version":[{"id":3169,"href":"https:\/\/www.cgt-lkn.org\/nafarroa\/wp-json\/wp\/v2\/posts\/3158\/revisions\/3169"}],"wp:featuredmedia":[{"embeddable":true,"href":"https:\/\/www.cgt-lkn.org\/nafarroa\/wp-json\/wp\/v2\/media\/2377"}],"wp:attachment":[{"href":"https:\/\/www.cgt-lkn.org\/nafarroa\/wp-json\/wp\/v2\/media?parent=3158"}],"wp:term":[{"taxonomy":"category","embeddable":true,"href":"https:\/\/www.cgt-lkn.org\/nafarroa\/wp-json\/wp\/v2\/categories?post=3158"},{"taxonomy":"post_tag","embeddable":true,"href":"https:\/\/www.cgt-lkn.org\/nafarroa\/wp-json\/wp\/v2\/tags?post=3158"}],"curies":[{"name":"wp","href":"https:\/\/api.w.org\/{rel}","templated":true}]}}