{"id":3153,"date":"2014-11-19T19:46:51","date_gmt":"2014-11-19T18:46:51","guid":{"rendered":"http:\/\/www.cgt-lkn.org\/nafarroa\/?p=3153"},"modified":"2014-11-19T19:46:51","modified_gmt":"2014-11-19T18:46:51","slug":"ven-a-formar-parte-del-parlamento-social","status":"publish","type":"post","link":"https:\/\/www.cgt-lkn.org\/nafarroa\/blog\/2014\/11\/19\/ven-a-formar-parte-del-parlamento-social\/","title":{"rendered":"Ven a formar parte del \u00abParlamento Social\u00bb"},"content":{"rendered":"<p><a href=\"https:\/\/www.cgt-lkn.org\/nafarroa1\/wp-content\/uploads\/sites\/14\/2014\/11\/Cartel-Parlamento-Social.jpg\"><img loading=\"lazy\" decoding=\"async\" class=\"aligncenter size-medium wp-image-3154\" src=\"https:\/\/www.cgt-lkn.org\/nafarroa1\/wp-content\/uploads\/sites\/14\/2014\/11\/Cartel-Parlamento-Social-214x300.jpg\" alt=\"Cartel Parlamento Social\" width=\"214\" height=\"300\" srcset=\"https:\/\/www.cgt-lkn.org\/nafarroa\/wp-content\/uploads\/sites\/14\/2014\/11\/Cartel-Parlamento-Social-214x300.jpg 214w, https:\/\/www.cgt-lkn.org\/nafarroa\/wp-content\/uploads\/sites\/14\/2014\/11\/Cartel-Parlamento-Social-107x150.jpg 107w, https:\/\/www.cgt-lkn.org\/nafarroa\/wp-content\/uploads\/sites\/14\/2014\/11\/Cartel-Parlamento-Social.jpg 321w\" sizes=\"auto, (max-width: 214px) 100vw, 214px\" \/><\/a><\/p>\n<p style=\"text-align: justify;\">El pr\u00f3ximo s\u00e1bado 22 de noviembre a las 12:00 se celebrar\u00e1 en el Paseo Sarasate la concentraci\u00f3n del \u00abParlamento Social\u00bb, bajo el lema \u00abContra la exclusi\u00f3n: Denok Batera!\u00bb<\/p>\n<p style=\"text-align: justify;\">El Parlamento Social es una iniciativa de confluencia formada por personas y\u00a0 organizaciones sociales con el prop\u00f3sito de impulsar un cambio en Navarra.<\/p>\n<p style=\"text-align: justify;\">La concentraci\u00f3n consistir\u00e1 en la creaci\u00f3n de un simb\u00f3lico \u00abParlamento Social\u00bb en el Paseo Sarasate de Iru\u00f1ea, junto al Parlamento de Navarra, formado por sillas que representen a cada uno de los diferentes colectivos que luchan contra la exclusi\u00f3n social, pol\u00edtica y econ\u00f3mica que practica el Gobierno de Navarra.<\/p>\n<p style=\"text-align: justify;\">El objetivo es que l@s parlamentari@s lleven estos documentos al debate de los presupuestos generales de Navarra para que se oiga la voz de la sociedad, contra los recortes y a favor de la justicia social y de la participaci\u00f3n.<\/p>\n<p style=\"text-align: justify;\">El Parlamento social es una iniciativa de confluencia que tambi\u00e9n convoca la <strong>Manifestaci\u00f3n del pr\u00f3ximo 13 de Diciembre \u201cDENOK BATERA. Por el cambio social.\u201d<br \/>\n<\/strong><\/p>\n<p style=\"text-align: justify;\">Participa y difunde. Ven a formar parte del Parlamento Social \u00a1Trae tu silla contra la exclusi\u00f3n!<\/p>\n<p style=\"text-align: justify;\"><em>Asamblea del Parlamento Social<\/em><\/p>\n","protected":false},"excerpt":{"rendered":"<p>El pr\u00f3ximo s\u00e1bado 22 de noviembre a las 12:00 se celebrar\u00e1 en el Paseo Sarasate la concentraci\u00f3n del \u00abParlamento Social\u00bb,<\/p>\n","protected":false},"author":22,"featured_media":3154,"comment_status":"closed","ping_status":"open","sticky":false,"template":"","format":"standard","meta":{"footnotes":""},"categories":[191,32],"tags":[],"class_list":["post-3153","post","type-post","status-publish","format-standard","has-post-thumbnail","hentry","category-accion-social","category-derechos-sociales"],"_links":{"self":[{"href":"https:\/\/www.cgt-lkn.org\/nafarroa\/wp-json\/wp\/v2\/posts\/3153","targetHints":{"allow":["GET"]}}],"collection":[{"href":"https:\/\/www.cgt-lkn.org\/nafarroa\/wp-json\/wp\/v2\/posts"}],"about":[{"href":"https:\/\/www.cgt-lkn.org\/nafarroa\/wp-json\/wp\/v2\/types\/post"}],"author":[{"embeddable":true,"href":"https:\/\/www.cgt-lkn.org\/nafarroa\/wp-json\/wp\/v2\/users\/22"}],"replies":[{"embeddable":true,"href":"https:\/\/www.cgt-lkn.org\/nafarroa\/wp-json\/wp\/v2\/comments?post=3153"}],"version-history":[{"count":1,"href":"https:\/\/www.cgt-lkn.org\/nafarroa\/wp-json\/wp\/v2\/posts\/3153\/revisions"}],"predecessor-version":[{"id":3155,"href":"https:\/\/www.cgt-lkn.org\/nafarroa\/wp-json\/wp\/v2\/posts\/3153\/revisions\/3155"}],"wp:featuredmedia":[{"embeddable":true,"href":"https:\/\/www.cgt-lkn.org\/nafarroa\/wp-json\/wp\/v2\/media\/3154"}],"wp:attachment":[{"href":"https:\/\/www.cgt-lkn.org\/nafarroa\/wp-json\/wp\/v2\/media?parent=3153"}],"wp:term":[{"taxonomy":"category","embeddable":true,"href":"https:\/\/www.cgt-lkn.org\/nafarroa\/wp-json\/wp\/v2\/categories?post=3153"},{"taxonomy":"post_tag","embeddable":true,"href":"https:\/\/www.cgt-lkn.org\/nafarroa\/wp-json\/wp\/v2\/tags?post=3153"}],"curies":[{"name":"wp","href":"https:\/\/api.w.org\/{rel}","templated":true}]}}