{"id":3141,"date":"2014-11-18T16:08:31","date_gmt":"2014-11-18T15:08:31","guid":{"rendered":"http:\/\/www.cgt-lkn.org\/nafarroa\/?p=3141"},"modified":"2014-11-18T16:09:35","modified_gmt":"2014-11-18T15:09:35","slug":"trucos-para-acabar-con-los-parados","status":"publish","type":"post","link":"https:\/\/www.cgt-lkn.org\/nafarroa\/blog\/2014\/11\/18\/trucos-para-acabar-con-los-parados\/","title":{"rendered":"Trucos para acabar con los parados"},"content":{"rendered":"<p style=\"text-align: justify;\"><em>Recorte de 4.400 millones en prestaciones. El Gobierno opta por distintos retoques estad\u00edsticos para dejar fuera de las listas de desempleo a miles de personas.\u00a0<\/em><\/p>\n<p style=\"text-align: justify;\"><a href=\"https:\/\/www.cgt-lkn.org\/nafarroa1\/wp-content\/uploads\/sites\/14\/2014\/04\/parados-1024x576.jpg\"><img loading=\"lazy\" decoding=\"async\" class=\"aligncenter size-medium wp-image-2095\" src=\"https:\/\/www.cgt-lkn.org\/nafarroa1\/wp-content\/uploads\/sites\/14\/2014\/04\/parados-1024x576-300x168.jpg\" alt=\"parados-1024x576\" width=\"300\" height=\"168\" srcset=\"https:\/\/www.cgt-lkn.org\/nafarroa\/wp-content\/uploads\/sites\/14\/2014\/04\/parados-1024x576-300x168.jpg 300w, https:\/\/www.cgt-lkn.org\/nafarroa\/wp-content\/uploads\/sites\/14\/2014\/04\/parados-1024x576-150x84.jpg 150w, https:\/\/www.cgt-lkn.org\/nafarroa\/wp-content\/uploads\/sites\/14\/2014\/04\/parados-1024x576-400x225.jpg 400w, https:\/\/www.cgt-lkn.org\/nafarroa\/wp-content\/uploads\/sites\/14\/2014\/04\/parados-1024x576.jpg 1024w\" sizes=\"auto, (max-width: 300px) 100vw, 300px\" \/><\/a>El Gobierno de Rajoy destinar\u00e1 menos dinero a los parados en los Presupuestos el a\u00f1o que viene. Concretamente, recortar\u00e1 las prestaciones por desempleo en 4.426,76 millones de euros, hasta los 25.002,47 millones.<strong> Y lo hace porque prev\u00e9 que habr\u00e1 menos parados: Una tasa del 22,9%.<\/strong><\/p>\n<p style=\"text-align: justify;\">\u201cHay dos maneras de bajar el paro: creando empleo o \u2018matando\u2019 parados\u201d, explica un trabajador del antiguo Instituto de Empleo (INEM): \u201c<strong>Aqu\u00ed se ha optado por \u2018matar\u2019 parados. Se les mata de hambre, de aburrimiento y desesperaci\u00f3n<\/strong>. Tambi\u00e9n cuando se han agotado todos los recursos y el sistema no ha permitido ejercer el derecho al trabajo\u201d, explica este experto. \u201cTambi\u00e9n se les elimina formalmente, sac\u00e1ndolos de las listas del paro\u201d. \u00bfC\u00f3mo?<\/p>\n<ol style=\"text-align: justify;\">\n<li><strong> La emigraci\u00f3n<\/strong><\/li>\n<\/ol>\n<p style=\"text-align: justify;\">Lo que la ministra F\u00e1tima B\u00e1\u00f1ez denomin\u00f3, con gran pol\u00e9mica, \u201cmovilidad exterior\u201d.<\/p>\n<ol style=\"text-align: justify;\" start=\"2\">\n<li><strong> No contabilizando<\/strong><\/li>\n<\/ol>\n<p style=\"text-align: justify;\">Utilizan\u00addo trucos a la hora de elaborar los registros del paro, como por ejemplo no contabilizar a los estudiantes o a quienes asisten a cursos de formaci\u00f3n. De hecho, seg\u00fan los expertos, el SEPE \u201cutiliza una clave interna para colectivos especiales para que no computen como los dem\u00e1s parados\u201d.<\/p>\n<ol style=\"text-align: justify;\" start=\"3\">\n<li><strong> Separaci\u00f3n<\/strong><\/li>\n<\/ol>\n<p style=\"text-align: justify;\">Otra manera de eliminar parados es priorizar en las ofertas de empleo a los parados que est\u00e1n percibiendo prestaciones frente a los que no perciben nada. \u201cDe este modo, se saca a gente de la lista del paro y se paga menos. Lo cual ahonda en la brecha de parados de primera y de segunda\u201d, denuncian.<\/p>\n<ol style=\"text-align: justify;\" start=\"4\">\n<li><strong> Paro y EPA<\/strong><\/li>\n<\/ol>\n<p style=\"text-align: justify;\">Tambi\u00e9n se expulsa a parados cuando desisten de seguir apunt\u00e1ndose, porque ya han agotado todas las prestaciones y ya no se les va a ofrecer ninguna alternativa de empleo o formaci\u00f3n. Esto explica las diferencias en n\u00famero de parados entre la Encuesta de Poblaci\u00f3n Activa (EPA) y los registros del paro.<\/p>\n<ol style=\"text-align: justify;\" start=\"5\">\n<li><strong> Control<\/strong><\/li>\n<\/ol>\n<p style=\"text-align: justify;\">Se denominan \u201cacciones de control de la disponibilidad para el empleo\u201d, pero suponen la intensificaci\u00f3n del \u201ccontrol a los parados y aumentar las posibilidades de que fallen y sean expulsados del sistema\u201d. En Madrid, sin ir m\u00e1s lejos, est\u00e1n exigiendo a los parados que justifiquen que han presentado diez curr\u00edculum, entre otros requisitos.\u201cAqu\u00ed se ha optado por \u2018matar\u2019 parados. Se les mata de hambre, de aburrimiento y desesperaci\u00f3n\u00bb<\/p>\n<ol style=\"text-align: justify;\" start=\"6\">\n<li><strong> \u201cCaza del parado\u201d<\/strong><\/li>\n<\/ol>\n<p style=\"text-align: justify;\">En esta tarea intervienen la Inspecci\u00f3n de Trabajo, el SEPE y hasta la Guardia Civil. La Unidad Central de Redes de Inmigraci\u00f3n Ilegal y Falsedades Documentales controla en las fronteras que los parados que reciben prestaci\u00f3n no viajen al extranjero.<\/p>\n<ol style=\"text-align: justify;\" start=\"7\">\n<li><strong> Tramitaci\u00f3n inform\u00e1tica<\/strong><\/li>\n<\/ol>\n<p style=\"text-align: justify;\">\u00c9ste es el aspecto que m\u00e1s peso tiene en la productividad de los trabajadores del INSS, del SEPE y de Tesorer\u00eda. Para las fuentes consultadas, con esto \u201cse est\u00e1 consiguiendo que los colectivos m\u00e1s vulnerables y en riesgo de exclusi\u00f3n est\u00e9n cada vez m\u00e1s alejados de la gesti\u00f3n y tengan cada vez m\u00e1s dificultades para percibir una ayuda\u201d. De nuevo se profundiza la brecha entre los parados de primera y de segunda.<\/p>\n<p style=\"text-align: justify;\"><strong>Menos apuntados al paro<\/strong><\/p>\n<p style=\"text-align: justify;\">\u201cUna cosa es que tengamos menos desempleados y otra que haya menos gente apuntada al paro. Lo que tenemos es menos gente apuntada al paro\u201d, concluyen los expertos laborales consultados. En su opini\u00f3n, \u201cel hecho de que baje el presupuesto para las prestaciones por desempleo, no implica que vaya a bajar el paro. Se va a pagar menos sencillamente por los recortes en las cuant\u00edas de las prestaciones y por el endurecimiento de los requisitos de acceso. Pero <strong>eso no quiere decir necesariamente que vaya a haber menos parados<\/strong>. Gastamos menos no porque haya menos parados, sino porque hay menos parados en condiciones de cobrar. En todo caso, aunque hubiera alg\u00fan parado menos, el paro sigue siendo insoportable\u201d.<\/p>\n<p style=\"text-align: justify;\">Adem\u00e1s hay que tener en cuenta que <strong>el tipo de empleo que se est\u00e1 creando no sustituye al que se ha destruido. Es eventual, en condiciones precarias,<\/strong> con salarios m\u00e1s bajos y por tanto, con cotizaciones inferiores. Antes, a partir de los seis primeros meses se cobraba el 60%, ahora es el 50%. Otra de las razones que apuntan las fuentes para que haya menos gasto en desempleo es que las cotizaciones han bajado fruto de recortes salvajes en los salarios. \u201cNos est\u00e1n mandando a la Edad Media\u201d, lamentan.<\/p>\n<p style=\"text-align: justify;\">En los Presupuestos para 2015, <strong>por el contrario aumenta el dinero destinado a bonificaciones a la contrataci\u00f3n para las empresas<\/strong>. \u201cEsto quiere decir que se cotiza menos, porque si tengo una bonificaci\u00f3n para la contrataci\u00f3n, yo no lo cotizo, lo paga el Estado. Adem\u00e1s, las bonificaciones a las empresas son absurdas y potencian el fraude\u201d, apuntan los expertos consultados.<\/p>\n<p style=\"text-align: justify;\">La estrategia del Gobierno para precarizar a los trabajadores hasta l\u00edmites insoportables queda patente en las presentaciones del Ministerio de Econom\u00eda y Competitividad a los inversores extranjeros. En un reciente documento para inversores de Econom\u00eda, <strong>el ex Lehman Brothers Luis de Guindos presume de que \u201cdesde 2011, el n\u00famero de empleados en el sector p\u00fablico ha disminuido sustancialmente,<\/strong> alcanzando niveles de 2011, con una reducci\u00f3n de unos 377.100 empleados\u201d y de que los costes laborales han bajado en torno a un 7,4% desde el pico de 2009 y han dado un salto atr\u00e1s de siete a\u00f1os, hasta alcanzar niveles de 2007.<\/p>\n<p style=\"text-align: justify;\"><strong>Las prestaciones no llegan<\/strong><\/p>\n<p style=\"text-align: justify;\">Desde 2011 se ha producido el endurecimiento del acceso a las prestaciones. Es el caso de los subsidios para mayores de 52 a\u00f1os, que han pasado a ser para mayores de 55. M\u00e1s ejemplos: <strong>ahora se contabilizan los ingresos de toda la unidad familiar a la hora de conceder una ayuda, lo que deja fuera a mucha gente<\/strong>. Tambi\u00e9n se ha suprimido un subsidio para mayores de 45 a\u00f1os y se han recrudecido los requisitos para la percepci\u00f3n de la Renta Activa de Inserci\u00f3n, una ayuda de \u00faltimo recurso para colectivos en riesgo de exclusi\u00f3n.<\/p>\n<p style=\"text-align: justify;\"><strong>D. <\/strong><strong>E. desempleado: \u201cHay una trituradora silenciosa de parados\u201d<\/strong><\/p>\n<p style=\"text-align: justify;\">En el tercer trimestre de 2014, el n\u00famero de parados baj\u00f3 en 195.200, seg\u00fan la \u00faltima Encuesta de Poblaci\u00f3n Activa (EPA), situando el n\u00famero de desempleados en la nada halag\u00fce\u00f1a cifra de 5.427.700 personas.<strong> <em>Diagonal <\/em>ha recogido el testimonio de uno de esos 195.200 parados menos: un expulsado del antiguo INEM<\/strong>, a d\u00eda de hoy \u00a0Servicio P\u00fablico de Empleo Estatal.<br \/>\n\u201cEso de que hay menos parados no es real.<strong> El Gobierno tiene una pol\u00edtica no escrita para que cualquier receptor de ayudas que tenga un error humano quede expulsado del sistema<\/strong> y por tanto, de cualquier subsidio\u201d, se lamenta D. E., perceptor de Renta Activa de Inserci\u00f3n (RAI), al que acaban de retirar la renta por olvidarse de ir a sellar.<\/p>\n<p style=\"text-align: justify;\">Este parado de larga duraci\u00f3n, ex trabajador de la construcci\u00f3n, fue llamado para una mejora de empleo con una administraci\u00f3n p\u00fablica por 20 horas a la semana y 480 euros de salario m\u00e1s la parte proporcional del subsidio. \u201cCuando acud\u00ed a la mejora de empleo, me dieron otra tarjeta nueva con una nueva fecha. Es decir, que dej\u00e9 de ser un parado de larga duraci\u00f3n. La crisis es tan grave que hasta la antig\u00fcedad en el paro es un privilegio. Luego se me acabaron los seis meses de trabajo y volv\u00ed a recibir la RAI, pero un d\u00eda se me olvid\u00f3 sellar y la perd\u00ed\u201d, relata.<\/p>\n<p style=\"text-align: justify;\">D. E. no puede comprender c\u00f3mo si un parado se olvida de sellar una prestaci\u00f3n por desempleo, pierde un mes de prestaci\u00f3n, pero<strong> si falla en la Renta de \u00faltimo recurso que es la RAI, la pierde todo un a\u00f1o<\/strong>. \u201cEs un ejemplo m\u00e1s de la falta de humanidad de este Gobierno. <strong>Hay una trituradora silenciosa de parados que con argucias\u00a0legales o burocr\u00e1ticas nos quiere matar de hambre y frustraci\u00f3n<\/strong>. Estamos gobernados por las leyes que han elaborado unos delincuentes\u201d.<\/p>\n<p style=\"text-align: justify;\">Informaci\u00f3n relacionada:<\/p>\n<p style=\"text-align: justify;\"><em><a href=\"https:\/\/www.diagonalperiodico.net\/global\/por-estar-desempleo-no-es-no-tener-trabajo.html\">Por qu\u00e9 estar en desempleo no es no tener trabajo<\/a><\/em><\/p>\n<p style=\"text-align: justify;\">Art\u00edculo extra\u00eddo de: <em><a href=\"https:\/\/www.diagonalperiodico.net\/\">Diagonalperi\u00f3dico.net<\/a><\/em><\/p>\n<p>&nbsp;<\/p>\n","protected":false},"excerpt":{"rendered":"<p>Recorte de 4.400 millones en prestaciones. El Gobierno opta por distintos retoques estad\u00edsticos para dejar fuera de las listas de<\/p>\n","protected":false},"author":22,"featured_media":0,"comment_status":"closed","ping_status":"open","sticky":false,"template":"","format":"standard","meta":{"footnotes":""},"categories":[20,211],"tags":[],"class_list":["post-3141","post","type-post","status-publish","format-standard","hentry","category-precariedad","category-reparto-del-trabajo"],"_links":{"self":[{"href":"https:\/\/www.cgt-lkn.org\/nafarroa\/wp-json\/wp\/v2\/posts\/3141","targetHints":{"allow":["GET"]}}],"collection":[{"href":"https:\/\/www.cgt-lkn.org\/nafarroa\/wp-json\/wp\/v2\/posts"}],"about":[{"href":"https:\/\/www.cgt-lkn.org\/nafarroa\/wp-json\/wp\/v2\/types\/post"}],"author":[{"embeddable":true,"href":"https:\/\/www.cgt-lkn.org\/nafarroa\/wp-json\/wp\/v2\/users\/22"}],"replies":[{"embeddable":true,"href":"https:\/\/www.cgt-lkn.org\/nafarroa\/wp-json\/wp\/v2\/comments?post=3141"}],"version-history":[{"count":2,"href":"https:\/\/www.cgt-lkn.org\/nafarroa\/wp-json\/wp\/v2\/posts\/3141\/revisions"}],"predecessor-version":[{"id":3143,"href":"https:\/\/www.cgt-lkn.org\/nafarroa\/wp-json\/wp\/v2\/posts\/3141\/revisions\/3143"}],"wp:attachment":[{"href":"https:\/\/www.cgt-lkn.org\/nafarroa\/wp-json\/wp\/v2\/media?parent=3141"}],"wp:term":[{"taxonomy":"category","embeddable":true,"href":"https:\/\/www.cgt-lkn.org\/nafarroa\/wp-json\/wp\/v2\/categories?post=3141"},{"taxonomy":"post_tag","embeddable":true,"href":"https:\/\/www.cgt-lkn.org\/nafarroa\/wp-json\/wp\/v2\/tags?post=3141"}],"curies":[{"name":"wp","href":"https:\/\/api.w.org\/{rel}","templated":true}]}}