{"id":2297,"date":"2014-05-27T10:53:24","date_gmt":"2014-05-27T09:53:24","guid":{"rendered":"http:\/\/www.cgt-lkn.org\/nafarroa\/?p=2297"},"modified":"2014-05-27T12:12:11","modified_gmt":"2014-05-27T11:12:11","slug":"la-policia-catalana-asalta-la-redaccion-de-el-semanario-de-izquierda-la-directa","status":"publish","type":"post","link":"https:\/\/www.cgt-lkn.org\/nafarroa\/blog\/2014\/05\/27\/la-policia-catalana-asalta-la-redaccion-de-el-semanario-de-izquierda-la-directa\/","title":{"rendered":"La polic\u00eda catalana asalta la redaccion del semanario de izquierda la Directa"},"content":{"rendered":"<h4>\u00bfEs esta es la Catalunya a la que aspira el ultra liberal Mas?<\/h4>\n<div class=\"inset cf\" style=\"color: #333333;\">\n<div class=\"media-holder\"><img loading=\"lazy\" decoding=\"async\" src=\"http:\/\/images.eldiario.es\/catalunyaplural\/Porta-Directa-Mossos-dEsquadra-marcfontribas_EDIIMA20140526_0912_5.jpg\" alt=\"Porta de la redacci\u00f3 del setmanari Directa despr\u00e9s de l'atac dels Mossos d'Esquadra \/ @marcfontribas\" width=\"643\" height=\"482\" \/><\/p>\n<div class=\"caption-inside\" style=\"color: #666666;\">\n<p>Puerta de la redacci\u00f3n del semanario Directa despu\u00e9s del ataque de los Mossos d&#8217;Esquadra \/ @marcfontribas<\/p>\n<\/div>\n<\/div>\n<\/div>\n<div class=\"pg-body\" style=\"color: #333333;\">\n<div class=\"slidebar\">\n<div class=\"md-masInfo md md-sk1 prepend\">\n<div class=\"hd\">\n<h3 class=\"headline-aux\" style=\"font-weight: 800; color: #ffffff;\">m\u00e1s INFO<\/h3>\n<\/div>\n<\/div>\n<\/div>\n<div id=\"edi-body\" class=\"mce-body mce no-sticky-adv-socios\">\n<p class=\"mce\">Los Mossos han atacado la redacci\u00f3n del\u00a0<a class=\"mce\" style=\"color: #215f88;\" href=\"http:\/\/www.directa.cat\/\" target=\"_blank\">semanario Directa<\/a>, en un local compartido con la cooperativa La Ciudad Invisible en el barrio de Sants, al final de la manifestaci\u00f3n contra el desalojo de Can Vies que ha tenido lugar este lunes por la noche.<\/p>\n<p class=\"mce\">Despu\u00e9s de varias cargas y disturbios, los Mossos se han adentrado en la plaza Osca y la calle Riego, donde se encuentra el local y varios periodistas presentes han relatado los hechos en directo a trav\u00e9s de Twitter.<\/p>\n<p class=\"mce\">\u00abDos furgonetas han venido por la calle Riego y cuando han llegado ante el local han bajado, han visto que la puerta estaba abierta y se han ido acercando, hemos apretado el bot\u00f3n de la persiana para bajarla porque hemos visto que ven\u00edan hacia aqu\u00ed y la han detenido por la fuerza y con la porra han roto el cristal de la entrada\u00bb, explica por tel\u00e9fono Jes\u00fas Rodr\u00edguez, periodista del semanario.<\/p>\n<p class=\"mce\">\u00abHab\u00eda un chico al lado de la puerta y le han ido los cristales a la cara, ha quedado herido y ahora la est\u00e1 atendiendo una enfermera\u00bb, a\u00f1ade. Rodr\u00edguez asegura que los Mossos \u00absab\u00edan perfectamente que era la redacci\u00f3n de La Directa\u00bb y que despu\u00e9s de romper el cristal han seguido rondando por la calle. El diputado de la CUP David Fern\u00e0ndez, periodista del medio, se ha quedado custodiando la persiana bajada despu\u00e9s de la intervenci\u00f3n policial.<\/p>\n<div id=\"noticia\" style=\"color: #000000;\">\n<div id=\"noticia\" class=\"body_news_ext\">\n<div>\n<p>&nbsp;<\/p>\n<h5><strong style=\"font-weight: bold;\">Comunicado de CGT en apoyo al CSA Can Vies: CAN V\u00cdES NO SE TOCA!<\/strong><\/h5>\n<p>Hoy, 26 de mayo, el cuerpo de los Mossos vuelve a ocupar policialmente el barrio de Sants, imponiendo su presencia coercitiva en las calles y plazas, bloqueando estaciones de metro, registrando las vecinas y intimidante cualquier persona que intente solidarizarse y protestar contra el desahucio del hist\u00f3rico Centro Social Autogestionado Can Vies.<\/p>\n<p>Hace 17 a\u00f1os que se llen\u00f3 de vida y proyectos sociales un edificio abandonado y sin uso, de titularidad p\u00fablica.\u00a0Un edificio con un pasado ligado a la historia del anarcosindicalismo en la ciudad, primero en la CNT y posteriormente a la CGT.\u00a0A lo largo de todo este tiempo, muchas personas han dedicado una gran cantidad de energ\u00edas en construir un proyecto colectivo que ha sido referencia para el barrio y para toda la Barcelona antagonista y rebelde.<\/p>\n<p>Pero hab\u00eda un problema: La autogesti\u00f3n y la organizaci\u00f3n popular en los barrios son una enmienda a la totalidad del sistema urbano capitalista, en su orden establecido, a sus reglas de obediencia y sumisi\u00f3n.\u00a0Son una enmienda a la totalidad a su Barcelona de escaparate, anclada en la especulaci\u00f3n, la turistizaci\u00f3n de masas y en la precarizaci\u00f3n laboral y social.<\/p>\n<p>Persiguiendo los espacios liberados, se piensan que combaten la rebeli\u00f3n, pero nuestros sue\u00f1os no se encuentran encerrados entre las paredes de Can Vies, como no lo estaban entre las paredes de la Hamsa, el Centro Social Okupado Autogestionado de Hostafrancs que el tripartito hizo desalojar hace 10 a\u00f1os, coincidiendo con la celebraci\u00f3n en la ciudad del infausto F\u00f3rum de las Culturas.\u00a0Nuestros sue\u00f1os de emancipaci\u00f3n los llevamos en nuestros corazones, y \u00e9stos anuncian un mundo nuevo.\u00a0Podr\u00e1 destruir Can Vies, pero ocuparemos y liberaremos otros espacios.\u00a0Podr\u00e1 golpearnos pero volveremos.\u00a0Podr\u00e1 reprimirnos, pero le haremos frente con la solidaridad, con el apoyo mutuo, con nuestra respuesta combativa en la calle.<\/p>\n<p>No queremos terminar este comunicado de urgencia sin se\u00f1alar aquellos que consideramos responsables pol\u00edticos de este desalojo, los cuales han optado por la v\u00eda del conflicto, habiendo podido optar, tal como les ofrec\u00edan las vecinas y vecinos del barrio, por la v\u00eda del di\u00e1logo : TMB, empresa p\u00fablica que prefiere destruir un edificio abandonado a tolerar que \u00e9ste contin\u00fae siendo un espacio para la organizaci\u00f3n de la desobediencia;\u00a0Xavier Trias, alcalde de Barcelona, \u200b\u200bcon CiU, su partido;\u00a0pero tambi\u00e9n aquellos otros que ahora est\u00e1n en la oposici\u00f3n (PSC, ICV, ERC) pero que iniciaron, cuando controlaban el consistorio, el proceso de destrucci\u00f3n que quieren culminar hoy.Queremos hacer notar tambi\u00e9n el momento elegido para efectuar el desalojo: El d\u00eda despu\u00e9s de unas elecciones europeas, para intentar que el ruido medi\u00e1tico del d\u00eda despu\u00e9s tape la verg\u00fcenza de sus actos indignos.<\/p>\n<p>Desde la CGT hacemos un llamamiento a la solidaridad activa con la gente del CSA Can Vies, y reivindicamos el derecho a la ocupaci\u00f3n de edificios sin uso para llenarlos de vida, proyectos comunitarios y de autogesti\u00f3n, por a poner en pr\u00e1ctica la organizaci\u00f3n popular en los barrios.\u00a0<strong style=\"font-weight: bold;\">Esta noche, a las 20.00, habr\u00e1 una manifestaci\u00f3n solidaria en la plaza Joan Peir\u00f3 de Santos.<\/strong><\/p>\n<p><strong style=\"font-weight: bold;\">CAN V\u00cdES NO SE TOCA!\u00a0TODOS Y TODAS SOMOS CAN V\u00cdES!<\/strong><\/p>\n<p>26 de mayo de 2014<\/p>\n<p><strong style=\"font-weight: bold;\">Confederaci\u00f3n General del Trabajo (CGT)<\/strong><\/p>\n<p><strong style=\"font-weight: bold;\">Secretariado Permanente del Comit\u00e9 Confederal de Catalu\u00f1a<\/strong><\/p>\n<\/div>\n<\/div>\n<div class=\"clear\"><\/div>\n<\/div>\n<p style=\"color: #000000;\">\n<\/div>\n<\/div>\n","protected":false},"excerpt":{"rendered":"<p>\u00bfEs esta es la Catalunya a la que aspira el ultra liberal Mas? Puerta de la redacci\u00f3n del semanario Directa<\/p>\n","protected":false},"author":24,"featured_media":1287,"comment_status":"closed","ping_status":"open","sticky":false,"template":"","format":"standard","meta":{"footnotes":""},"categories":[1],"tags":[],"class_list":["post-2297","post","type-post","status-publish","format-standard","has-post-thumbnail","hentry","category-sin-categoria"],"_links":{"self":[{"href":"https:\/\/www.cgt-lkn.org\/nafarroa\/wp-json\/wp\/v2\/posts\/2297","targetHints":{"allow":["GET"]}}],"collection":[{"href":"https:\/\/www.cgt-lkn.org\/nafarroa\/wp-json\/wp\/v2\/posts"}],"about":[{"href":"https:\/\/www.cgt-lkn.org\/nafarroa\/wp-json\/wp\/v2\/types\/post"}],"author":[{"embeddable":true,"href":"https:\/\/www.cgt-lkn.org\/nafarroa\/wp-json\/wp\/v2\/users\/24"}],"replies":[{"embeddable":true,"href":"https:\/\/www.cgt-lkn.org\/nafarroa\/wp-json\/wp\/v2\/comments?post=2297"}],"version-history":[{"count":8,"href":"https:\/\/www.cgt-lkn.org\/nafarroa\/wp-json\/wp\/v2\/posts\/2297\/revisions"}],"predecessor-version":[{"id":2305,"href":"https:\/\/www.cgt-lkn.org\/nafarroa\/wp-json\/wp\/v2\/posts\/2297\/revisions\/2305"}],"wp:featuredmedia":[{"embeddable":true,"href":"https:\/\/www.cgt-lkn.org\/nafarroa\/wp-json\/wp\/v2\/media\/1287"}],"wp:attachment":[{"href":"https:\/\/www.cgt-lkn.org\/nafarroa\/wp-json\/wp\/v2\/media?parent=2297"}],"wp:term":[{"taxonomy":"category","embeddable":true,"href":"https:\/\/www.cgt-lkn.org\/nafarroa\/wp-json\/wp\/v2\/categories?post=2297"},{"taxonomy":"post_tag","embeddable":true,"href":"https:\/\/www.cgt-lkn.org\/nafarroa\/wp-json\/wp\/v2\/tags?post=2297"}],"curies":[{"name":"wp","href":"https:\/\/api.w.org\/{rel}","templated":true}]}}