{"id":2254,"date":"2014-05-22T01:47:56","date_gmt":"2014-05-22T00:47:56","guid":{"rendered":"http:\/\/www.cgt-lkn.org\/nafarroa\/?p=2254"},"modified":"2014-05-22T01:52:36","modified_gmt":"2014-05-22T00:52:36","slug":"la-plataforma-papeles-denontzat-reclama-el-derecho-universal-del-voto-para-todas-las-personas","status":"publish","type":"post","link":"https:\/\/www.cgt-lkn.org\/nafarroa\/blog\/2014\/05\/22\/la-plataforma-papeles-denontzat-reclama-el-derecho-universal-del-voto-para-todas-las-personas\/","title":{"rendered":"La plataforma papeles Denontzat reclama el derecho universal del voto para todas las personas"},"content":{"rendered":"<p>&nbsp;<\/p>\n<p><strong>NAFARROAKO HAUTESKUNDE BATZORDEARI ESKAERA ESPAINIAKO HAUTESKUNDE BATZORDEARI ZUZENTZEKO<\/strong><\/p>\n<p><strong>\u00a0<\/strong><\/p>\n<p>Giza Eskubideen Unibertsal Adierazpenak, bere 21. artikuluan boto-eskubidea onartzen du pertsona guztien oinarrizko eskubide gisa. Hala ere eskubide hau maiatzaren 25eko hauteskundeetan ez da onartua izanen, europarrak ez diren pertsonak bozkatzeko eskubiderik ez dutelako izango, Europar Batasuneko hitzarmenak hori adierazten duelako.<\/p>\n<p>&nbsp;<\/p>\n<p><a href=\"https:\/\/www.cgt-lkn.org\/nafarroa1\/wp-content\/uploads\/sites\/14\/2014\/05\/papeles-2.jpg\"><img loading=\"lazy\" decoding=\"async\" class=\"alignleft size-full wp-image-2255\" src=\"https:\/\/www.cgt-lkn.org\/nafarroa1\/wp-content\/uploads\/sites\/14\/2014\/05\/papeles-2.jpg\" alt=\"papeles 2\" width=\"1280\" height=\"960\" \/><\/a><\/p>\n<p><strong>URNAS CON\u00a0 CONCERTINAS<\/strong><\/p>\n<p>De nuevo nos encontramos ante una cita electoral, llamada fiesta de la democracia, d\u00eda en el que se nos da la voz al \u201cpueblo\u201d. Pero una vez m\u00e1s nos topamos con una injusta realidad. No se llama a toda la ciudadan\u00eda, un importante n\u00famero de personas, aquellas que provienen de fuera de la Uni\u00f3n Europea, aproximadamente 25.000 personas, aquellas que trabajan, codo con codo, con todas nosotras aquellas que pagan sus impuestos en esta Navarra, aquellas con las que nos cruzamos por la calle, en la tienda, en el cine, aquellas con quien posiblemente no nos crucemos palabra\u00a0 pero s\u00ed miradas. Todas ellas el pr\u00f3ximo 25 de mayo, tienen vetado el acercarse a las urnas, se les niega la posibilidad de intervenir sobre la elecci\u00f3n de quienes tendr\u00e1n en su mano decisiones que seguramente les van a afectar, pues desde Bruselas\u00a0 se empe\u00f1an en legislar en contra de los derechos de todas aquellas personas que dejaron su tierra y vinieron aqu\u00ed. Lo \u00fanico que les interesa es\u00a0 su fuerza de trabajo, pero no su voz ni su persona.<\/p>\n<p>Las asesinas concertinas\u00a0 de Melilla en lugar de ser retiradas, se extiende su uso, y el pr\u00f3ximo d\u00eda 25 las urnas aparecer\u00e1n cubiertas por las segregantes y racistas concertinas.<\/p>\n<p>Llevamos a\u00f1os denunciando en cada cita electoral el hecho de que no se convoca a todas las personas. Voten o no voten deben ser convocadas. Ir\u00f3nicamente se utiliza el n\u00famero fr\u00edo y as\u00e9ptico: a mayor poblaci\u00f3n mayor n\u00famero de parlamentarios que corresponde en el reparto de esca\u00f1os en Bruselas, donde se esfuerzan en legislar en contra de la migraci\u00f3n.<\/p>\n<p>Esperando que se tenga en cuenta nuestra solicitud para que todo el mundo tenga los mismos derechos.<\/p>\n<p><strong>Plataforma papeles y derechos Denontzat<\/strong><\/p>\n","protected":false},"excerpt":{"rendered":"<p>&nbsp; NAFARROAKO HAUTESKUNDE BATZORDEARI ESKAERA ESPAINIAKO HAUTESKUNDE BATZORDEARI ZUZENTZEKO \u00a0 Giza Eskubideen Unibertsal Adierazpenak, bere 21. artikuluan boto-eskubidea onartzen du<\/p>\n","protected":false},"author":24,"featured_media":1232,"comment_status":"closed","ping_status":"open","sticky":false,"template":"","format":"standard","meta":{"footnotes":""},"categories":[191,32,221],"tags":[],"class_list":["post-2254","post","type-post","status-publish","format-standard","has-post-thumbnail","hentry","category-accion-social","category-derechos-sociales","category-racismo"],"_links":{"self":[{"href":"https:\/\/www.cgt-lkn.org\/nafarroa\/wp-json\/wp\/v2\/posts\/2254","targetHints":{"allow":["GET"]}}],"collection":[{"href":"https:\/\/www.cgt-lkn.org\/nafarroa\/wp-json\/wp\/v2\/posts"}],"about":[{"href":"https:\/\/www.cgt-lkn.org\/nafarroa\/wp-json\/wp\/v2\/types\/post"}],"author":[{"embeddable":true,"href":"https:\/\/www.cgt-lkn.org\/nafarroa\/wp-json\/wp\/v2\/users\/24"}],"replies":[{"embeddable":true,"href":"https:\/\/www.cgt-lkn.org\/nafarroa\/wp-json\/wp\/v2\/comments?post=2254"}],"version-history":[{"count":4,"href":"https:\/\/www.cgt-lkn.org\/nafarroa\/wp-json\/wp\/v2\/posts\/2254\/revisions"}],"predecessor-version":[{"id":2259,"href":"https:\/\/www.cgt-lkn.org\/nafarroa\/wp-json\/wp\/v2\/posts\/2254\/revisions\/2259"}],"wp:featuredmedia":[{"embeddable":true,"href":"https:\/\/www.cgt-lkn.org\/nafarroa\/wp-json\/wp\/v2\/media\/1232"}],"wp:attachment":[{"href":"https:\/\/www.cgt-lkn.org\/nafarroa\/wp-json\/wp\/v2\/media?parent=2254"}],"wp:term":[{"taxonomy":"category","embeddable":true,"href":"https:\/\/www.cgt-lkn.org\/nafarroa\/wp-json\/wp\/v2\/categories?post=2254"},{"taxonomy":"post_tag","embeddable":true,"href":"https:\/\/www.cgt-lkn.org\/nafarroa\/wp-json\/wp\/v2\/tags?post=2254"}],"curies":[{"name":"wp","href":"https:\/\/api.w.org\/{rel}","templated":true}]}}