{"id":2171,"date":"2014-05-06T22:50:12","date_gmt":"2014-05-06T21:50:12","guid":{"rendered":"http:\/\/www.cgt-lkn.org\/nafarroa\/?p=2171"},"modified":"2014-05-08T14:20:13","modified_gmt":"2014-05-08T13:20:13","slug":"2171","status":"publish","type":"post","link":"https:\/\/www.cgt-lkn.org\/nafarroa\/blog\/2014\/05\/06\/2171\/","title":{"rendered":"Manifestaci\u00f3n en defensa de la Sanidad P\u00fablica, convocada por la Plataforma Navarra de Salud-Nafarroako Osasun Plataforma"},"content":{"rendered":"<p>El \u00a0s\u00e1bado, d\u00eda 10 de mayo, a las 18h, partir\u00e1 desde Autobuses, \u00a0la manifestacion en defensa de la Sanidad P\u00fablica, convocada por la Plataforma Navarra de Salud-Nafarroako Osasun Plataforma.<\/p>\n<p>La sanidad p\u00fablica de Nafarroa lleva d\u00e9cadas secuestrada por el gobierno de UPN. Las privatizacionesy recortes no son cosa reciente, pero si mucho m\u00e1s agresivos desde que Marta Vera toma la direcci\u00f3ndel Departamento de Salud.<\/p>\n<p>Nos hallamos ante el momento de la historiar eciente d eNafarroa en que m\u00e1s se ha privatizado la gesti\u00f3n de lo p\u00fablico y m\u00e1s se ha derivado a la sanidad privada capitales y recursos. Paralelamente seha provocado el mayor desastre organizativo y asistencial de Osasunbidea que hemos conocido tanto profesionales sanitarios, como ciudadan\u00eda.<\/p>\n<p>A nivel organizativo de Osasunbidea no existen precedentes del continuo goteo de dimisiones\/ceses de cargos gestores de todo tipo (desde Director Gerente hasta jefaturas de Servicio\/unidad).La aparente falta de objetivos program\u00e1ticos y el consiguiente caos organizativo, tanto en lo laboral como asistencial, se suplen con prepotencia y autoritarismo por parte de Marta Vera y sus ac\u00f3litos en las direcciones de Osasunbidea ( Ibarrola, Navascues, Peralta, Yurss..).<\/p>\n<p>El retroceso\u00a0 y deterioro de la calidad asistencial que esta padeciendo la poblaci\u00f3n Navarra no tiene precedentes y he aqu\u00ed algunas muestras de ello:<\/p>\n<ul>\n<li>los colapsos en Urgencias y en el Servicio de Extracciones los acontecidos en diciembre pasado,<\/li>\n<li>los retrasos en la citaci\u00f3n en centros de salud de 4 y 5 d\u00edas,<\/li>\n<li>el aumento del volumen de las listas de espera y del tiempo de espera para ser atendido en la especializada,<\/li>\n<li>la amenaza de desmantelamiento de la atenci\u00f3n de urgencias en las zonas rurales<\/li>\n<\/ul>\n<p>&nbsp;<\/p>\n<p>Todo este cuadro descrito es\u201cfruto\u201dde la labor de Marta Vera, persona sin experiencia alguna en gesti\u00f3n sanitaria, pero con un gran intereses en convertir la sanidad publica en \u201cnicho de mercado\u201d para el capital privado. Por que el proyecto de desmantelar nuestra sanidad p\u00fablica es un proyecto ideol\u00f3gicode partido, en este caso UPN, encabezado por Yolanda Barcina y ejecutado fielmente por Marta Vera.<\/p>\n<p>Muy significativo es la atenci\u00f3n en las zonas rurales, por una parte el Gobierno de Navarra presenta un Plan, elaborado sin participaci\u00f3n ni consenso, un plan que no garantiza una atenci\u00f3n sanitaria digna para las zonas rurales.<\/p>\n<p>Por otra parte el parlamento, con los votos de UPN, PP y PSN, no acepta ni debatir la Iniciativa Legislativa Municipal para regular las prestaciones sanitarias en las zonas rurales, iniciativa trabajada durante m\u00e1s de un a\u00f1o ente profesionales, vecinos y cargos electos de las zonas rurales que ha logrado el apoyo de 170 ayuntamientos de Navarra y que busca garantizar una atenci\u00f3n sanitaria primaria y de urgencias adecuada a las necesidades de las zonas rurales.<\/p>\n<p>Las zonas rurales, no aceptamos esta negativa a que se debata la ILM, seguimos pidiendo que por Ley se garanticen unos m\u00ednimos para tener una atenci\u00f3n sanitaria digna y adaptada a las zonas rurales.<\/p>\n<p>Y para ello cuentan con c\u00f3mplices complacientes como el PSN, qui\u00e9n con su abstenci\u00f3n impidi\u00f3 este marzo pasado que la ILM en defensa de la Atenci\u00f3n Primaria Rural prosperase e hist\u00f3ricamente ha sido uno de los pioneros de la privatizaci\u00f3n de la asistencia socio-sanitaria en los periodos que ha sido responsable de su gesti\u00f3n.<\/p>\n<p>El da\u00f1o infligido a nuestra sanidad, y en general a nuestra sociedad es ya muy grave, pero si este tipo de pol\u00edtica y sus ejecutores contin\u00faan a\u00fan o ser\u00e1 ya m\u00e1s, por eso desde la Plataforma Navarra de Salud\/Nafarroako Osasun Plataforma llamamos a una movilizaci\u00f3n ciudadana en defensa de la sanidad p\u00fablica y en contra de quienes la est\u00e1n deteriorando para su venta al mejor postor.<\/p>\n<p><a href=\"https:\/\/www.cgt-lkn.org\/nafarroa1\/wp-content\/uploads\/sites\/14\/2014\/05\/conjeringa-correo.jpg\"><img loading=\"lazy\" decoding=\"async\" class=\"aligncenter size-full wp-image-2188\" src=\"https:\/\/www.cgt-lkn.org\/nafarroa1\/wp-content\/uploads\/sites\/14\/2014\/05\/conjeringa-correo.jpg\" alt=\"conjeringa-correo\" width=\"727\" height=\"1024\" \/><\/a><\/p>\n<p><strong>S\u00e1bado<\/strong> <strong>10 de mayo a las 18 h. MANIESTACI\u00d3N desde AUTOBUSES<\/strong><\/p>\n<p>&nbsp;<\/p>\n","protected":false},"excerpt":{"rendered":"<p>El \u00a0s\u00e1bado, d\u00eda 10 de mayo, a las 18h, partir\u00e1 desde Autobuses, \u00a0la manifestacion en defensa de la Sanidad P\u00fablica,<\/p>\n","protected":false},"author":24,"featured_media":1649,"comment_status":"closed","ping_status":"open","sticky":false,"template":"","format":"standard","meta":{"footnotes":""},"categories":[205,32,75,216],"tags":[],"class_list":["post-2171","post","type-post","status-publish","format-standard","has-post-thumbnail","hentry","category-accion-sindical","category-derechos-sociales","category-movilizaciones","category-secciones-sindicales"],"_links":{"self":[{"href":"https:\/\/www.cgt-lkn.org\/nafarroa\/wp-json\/wp\/v2\/posts\/2171","targetHints":{"allow":["GET"]}}],"collection":[{"href":"https:\/\/www.cgt-lkn.org\/nafarroa\/wp-json\/wp\/v2\/posts"}],"about":[{"href":"https:\/\/www.cgt-lkn.org\/nafarroa\/wp-json\/wp\/v2\/types\/post"}],"author":[{"embeddable":true,"href":"https:\/\/www.cgt-lkn.org\/nafarroa\/wp-json\/wp\/v2\/users\/24"}],"replies":[{"embeddable":true,"href":"https:\/\/www.cgt-lkn.org\/nafarroa\/wp-json\/wp\/v2\/comments?post=2171"}],"version-history":[{"count":6,"href":"https:\/\/www.cgt-lkn.org\/nafarroa\/wp-json\/wp\/v2\/posts\/2171\/revisions"}],"predecessor-version":[{"id":2189,"href":"https:\/\/www.cgt-lkn.org\/nafarroa\/wp-json\/wp\/v2\/posts\/2171\/revisions\/2189"}],"wp:featuredmedia":[{"embeddable":true,"href":"https:\/\/www.cgt-lkn.org\/nafarroa\/wp-json\/wp\/v2\/media\/1649"}],"wp:attachment":[{"href":"https:\/\/www.cgt-lkn.org\/nafarroa\/wp-json\/wp\/v2\/media?parent=2171"}],"wp:term":[{"taxonomy":"category","embeddable":true,"href":"https:\/\/www.cgt-lkn.org\/nafarroa\/wp-json\/wp\/v2\/categories?post=2171"},{"taxonomy":"post_tag","embeddable":true,"href":"https:\/\/www.cgt-lkn.org\/nafarroa\/wp-json\/wp\/v2\/tags?post=2171"}],"curies":[{"name":"wp","href":"https:\/\/api.w.org\/{rel}","templated":true}]}}