{"id":1547,"date":"2014-01-15T14:36:19","date_gmt":"2014-01-15T13:36:19","guid":{"rendered":"http:\/\/www.cgt-lkn.org\/nafarroa\/?p=1547"},"modified":"2014-01-15T14:36:19","modified_gmt":"2014-01-15T13:36:19","slug":"obstinacion-ciega-de-la-troika-hacia-el-crecimiento-de-las-desigualdades","status":"publish","type":"post","link":"https:\/\/www.cgt-lkn.org\/nafarroa\/blog\/2014\/01\/15\/obstinacion-ciega-de-la-troika-hacia-el-crecimiento-de-las-desigualdades\/","title":{"rendered":"Obstinaci\u00f3n ciega de la troika hacia el crecimiento&#8230; de las desigualdades"},"content":{"rendered":"<div>\n<div>NUMEROSOS INFORMES ALERTAN DEL AUMENTO DE LA POBREZA EN EL ESTADO ESPA\u00d1OL<\/div>\n<div><span>\u00a0<\/span><a href=\"https:\/\/plus.google.com\/share?url={URL}\"><img loading=\"lazy\" decoding=\"async\" alt=\"\" src=\"http:\/\/www.diagonalperiodico.net\/sites\/all\/themes\/diagotema\/css\/img\/transparente.png\" width=\"20\" height=\"20\" \/><\/a><span>\u00a0\u00a0<\/span><\/div>\n<\/div>\n<div>\n<div>\n<div>\n<div>\n<div>\n<div><a title=\"Obstinaci\u00f3n ciega de la troika hacia el crecimiento... de las desigual...\" href=\"http:\/\/www.diagonalperiodico.net\/sites\/default\/files\/styles\/pantalla_comp\/public\/foto\/pobreza_web.jpg?itok=oBN6b3SO\" rel=\"\"><img loading=\"lazy\" decoding=\"async\" alt=\"\" src=\"http:\/\/www.diagonalperiodico.net\/sites\/default\/files\/styles\/cuerpo_630x426\/public\/foto\/pobreza_web.jpg?itok=xcbgfx48\" width=\"644\" height=\"429\" \/><\/a><\/div>\n<\/div>\n<\/div>\n<\/div>\n<\/div>\n<div>\n<div>\n<div>\n<div>\n<div>\n<div>Las pol\u00edticas de la troika est\u00e1n condenando a miles de personas a la pobreza severa. \/<strong>\u00a0<a href=\"http:\/\/www.diagonalperiodico.net\/colaboradores\/olmo-calvo-0\">OLMO CALVO.<\/a><\/strong><\/div>\n<\/div>\n<\/div>\n<\/div>\n<\/div>\n<\/div>\n<div>\n<div>\n<p>Mientras la situaci\u00f3n econ\u00f3mica de la mayor\u00eda de las personas en el Estado espa\u00f1ol empeora, crece el n\u00famero de ricos y la exigencia de las organizaciones que integran la troika para seguir dando otra vuelta de tuerca a los ciudadanos y ciudadanas. El autor recoge todos los informes que evidencian la imposici\u00f3n econ\u00f3mica neoliberal.<\/p>\n<\/div>\n<div><a href=\"http:\/\/www.diagonalperiodico.net\/global\/19564-espana-2018.html\">\u00a0<\/a><\/div>\n<\/div>\n<div>\n<div>\n<div>\n<div>\n<div>\n<p>Despu\u00e9s de su quinta visita a Espa\u00f1a, entre el 2 y el 13 de diciembre de 2013, la troika -Comisi\u00f3n Europea (CE), Banco Central Europeo (BCE) y Fondo Monetario Internacional (FMI)- aplaudi\u00f3 el camino recorrido hacia el fin del rescate bancario,\u00a0<strong>mientras reclamaba al Gobierno espa\u00f1ol que siguiera en la misma direcci\u00f3n de la austeridad<\/strong>mort\u00edfera para la poblaci\u00f3n. Concretamente,<strong>\u00a0pidi\u00f3 al Gobierno que d\u00e9 otra vuelta de tuerca a la reforma laboral, flexibilizando a\u00fan m\u00e1s el contrato a tiempo parcial,<\/strong>\u00a0que elimine el llamado d\u00e9ficit de tarifa de la luz transferi\u00e9ndolo en deuda p\u00fablica a largo plazo para todos aunque siguen aumentando las facturas para los consumidores, que aborde la reforma fiscal gravando de manera regresiva a la mayor\u00eda que menos tiene, y un largo etc.<\/p>\n<p>Da igual que haga tambalear la democracia y hunda los derechos humanos, pues Espa\u00f1a, cuarta econom\u00eda de la zona euro, sali\u00f3 en el tercer trimestre de 2013 de una recesi\u00f3n de dos a\u00f1os, con un d\u00e9bil pero sagrado crecimiento del +0,1% respecto al trimestre anterior. Y aunque no se repartir\u00e1 de manera equitativa, ni lo aprovechar\u00e1 tampoco la gran mayor\u00eda de la poblaci\u00f3n, es lo que les importa a la troika y al Gobierno.<\/p>\n<p>Estas \u201creformas\u201d deben entenderse como pol\u00edticas neoliberales ultraconservadoras que chocan con el modelo del Estado de bienestar y de derechos sociales conquistadosCabe se\u00f1alar que el fondo de rescate (MEDE) y la Comisi\u00f3n europea mantendr\u00e1n su vigilancia hasta haber recuperado el 100% del rescate bancario, del cual Espa\u00f1a ha utilizado 41.300 millones de euros, lo que est\u00e1 previsto que suceda en 2027.<\/p>\n<h4>M\u00e1s recortes y contrarreformas<\/h4>\n<p>Mientras, el sumiso Gobierno espa\u00f1ol estaba tramitando estas contrarreformas, el 16 diciembre de 2013,\u00a0<strong>el FMI segu\u00eda presionando y recordaba a Espa\u00f1a que \u00abes crucial mantener el ritmo de reformas\u00bb<\/strong>. Por su parte, la Comisi\u00f3n Europea advert\u00eda que \u201clos esfuerzos para aplicar l<strong>as medidas acordadas deben continuar\u00a0<\/strong>seg\u00fan lo previsto\u201d.<\/p>\n<p>Estas \u201creformas\u201d deben entenderse como pol\u00edticas neoliberales ultraconservadoras que chocan con el modelo del Estado de bienestar y de derechos sociales conquistados. No importa que este recorrido empujado por la troika nos lleve hacia<strong>\u00a0una crisis humanitaria sin precedentes<\/strong>\u00a0con m\u00e1s de dos millones de ni\u00f1os (2.267.000 en 2012) que viven bajo el umbral de la pobreza, y casi dos millones de personas que no perciben ning\u00fan tipo de prestaci\u00f3n. Lo que importa son los indicadores econ\u00f3micos, como el sacrosanto crecimiento que se supone deber\u00eda beneficiar a todos. As\u00ed pues, es muy razonable tener dudas al respecto.<\/p>\n<p>Con estas medidas, la troika ense\u00f1a al Gobierno espa\u00f1ol c\u00f3mo ingresar m\u00e1s o gastar menos para seguir pagando religiosamente la deuda, sea ileg\u00edtima, ilegal o no. La troika, una vez m\u00e1s, se equivoca de direcci\u00f3n. En vez de salvar a los bancos privados con el dinero p\u00fablico, flexibilizar los contratos laborales para bajar salarios y facilitar los despidos, gravar m\u00e1s con el IVA a todos los espa\u00f1oles sean cuales sean sus ingresos&#8230; deber\u00eda, entre otras sendas, buscar por el lado de la evasi\u00f3n fiscal, que hace que, seg\u00fan datos del coordinador en Catalunya de Gestha (el sindicato de T\u00e9cnicos del Ministerio de Econom\u00eda y Hacienda) Miguel \u00c1ngel Mayo, cerca de 89.000 millones de euros dejen de ingresarse anualmente. El fraude fiscal, que en el Estado espa\u00f1ol se estima en torno al 23-25% del PIB, se debe en un 72% a las grandes empresas (33 de las 35 empresas que forman el Ibex 35 tienen fondos en para\u00edsos fiscales) y a fortunas que tributan poco o nada en el Estado, aprovech\u00e1ndose de un sistema judicial ventajoso en t\u00e9rminos fiscales.<\/p>\n<p>No importa que este recorrido empujado por la troika nos lleve hacia una<br \/>crisis humanitaria sin precedentes con m\u00e1s de dos millones de ni\u00f1os<br \/>(2.267.000 en 2012) que viven bajo el umbral de la pobreza, y casi dos<br \/>millones de personas que no perciben ning\u00fan tipo de prestaci\u00f3nSiempre est\u00e1n los pol\u00edticos para ver la luz al final del t\u00fanel (\u00bfSer\u00eda la salida tan esperada o el tren que se nos viene encima?) y para animar a la gente con el crecimiento capitalista, sean cuales sean las consecuencias sociales y medio ambientales.\u00a0<strong>Seg\u00fan el pensamiento \u00fanico, no hay otra alternativa posible al capitalismo devastador en curso<\/strong>: \u201c&#8230;las recetas de la troika en Europa, y anteriormente las del FMI en Asia y Am\u00e9rica Latina, son las adecuadas para volver a una senda sostenible\u201d afirm\u00f3 en diciembre de 2013 Klaus Regling, ex economista del FMI y actual director gerente del Mecanismo Europeo de Estabilidad (MEDE).<\/p>\n<p>A pesar de que el abanico de recomendaciones de las instituciones financieras (OCDE, FMI, CE, BM, etc.) aplicadas por todo el planeta no mejoran la situaci\u00f3n y de que las pol\u00edticas de austeridad llevadas a cabo por el FMI fracasan desde hace d\u00e9cadas en el Sur, el Fondo sigue el mismo camino tambi\u00e9n en el Norte, aunque haya cada vez m\u00e1s voces que se levantan contra \u00e9l. Al contrario de lo que dijo Klaus Regling, estas pol\u00edticas no son \u201cadecuadas\u201d, visto que son responsables de graves crisis humanitarias en Am\u00e9rica latina, Asia y ahora en pa\u00edses del Sur y del Este de Europa empezando por Grecia, Ruman\u00eda, Espa\u00f1a&#8230;<\/p>\n<p>A t\u00edtulo de ejemplo, seg\u00fan el reciente informe\u00a0<strong>La trampa de la austeridad de Oxfam, el n\u00famero de europeos sumidos en la pobreza podr\u00eda aumentar entre 15 y 25 millones en 2025\u00a0<\/strong>si contin\u00faan las mismas pol\u00edticas de &#8216;austericidio&#8217; que se est\u00e1n llevando a cabo. El comisario para los Derechos Humanos del Consejo de Europa afirma en el informe La protecci\u00f3n de los derechos humanos en tiempos de crisis econ\u00f3mica, que se public\u00f3 el 4 de diciembre de 2013, que l<strong>as medidas de austeridad aplicadas en Europa tuvieron como efecto de menoscabar los derechos humano<\/strong>s en el continente.<\/p>\n<p>En vez de salvar a los bancos privados con el dinero p\u00fablico,<br \/>flexibilizar los contratos laborales para bajar salarios y facilitar los<br \/>despidos, gravar m\u00e1s con el IVA a todos los espa\u00f1oles sean cuales sean sus ingresos&#8230;El informe establece que \u201cmuchas de esas medidas de austeridad \u2013 caracterizadas por recortes del gasto p\u00fablico, incremento de los impuestos regresivos, la reforma de las pensiones y una protecci\u00f3n laboral reducida \u2013 han empeorado las ya de por s\u00ed graves consecuencias humanitarias de la crisis econ\u00f3mica&#8230;\u201d . A\u00fan peor : \u201cTras tres a\u00f1os de austeridad, dichas medidas no han logrado a\u00fan sus objetivos.\u201d De hecho, tampoco han sido corregidas las causas que llevaron a la recesi\u00f3n.<\/p>\n<p>Como para confirmar este panorama desolador, tres miembros de una familia en Alcal\u00e1 de Guada\u00edra (Sevilla) murieron por\u00a0 alimentarse de productos en mal estado, lo que llev\u00f3 a final de 2013 a la Federaci\u00f3n de Asociaciones para la Defensa de la Sanidad P\u00fablica (Fadsp) a denunciar que los recortes y l<strong>a crisis obligan a \u00abmillones de personas\u00bb a vivir en la indigencia y a alimentarse de productos en mal estado<\/strong>, cuya alimentaci\u00f3n se basa en lo que cogen en los cubos de la basura.<\/p>\n<h4>Desigualdad, pobreza seg\u00fan todos los informes<\/h4>\n<p>En 2013, otro informe de la Fundaci\u00f3n Foessa, Desigualdad y Derechos Sociales. An\u00e1lisis y Perspectivas 2013, destac\u00f3 la profundizaci\u00f3n de la desigualdad que existe en el Estado espa\u00f1ol:\u00a0<strong>\u201cMientras que desde 2006 los ingresos de la poblaci\u00f3n con rentas m\u00e1s bajas han ca\u00eddo cerca de un 5% en t\u00e9rminos reales cada a\u00f1o, el crecimiento correspondiente a los hogares m\u00e1s ricos ha sido el mayor de toda la poblaci\u00f3n\u201d<\/strong>. Sin embargo, el FMI, recomendaba a principios de agosto de 2013, bajar los salarios un 10% en Espa\u00f1a. \u00bfCu\u00e1l es la legitimidad de una organizaci\u00f3n que pide recortar salarios cuando su directora, Christine Lagarde, se lo subi\u00f3 un 11% a su llegada al FMI y cobra ahora m\u00e1s de 30.000 euros al mes, todo incluido, sin pagar impuestos?<\/p>\n<p>Seg\u00fan el mismo informe de la Fundaci\u00f3n Foessa, se ha pasado de 380.000 hogares en los que todos los activos estaban sin trabajo antes de la crisis a m\u00e1s de un mill\u00f3n ochocientos mil a finales de 2012. \u00bfNo basta con ver las consecuencias de las pol\u00edticas aplicadas bajo la presi\u00f3n del FMI y la CE para no seguir aprob\u00e1ndolas?<\/p>\n<p>Los 300 millonarios m\u00e1s ricos del mundo se hicieron a\u00fan m\u00e1s ricos en<br \/>2013, disparando su riqueza de un 524.000 millones de d\u00f3lares (381.000<br \/>millones de euros, o sea m\u00e1s que el nivel de la deuda de GreciaLa desigualdad es un componente del capitalismo y mientras se generaliza la pobreza, crece la riqueza. A nivel mundial, seg\u00fan\u00a0<strong>la clasificaci\u00f3n anual Bloomberg Billionaires Index, los 300 millonarios m\u00e1s ricos del mundo se hicieron a\u00fan m\u00e1s ricos<\/strong>\u00a0en 2013, disparando su riqueza de un 524.000 millones de d\u00f3lares (381.000 millones de euros, o sea m\u00e1s que el nivel de la deuda de Grecia, que se situaba a finales de 2013 en 322.000 millones de euros), para establecerse en 3,7 billones de d\u00f3lares, o sea m\u00e1s de tres veces el PIB de Espa\u00f1a. El espa\u00f1ol<strong>Amancio Ortega, el tercer hombre m\u00e1s rico del mundo, ha visto c\u00f3mo su fortuna aumentaba en 8.900 millones de d\u00f3lares en 2013, hasta los 66.400 millones.<\/strong><\/p>\n<p>En cuanto a la lista establecida por Forbes en marzo de 2013, el mundo ten\u00eda\u00a0<strong>1.426 multimillonarios\u00a0<\/strong>ese a\u00f1o<strong>\u00a0(una cifra r\u00e9cord con 210 nuevos multimillonarios m\u00e1s),\u00a0<\/strong>con un patrimonio neto total de 5,4 billones de d\u00f3lares, 800.000 millones m\u00e1s que en el 2012 (cuando ten\u00edan 4,6 billones de d\u00f3lares), o sea una subida del 18%. En Espa\u00f1a, los 100 m\u00e1s ricos de la lista Forbes espa\u00f1ola sumaban un patrimonio de 158.200 millones de euros y los 10 m\u00e1s ricos 82.800 millones de euros.<\/p>\n<h4>La riqueza mundial ha aumentado un 68% estos diez \u00faltimos a\u00f1os<\/h4>\n<p>Seg\u00fan el informe Global Wealth Report 2013, publicado el 9 de octubre de 2013 por Cr\u00e9dit Suisse, la riqueza mundial ha aumentado un 68% estos diez \u00faltimos a\u00f1os, hasta alcanzar los 241 billones de d\u00f3lares (178 billones de euros, o sea 178.000.000.000.000 euros) y la cent\u00e9sima parte de l<strong>a poblaci\u00f3n m\u00e1s rica ostenta el 46% del patrimonio global.<\/strong>Este ascenso fulgurante no parece quedarse ah\u00ed, ya que el mismo informe prev\u00e9 que la fortuna mundial aumente un 40% m\u00e1s hasta 2018, para alcanzar los 334 billones de d\u00f3lares.<\/p>\n<p>En Espa\u00f1a, seg\u00fan el mismo\u00a0<strong>Informe de Credit Suisse, el n\u00famero de millonarios (aquellos que tienen m\u00e1s de un mill\u00f3n de d\u00f3lares, unos 740.000 euros) subi\u00f3 un 13,2 %<\/strong>\u00a0para alcanzar las 402.000 personas a mediados de 2013. De esta forma, hay 47.000 personas millonarias m\u00e1s en un a\u00f1o en el Estado espa\u00f1ol.<\/p>\n<p>El n\u00famero de hogares con todos sus miembros activos en paro ha pasado de<br \/>380.000 hogares en el a\u00f1o 2006 (2,6%) a m\u00e1s de 1.900.000 en 2013 (11%) (EP A). Es decir se ha multiplicado por cuatro en cinco a\u00f1osDel otro lado de la valla, la renta de 18.500 euros que en promedio recibieron los espa\u00f1oles en 2012 es inferior en t\u00e9rminos de capacidad adquisitiva a la que ya exist\u00eda en el a\u00f1o 2001. Asimismo, desde 2007 la renta media ha ca\u00eddo un 4%, mientras que los precios se han incrementado en un 10%.<\/p>\n<h4>Pobreza severa<\/h4>\n<p>Seg\u00fan revela el VIII Informe del Observatorio de la Realidad Social que elabora C\u00e1ritas espa\u00f1ola, correspondiente a 2012,\u00a0<strong>la pobreza severa, es decir, vivir con menos de 307 euros al mes, afecta ya a tres millones de personas en Espa\u00f1a<\/strong>, el equivalente al 6,4% de la poblaci\u00f3n.<\/p>\n<p>Es decir, el doble de las que estaban en esta situaci\u00f3n antes del comienzo de la crisis en 2008. De las 350.000 personas atendidas en los servicios de Acogida y Atenci\u00f3n primaria de C\u00e1ritas en 2007, se ha pasado a 1.300.000 en el 2012. El n\u00famero de hogares con todos sus miembros activos en paro ha pasado de 380.000 hogares en el a\u00f1o 2006 (2,6%) a m\u00e1s de 1.900.000 en 2013 (11%) (EP A). Es decir se ha multiplicado por cuatro en cinco a\u00f1os.<\/p>\n<p>Entonces se\u00f1or Klaus Regling, se\u00f1ores acreedores del FMI, de la CE y del BCE,\u00a0<strong>\u00bfSon adecuadas las medidas impuestas por ustedes en Espa\u00f1a a cambio de un rescate a la banca que tardaremos a\u00f1os en devolver?<\/strong><\/p>\n<div>\n<div><a href=\"http:\/\/www.diagonalperiodico.net\/taxonomy\/term\/21995\">J\u00e9r\u00f4me Duval<\/a><\/div>\n<div>Valencia<\/div>\n<div>\u00a0<\/div>\n<\/div>\n<div>15\/01\/14 \u00b7 8:00<\/div>\n<div>\u00a0<\/div>\n<div>\u00a0<\/div>\n<div><strong>inforelacionada<\/strong><\/div>\n<div><a href=\"http:\/\/www.diagonalperiodico.net\/global\/19564-espana-2018.html\">El futuro que depara el FMI para Espa\u00f1a: deuda, paro y mucha pobreza<\/a>,\u00a0<a href=\"http:\/\/www.diagonalperiodico.net\/global\/20151-la-troika-se-marcha-la-crisis-se-queda.html\">La troika se marcha, la crisis se queda en Portugal<\/a><\/div>\n<div><a href=\"http:\/\/www.diagonalperiodico.net\/global\/19997-la-austeridad-ha-puesto-espana-mismo-camino-grecia.html\">\u201cLa austeridad ha puesto a Espa\u00f1a en el mismo camino que Grecia\u201d<\/a><br \/><a href=\"http:\/\/www.diagonalperiodico.net\/global\/la-refinanciacion-rescates-y-rescate-espana.html\">La refinanciaci\u00f3n de los rescates y el rescate de Espa\u00f1a<\/a><br \/><a href=\"http:\/\/www.diagonalperiodico.net\/global\/la-quita-chipre-y-ajuste-la-troika-encienden-alarmas.html\">La quita a Chipre y el ajuste de la Troika encienden las alarmas<\/a><\/div>\n<\/div>\n<\/div>\n<\/div>\n<\/div>\n<\/div>\n<\/div>\n","protected":false},"excerpt":{"rendered":"<p>NUMEROSOS INFORMES ALERTAN DEL AUMENTO DE LA POBREZA EN EL ESTADO ESPA\u00d1OL \u00a0\u00a0\u00a0 Las pol\u00edticas de la troika est\u00e1n condenando<\/p>\n","protected":false},"author":24,"featured_media":785,"comment_status":"closed","ping_status":"open","sticky":false,"template":"","format":"standard","meta":{"footnotes":""},"categories":[191,32],"tags":[],"class_list":["post-1547","post","type-post","status-publish","format-standard","has-post-thumbnail","hentry","category-accion-social","category-derechos-sociales"],"_links":{"self":[{"href":"https:\/\/www.cgt-lkn.org\/nafarroa\/wp-json\/wp\/v2\/posts\/1547","targetHints":{"allow":["GET"]}}],"collection":[{"href":"https:\/\/www.cgt-lkn.org\/nafarroa\/wp-json\/wp\/v2\/posts"}],"about":[{"href":"https:\/\/www.cgt-lkn.org\/nafarroa\/wp-json\/wp\/v2\/types\/post"}],"author":[{"embeddable":true,"href":"https:\/\/www.cgt-lkn.org\/nafarroa\/wp-json\/wp\/v2\/users\/24"}],"replies":[{"embeddable":true,"href":"https:\/\/www.cgt-lkn.org\/nafarroa\/wp-json\/wp\/v2\/comments?post=1547"}],"version-history":[{"count":3,"href":"https:\/\/www.cgt-lkn.org\/nafarroa\/wp-json\/wp\/v2\/posts\/1547\/revisions"}],"predecessor-version":[{"id":1550,"href":"https:\/\/www.cgt-lkn.org\/nafarroa\/wp-json\/wp\/v2\/posts\/1547\/revisions\/1550"}],"wp:featuredmedia":[{"embeddable":true,"href":"https:\/\/www.cgt-lkn.org\/nafarroa\/wp-json\/wp\/v2\/media\/785"}],"wp:attachment":[{"href":"https:\/\/www.cgt-lkn.org\/nafarroa\/wp-json\/wp\/v2\/media?parent=1547"}],"wp:term":[{"taxonomy":"category","embeddable":true,"href":"https:\/\/www.cgt-lkn.org\/nafarroa\/wp-json\/wp\/v2\/categories?post=1547"},{"taxonomy":"post_tag","embeddable":true,"href":"https:\/\/www.cgt-lkn.org\/nafarroa\/wp-json\/wp\/v2\/tags?post=1547"}],"curies":[{"name":"wp","href":"https:\/\/api.w.org\/{rel}","templated":true}]}}