{"id":1256,"date":"2013-11-26T11:31:10","date_gmt":"2013-11-26T10:31:10","guid":{"rendered":"http:\/\/www.cgt-lkn.org\/nafarroa\/?p=1256"},"modified":"2013-11-26T11:31:10","modified_gmt":"2013-11-26T10:31:10","slug":"27-de-noviembre-manifestacion-de-apoyo-a-la-trabajadora-despedida-de-correos","status":"publish","type":"post","link":"https:\/\/www.cgt-lkn.org\/nafarroa\/blog\/2013\/11\/26\/27-de-noviembre-manifestacion-de-apoyo-a-la-trabajadora-despedida-de-correos\/","title":{"rendered":"27 de noviembre. Manifestaci\u00f3n de apoyo a la trabajadora despedida de Correos"},"content":{"rendered":"<p><a href=\"https:\/\/www.cgt-lkn.org\/nafarroa1\/wp-content\/uploads\/sites\/14\/2013\/11\/MANI1.jpg\"><img loading=\"lazy\" decoding=\"async\" class=\"alignleft size-medium wp-image-1260\" alt=\"MANI1\" src=\"https:\/\/www.cgt-lkn.org\/nafarroa1\/wp-content\/uploads\/sites\/14\/2013\/11\/MANI1-193x300.jpg\" width=\"193\" height=\"300\" \/><\/a><strong>CGT\/LKN<\/strong> hace un llamamiento a a su afiliaci\u00f3n y a l@s irusheme en general a participar en la manifestaci\u00f3n de apoyo a una trabajadora de Correos despedida por estar enferma. la manifestaci\u00f3n partira de Autobuses viejo el miercoles 27 a las 19h<\/p>\n<p>En una aplicaci\u00f3n brutal de la reforma laboral del Partido Popular, la Direcci\u00f3n de Recursos\u00a0Humanos de Correos, desde Madrid, ha comunicado a Tina Parra Cobos, trabajadora de Correos de\u00a0Pamplona con 23 a\u00f1os de servicio, su despido. La falta que ha cometido consiste en&#8230; \u00a1padecer\u00a0fibromialgia!<br \/>Efectivamente, por incre\u00edble que parezca el motivo aducido por Correos es que Tina ha tenido\u00a0faltas, \u201cjustificadas pero intermitentes, que alcanzan el 20% de las jornadas h\u00e1biles en dos meses\u00a0consecutivos, alcanzando adem\u00e1s el 5% de las jornadas h\u00e1biles el total de faltas de asistencia en los\u00a0doce meses anteriores\u201d.<br \/>En concreto, a Tina le reprochan haber faltado 18 d\u00edas entre el 7 de noviembre del 2011 y el 2 de\u00a0abril del 2012; y otros 17 d\u00edas entre 14 de noviembre del 2012 al 26 de diciembre del 2012. Pero si\u00a0Tina ha faltado al trabajo, no lo ha hecho por voluntad propia. SE TRATA DE BAJAS POR\u00a0ENFERMEDAD. La mayor\u00eda de las bajas tiene su origen en la enfermedad cr\u00f3nica que padece\u00a0dicha trabajadora: Fibromialgia. De hecho, Tina tiene (ten\u00eda) un puesto adaptado a su patolog\u00eda\u00a0dentro de Correos, por lo que la Direcci\u00f3n de la empresa conoce perfectamente su situaci\u00f3n.\u00a0Pues bien, al Director de Recursos Humanos de Correos, Luis Perez Capit\u00e1n, que anteriormente\u00a0estuvo al frente de la Inspecci\u00f3n de Trabajo en Navarra, no le ha temblado el pulso a la hora de\u00a0firmar el despido y echar a la calle a Tina.<br \/>Con esta medida, Correos abre la puerta para futuros despidos f\u00e1ciles y baratos de trabajadoras y\u00a0trabajadores que puedan resultar \u201cinc\u00f3modos\u201d para la empresa.<br \/>No estamos dispuestas a permitir este despido y la implantaci\u00f3n del miedo al\u00a0mismo entre las personas enfermas\u00a0Todas y todos podemos estar en circunstancias similares.<br \/>No podemos permitir que las empresas se deshagan de las trabajadoras con\u00a0enfermedades cr\u00f3nicas como si fueran un lastre.<br \/>No somos n\u00fameros, somos personas con derechos.<br \/>No se puede condenar a nadie a la exclusi\u00f3n social por padecer una enfermedad.<br \/>\u00a1Activate!<br \/>\u00a1Acude a la manifestaci\u00f3n!<\/p>\n<p>&nbsp;<\/p>\n<p><span style=\"font-size: 14px;\"><strong>\u00a0Intervencion de nuestro compa\u00f1ero Katxo de CGT Correos en el parlamento foral<\/strong><\/span><\/p>\n<p><object id=\"_player\" width=\"430\" height=\"359\" classid=\"clsid:d27cdb6e-ae6d-11cf-96b8-444553540000\" codebase=\"http:\/\/download.macromedia.com\/pub\/shockwave\/cabs\/flash\/swflash.cab#version=6,0,40,0\" name=\"_player\"><param name=\"allowfullscreen\" value=\"true\" \/><param name=\"allowscriptaccess\" value=\"always\" \/><param name=\"flashvars\" value=\"config={ &quot;key&quot;:&quot;#$47f86ffd5994cc79c45&quot;, &quot;logo&quot;:{&quot;url&quot;:&quot;http:\/\/www.parlamentodenavarra.es\/Modules\/Videoteca\/Images\/logoplayer2.png&quot;, &quot;fullscreenOnly&quot;:false}, &quot;log&quot;:{&quot;level&quot;:&quot;info&quot;},&quot;canvas&quot;:{&quot;backgroundColor&quot;:&quot;#000000&quot;},&quot;clip&quot;:{&quot;provider&quot;:&quot;rtmp&quot;,&quot;start&quot;:&quot;730&quot;,&quot;autoPlay&quot;:false,&quot;url&quot;:&quot;mp4:\/2013\/11\/20\/2786adsl-orig.mp4&quot;},&quot;plugins&quot;:{&quot;controls&quot;:{&quot;autoHide&quot;:&quot;never&quot;},&quot;rtmp&quot;:{&quot;url&quot;:&quot;http:\/\/www.parlamentodenavarra.es\/Modules\/Videoteca\/Support\/flowplayer.rtmp-3.2.0.swf&quot;,&quot;netConnectionUrl&quot;:&quot;rtmpt:\/\/195.76.224.6:80\/vod&quot;},&quot;erkplugin&quot;:{&quot;url&quot;:&quot;http:\/\/www.parlamentodenavarra.es\/Modules\/Videoteca\/Support\/flowplayer.erkplugin-1.0.swf&quot;, &quot;dataUrl&quot;:&quot;http:\/\/www.parlamentodenavarra.es\/Modules\/Videoteca\/ServicioMarcas.aspx?grabacion=3465&quot;, &quot;refresh&quot;:2500,&quot;display&quot;:&quot;none&quot;}},&quot;playlist&quot;:[{&quot;provider&quot;:&quot;rtmp&quot;,&quot;start&quot;:&quot;730&quot;,&quot;autoPlay&quot;:false,&quot;url&quot;:&quot;mp4:\/2013\/11\/20\/2786adsl-orig.mp4&quot;}]}\" \/><param name=\"src\" value=\"http:\/\/www.parlamentodenavarra.es\/Modules\/Videoteca\/Support\/flowplayer.commercial-3.2.1.swf\" \/><embed id=\"_player\" width=\"430\" height=\"359\" type=\"application\/x-shockwave-flash\" src=\"http:\/\/www.parlamentodenavarra.es\/Modules\/Videoteca\/Support\/flowplayer.commercial-3.2.1.swf\" allowfullscreen=\"true\" allowscriptaccess=\"always\" flashvars=\"config={ &quot;key&quot;:&quot;#$47f86ffd5994cc79c45&quot;, &quot;logo&quot;:{&quot;url&quot;:&quot;http:\/\/www.parlamentodenavarra.es\/Modules\/Videoteca\/Images\/logoplayer2.png&quot;, &quot;fullscreenOnly&quot;:false}, &quot;log&quot;:{&quot;level&quot;:&quot;info&quot;},&quot;canvas&quot;:{&quot;backgroundColor&quot;:&quot;#000000&quot;},&quot;clip&quot;:{&quot;provider&quot;:&quot;rtmp&quot;,&quot;start&quot;:&quot;730&quot;,&quot;autoPlay&quot;:false,&quot;url&quot;:&quot;mp4:\/2013\/11\/20\/2786adsl-orig.mp4&quot;},&quot;plugins&quot;:{&quot;controls&quot;:{&quot;autoHide&quot;:&quot;never&quot;},&quot;rtmp&quot;:{&quot;url&quot;:&quot;http:\/\/www.parlamentodenavarra.es\/Modules\/Videoteca\/Support\/flowplayer.rtmp-3.2.0.swf&quot;,&quot;netConnectionUrl&quot;:&quot;rtmpt:\/\/195.76.224.6:80\/vod&quot;},&quot;erkplugin&quot;:{&quot;url&quot;:&quot;http:\/\/www.parlamentodenavarra.es\/Modules\/Videoteca\/Support\/flowplayer.erkplugin-1.0.swf&quot;, &quot;dataUrl&quot;:&quot;http:\/\/www.parlamentodenavarra.es\/Modules\/Videoteca\/ServicioMarcas.aspx?grabacion=3465&quot;, &quot;refresh&quot;:2500,&quot;display&quot;:&quot;none&quot;}},&quot;playlist&quot;:[{&quot;provider&quot;:&quot;rtmp&quot;,&quot;start&quot;:&quot;730&quot;,&quot;autoPlay&quot;:false,&quot;url&quot;:&quot;mp4:\/2013\/11\/20\/2786adsl-orig.mp4&quot;}]}\" name=\"_player\" \/><\/object><\/p>\n","protected":false},"excerpt":{"rendered":"<p>CGT\/LKN hace un llamamiento a a su afiliaci\u00f3n y a l@s irusheme en general a participar en la manifestaci\u00f3n de<\/p>\n","protected":false},"author":24,"featured_media":0,"comment_status":"closed","ping_status":"open","sticky":false,"template":"","format":"standard","meta":{"footnotes":""},"categories":[195,32,75],"tags":[],"class_list":["post-1256","post","type-post","status-publish","format-standard","hentry","category-convocatorias","category-derechos-sociales","category-movilizaciones"],"_links":{"self":[{"href":"https:\/\/www.cgt-lkn.org\/nafarroa\/wp-json\/wp\/v2\/posts\/1256","targetHints":{"allow":["GET"]}}],"collection":[{"href":"https:\/\/www.cgt-lkn.org\/nafarroa\/wp-json\/wp\/v2\/posts"}],"about":[{"href":"https:\/\/www.cgt-lkn.org\/nafarroa\/wp-json\/wp\/v2\/types\/post"}],"author":[{"embeddable":true,"href":"https:\/\/www.cgt-lkn.org\/nafarroa\/wp-json\/wp\/v2\/users\/24"}],"replies":[{"embeddable":true,"href":"https:\/\/www.cgt-lkn.org\/nafarroa\/wp-json\/wp\/v2\/comments?post=1256"}],"version-history":[{"count":7,"href":"https:\/\/www.cgt-lkn.org\/nafarroa\/wp-json\/wp\/v2\/posts\/1256\/revisions"}],"predecessor-version":[{"id":1271,"href":"https:\/\/www.cgt-lkn.org\/nafarroa\/wp-json\/wp\/v2\/posts\/1256\/revisions\/1271"}],"wp:attachment":[{"href":"https:\/\/www.cgt-lkn.org\/nafarroa\/wp-json\/wp\/v2\/media?parent=1256"}],"wp:term":[{"taxonomy":"category","embeddable":true,"href":"https:\/\/www.cgt-lkn.org\/nafarroa\/wp-json\/wp\/v2\/categories?post=1256"},{"taxonomy":"post_tag","embeddable":true,"href":"https:\/\/www.cgt-lkn.org\/nafarroa\/wp-json\/wp\/v2\/tags?post=1256"}],"curies":[{"name":"wp","href":"https:\/\/api.w.org\/{rel}","templated":true}]}}