{"id":1148,"date":"2013-11-13T16:45:16","date_gmt":"2013-11-13T15:45:16","guid":{"rendered":"http:\/\/www.cgt-lkn.org\/nafarroa\/?p=1148"},"modified":"2013-11-13T16:51:08","modified_gmt":"2013-11-13T15:51:08","slug":"manifestacion-golosal-de-rechazo-al-tav-y-en-solidaridad-con-los-tartalaris","status":"publish","type":"post","link":"https:\/\/www.cgt-lkn.org\/nafarroa\/blog\/2013\/11\/13\/manifestacion-golosal-de-rechazo-al-tav-y-en-solidaridad-con-los-tartalaris\/","title":{"rendered":"MANIFESTACI\u00d3N GOLOSAL DE RECHAZO AL TAV Y EN SOLIDARIDAD CON LOS TARTALARIS"},"content":{"rendered":"<p><b><big><\/big><\/b><img loading=\"lazy\" decoding=\"async\" class=\"alignnone\" alt=\"\" src=\"https:\/\/lh5.googleusercontent.com\/J6u4fEyEJWuiO5b0T-fJrNPAJl29-3mDQmH3_rTAxvg=w156-h218-p-no\" width=\"156\" height=\"218\" \/><\/p>\n<p>CGT\/LKN hace un llamamiento a participar en la manifestacion convocada por la Coordinadora de oposici\u00f3n al TAV AHT Gelditu Nafarroa para el s\u00e1bado d\u00eda 16 de noviembre de 2013 en Iru\u00f1ea a las 17 horas desde el parque de Antoniutti una manifestaci\u00f3n bajo el lema\u00a0<strong>\u00abEl TAV es un absurdo y 60 km mucho m\u00e1s. Gelditu Orain!\u00bb<\/strong> para rechazar el proyecto del TAV en Navarra y exigir la paralizaci\u00f3n del mismo. <br \/>Asi mismo <strong>CGT\/LKN<\/strong> denuncia la absoluta desproporci\u00f3n de las peticiones de c\u00e1rcel (de 5 a 9 a\u00f1os) solicitadas por la Audiencia Nacional para 4 opositores al TAV que el pr\u00f3ximo 18 de noviembre ser\u00e1n juzgados por los tartazos a Yolanda Barcina como forma de protesta por la construcci\u00f3n del TAV.<\/p>\n<p>En este video se puede ver la respuesta del pueblo de Nafarroa ante la desproporci\u00f3n de la petici\u00f3n de la fiscalia de 5 a 9 a\u00f1os por un tartazo a la presidenta foral<\/p>\n<div class=\"youtube\" style=\"width: 350; height: 300;\"><iframe loading=\"lazy\" src=\"http:\/\/www.youtube.com\/embed\/kMlxsnt5Fg4?wmode=transparent\" height=\"480\" width=\"853\" allowfullscreen=\"\" frameborder=\"0\"><\/iframe><\/div>\n","protected":false},"excerpt":{"rendered":"<p>CGT\/LKN hace un llamamiento a participar en la manifestacion convocada por la Coordinadora de oposici\u00f3n al TAV AHT Gelditu Nafarroa<\/p>\n","protected":false},"author":24,"featured_media":0,"comment_status":"closed","ping_status":"open","sticky":false,"template":"","format":"standard","meta":{"footnotes":""},"categories":[191,195,75],"tags":[],"class_list":["post-1148","post","type-post","status-publish","format-standard","hentry","category-accion-social","category-convocatorias","category-movilizaciones"],"_links":{"self":[{"href":"https:\/\/www.cgt-lkn.org\/nafarroa\/wp-json\/wp\/v2\/posts\/1148","targetHints":{"allow":["GET"]}}],"collection":[{"href":"https:\/\/www.cgt-lkn.org\/nafarroa\/wp-json\/wp\/v2\/posts"}],"about":[{"href":"https:\/\/www.cgt-lkn.org\/nafarroa\/wp-json\/wp\/v2\/types\/post"}],"author":[{"embeddable":true,"href":"https:\/\/www.cgt-lkn.org\/nafarroa\/wp-json\/wp\/v2\/users\/24"}],"replies":[{"embeddable":true,"href":"https:\/\/www.cgt-lkn.org\/nafarroa\/wp-json\/wp\/v2\/comments?post=1148"}],"version-history":[{"count":5,"href":"https:\/\/www.cgt-lkn.org\/nafarroa\/wp-json\/wp\/v2\/posts\/1148\/revisions"}],"predecessor-version":[{"id":1153,"href":"https:\/\/www.cgt-lkn.org\/nafarroa\/wp-json\/wp\/v2\/posts\/1148\/revisions\/1153"}],"wp:attachment":[{"href":"https:\/\/www.cgt-lkn.org\/nafarroa\/wp-json\/wp\/v2\/media?parent=1148"}],"wp:term":[{"taxonomy":"category","embeddable":true,"href":"https:\/\/www.cgt-lkn.org\/nafarroa\/wp-json\/wp\/v2\/categories?post=1148"},{"taxonomy":"post_tag","embeddable":true,"href":"https:\/\/www.cgt-lkn.org\/nafarroa\/wp-json\/wp\/v2\/tags?post=1148"}],"curies":[{"name":"wp","href":"https:\/\/api.w.org\/{rel}","templated":true}]}}