{"id":10087,"date":"2022-12-22T20:12:02","date_gmt":"2022-12-22T19:12:02","guid":{"rendered":"https:\/\/www.cgt-lkn.org\/nafarroa\/?p=10087"},"modified":"2022-12-23T11:13:44","modified_gmt":"2022-12-23T10:13:44","slug":"langabezia-prekarietatea-inflazioa-pobrezia-frente-a-la-pobreza-y-las-desigualdades-reparto-del-trabajo","status":"publish","type":"post","link":"https:\/\/www.cgt-lkn.org\/nafarroa\/blog\/2022\/12\/22\/langabezia-prekarietatea-inflazioa-pobrezia-frente-a-la-pobreza-y-las-desigualdades-reparto-del-trabajo\/","title":{"rendered":"Langabezia, prekarietatea, inflazioa, pobrezia &#8230; Frente a la pobreza y las desigualdades, Reparto del Trabajo"},"content":{"rendered":"\n\n\n<p><strong><u>CONVIVIR CON LA MISERIA, NOS HACE MISERABLES<\/u><\/strong><\/p>\n<p style=\"text-align: justify;\">Puede parecer una simple exageraci\u00f3n -probablemente porque no nos gusta en qu\u00e9 posici\u00f3n nos coloca frente a nuestra propia realidad social- y sin embargo, observar la pobreza adoptando una especie de <em>dontancredismo <\/em>social, o de buenismo simpl\u00f3n, nos hace directamente responsables de la misma. Esgrimimos que existen distintos grados de culpabilidad (innegable); que la soluci\u00f3n ha de ser colectiva (innegable de igual modo); y sin embargo, no llegamos a hacer lo necesario para comenzar a andar ese camino que nos ponga en una senda de justicia social. Mientras analizamos las causas y elaboramos dossieres, las personas siguen sufriendo. \u00bfEs culpa suya?\u00bfDe los gobiernos?\u00bfDel modelo? \u00bfTenemos nosotras algo que ver o somos absolutamente inocentes y ajenos al presente y al futuro que estamos configurando?<\/p>\n<p style=\"text-align: justify;\">Gritamos, \u201cPan, trabajo y techo, son nuestros derechos\u201d, de acuerdo; y una educaci\u00f3n p\u00fablica de calidad; y una sanidad que no dependa de nuestros ingresos u origen; y un derecho a la informaci\u00f3n que nos ayude a fomentar un sentido cr\u00edtico de la realidad; y una econom\u00eda basada en la cobertura de necesidades b\u00e1sicas y no en lo superfluo, que nos esclaviza, esquilma los recursos naturales y genera cada vez mayor necesidad de concentrar el capital, provocando cada vez mayor desigualdad\/hambre\/guerras\u2026 El poder pol\u00edtico (hoy en d\u00eda entregado casi exclusivamente a manos de los partidos) no deja de ser una mera correa de trasmisi\u00f3n del aut\u00e9ntico poder que gobierna nuestras vidas: el poder econ\u00f3mico. Todas las decisiones pol\u00edticas parecen conducir a un \u201cs\u00ed pero no\u201d, a una especie de imposibilidad mental para crear realidades que no se rijan por par\u00e1metros individualistas\/consumistas. Culturalmente estamos imbuidos del esp\u00edritu capitalista\/tecnol\u00f3gico, y bajo este esp\u00edritu, el grueso social se encomienda a la tecnolog\u00eda y al crecimiento econ\u00f3mico como quien se encomienda a un Dios, otorg\u00e1ndole la capacidad de impartir la justicia que el ser humano no alcanza a impartir, sin entender que la \u00fanica soluci\u00f3n posible (a la que ya, muy probablemente llegamos tarde) ser\u00e1 fuera del modelo social capitalista o simplemente, no ser\u00e1. Otras especies han desaparecido de la faz de la tierra por motivos ajenos a su forma de vivir. Nosotras no paramos de \u201ccomprar boletos\u201d.<\/p>\n<p style=\"text-align: justify;\">Visto el panorama, resulta dif\u00edcil agarrarse a una esperanza que sirva de motor a nuestra necesidad de revertir la injusticia y desigualdad creciente. Pero todo este pozo de desesperanza sin fin, nos tiene que servir de impulso en nuestra actividad porque tras estas letras, hay personas que se ven obligadas a escapar de la guerra, que pasan hambre, que no tienen la forma de ganarse la vida dignamente, que no pueden calentar su casa -cuando tienen la suerte de tener un lugar donde vivir-, \u2026 Y sin embargo, son justamente, todas estas injusticias las que nos obligan a no permanecer impasibles. Nos tienen que obligar a actuar. Desde nuestro \u00e1mbito sindical apostamos desde hace tiempo por el reparto del trabajo por el potencial transformador que incorpora, pero no s\u00f3lo. La fractura social que se abre entre personas con empleo y desempleadas, y la utilizaci\u00f3n que de ella hace el capital para degradar continuamente las condiciones laborales y salariales, nos plantea el reparto del trabajo como \u00fanica forma de acercarnos a una situaci\u00f3n de mayor justicia social. Trabajar menos para trabajar todas, as\u00ed de sencillo. Nos invita tambi\u00e9n a repartir no solo el empleo sino todos los trabajos.<\/p>\n<p style=\"text-align: justify;\">La necesidad de dar respuestas colectivas a toda esta cantidad de retos debe ser nuestro combustible. Sabernos insuficientes y d\u00e9biles nos debe llevar a buscar alianzas entre diferentes. Pero no \u00fanicamente desde la necesidad organizativa, sino desde la necesidad social. No podemos ser ajenos al sufrimiento humano. La CGT no es en absoluto importante. El cambio de paradigma social s\u00ed lo es. Dejemos a un lado siglas, matices ideol\u00f3gicos, sectarismos que nos dividen y nos alejan de una posibilidad de amortiguar los sufrimientos generados por el modelo social capitalista. Hagamos posible aquella frase que rezaba un popular programa infantil de los a\u00f1os 80: \u201c<em>solo no puedes, con amigos s\u00ed\u201d.<\/em> Si no somos capaces de articular una respuesta colectiva que de respuesta a las necesidades de los m\u00e1s fr\u00e1giles y empobrecidos de nuestras sociedades, bien haremos -por nuestra propia necedad- en coger en silencio el camino de la extinci\u00f3n.<\/p>\n<p><strong>Por todo esto nos concentraremos el pr\u00f3ximo d\u00eda 26\/12\/2022\u00a0 frente a Diputaci\u00f3n (Carlos III), a las 12h.<br \/><\/strong><\/p>\n<p><img loading=\"lazy\" decoding=\"async\" class=\"alignleft size-large wp-image-10089\" src=\"https:\/\/www.cgt-lkn.org\/nafarroa1\/wp-content\/uploads\/sites\/14\/2022\/12\/26-dic-732x1024.jpg\" alt=\"\" width=\"732\" height=\"1024\" srcset=\"https:\/\/www.cgt-lkn.org\/nafarroa\/wp-content\/uploads\/sites\/14\/2022\/12\/26-dic-732x1024.jpg 732w, https:\/\/www.cgt-lkn.org\/nafarroa\/wp-content\/uploads\/sites\/14\/2022\/12\/26-dic-214x300.jpg 214w, https:\/\/www.cgt-lkn.org\/nafarroa\/wp-content\/uploads\/sites\/14\/2022\/12\/26-dic-768x1074.jpg 768w, https:\/\/www.cgt-lkn.org\/nafarroa\/wp-content\/uploads\/sites\/14\/2022\/12\/26-dic-585x818.jpg 585w, https:\/\/www.cgt-lkn.org\/nafarroa\/wp-content\/uploads\/sites\/14\/2022\/12\/26-dic.jpg 990w\" sizes=\"auto, (max-width: 732px) 100vw, 732px\" \/><\/p>\n","protected":false},"excerpt":{"rendered":"<p>CONVIVIR CON LA MISERIA, NOS HACE MISERABLES Puede parecer una simple exageraci\u00f3n -probablemente porque no nos gusta en qu\u00e9 posici\u00f3n<\/p>\n","protected":false},"author":24,"featured_media":10089,"comment_status":"closed","ping_status":"open","sticky":false,"template":"","format":"standard","meta":{"footnotes":""},"categories":[211],"tags":[],"class_list":["post-10087","post","type-post","status-publish","format-standard","has-post-thumbnail","hentry","category-reparto-del-trabajo"],"_links":{"self":[{"href":"https:\/\/www.cgt-lkn.org\/nafarroa\/wp-json\/wp\/v2\/posts\/10087","targetHints":{"allow":["GET"]}}],"collection":[{"href":"https:\/\/www.cgt-lkn.org\/nafarroa\/wp-json\/wp\/v2\/posts"}],"about":[{"href":"https:\/\/www.cgt-lkn.org\/nafarroa\/wp-json\/wp\/v2\/types\/post"}],"author":[{"embeddable":true,"href":"https:\/\/www.cgt-lkn.org\/nafarroa\/wp-json\/wp\/v2\/users\/24"}],"replies":[{"embeddable":true,"href":"https:\/\/www.cgt-lkn.org\/nafarroa\/wp-json\/wp\/v2\/comments?post=10087"}],"version-history":[{"count":2,"href":"https:\/\/www.cgt-lkn.org\/nafarroa\/wp-json\/wp\/v2\/posts\/10087\/revisions"}],"predecessor-version":[{"id":10092,"href":"https:\/\/www.cgt-lkn.org\/nafarroa\/wp-json\/wp\/v2\/posts\/10087\/revisions\/10092"}],"wp:featuredmedia":[{"embeddable":true,"href":"https:\/\/www.cgt-lkn.org\/nafarroa\/wp-json\/wp\/v2\/media\/10089"}],"wp:attachment":[{"href":"https:\/\/www.cgt-lkn.org\/nafarroa\/wp-json\/wp\/v2\/media?parent=10087"}],"wp:term":[{"taxonomy":"category","embeddable":true,"href":"https:\/\/www.cgt-lkn.org\/nafarroa\/wp-json\/wp\/v2\/categories?post=10087"},{"taxonomy":"post_tag","embeddable":true,"href":"https:\/\/www.cgt-lkn.org\/nafarroa\/wp-json\/wp\/v2\/tags?post=10087"}],"curies":[{"name":"wp","href":"https:\/\/api.w.org\/{rel}","templated":true}]}}