{"id":249,"date":"2020-01-23T14:40:09","date_gmt":"2020-01-23T13:40:09","guid":{"rendered":"https:\/\/www.cgt-lkn.org\/ehu-upv\/?p=249"},"modified":"2020-04-10T12:20:48","modified_gmt":"2020-04-10T11:20:48","slug":"cgt-lkn-ante-la-huelga-general-en-hego-euskal-herria-del-dia-30-de-enero","status":"publish","type":"post","link":"https:\/\/www.cgt-lkn.org\/ehu-upv\/2020\/01\/23\/cgt-lkn-ante-la-huelga-general-en-hego-euskal-herria-del-dia-30-de-enero\/","title":{"rendered":"CGT-LKN ante la Huelga General en Hego Euskal Herria del d\u00eda 30 de Enero"},"content":{"rendered":"<p><a href=\"#castellano\">(m\u00e1s abajo en castellano)<\/a><\/p>\n<p><strong>CGT-LKNk pentsionisten mugimenduaren mobilizazioak babestu ditu eta babesten jarraituko du, baina ez du urtarrilaren 30erako Greba orokorrerako deialdirik egiten<\/strong>. Pentsionisten Mugimenduak (PM) ez du urtarrilaren 30eko Euskal Herri mailako Greba Orokorra deitu, EHko Gutun Soziala delako sindikatu abertzaleek baizik (ELA eta LAB), eta deialdiaren ardatzean ez daude pentsionisten Mugimenduaren aldarrikapenak, lan eta gizarte arloko aldarrikapen subiranistak baizik; PMaren izaera bateratzailearekin, anitzarekin, autonomoarekin eta independientearekin talka egiten dutenak; PMan akordio garrantzitsuenak gehiengoaren babesarekin hartu baitira.<\/p>\n<p>Pentsionisten Mugimenduko koordinakundeetan gehiengoak Greba Orokor honi babesa ematea erabaki izanak EHko pentsionisten mugimenduaren batasunean haustura bat eragin du; bi urtetik hona pentsio duinak bermatuko dituen pentsio sistema publiko baten defentsan mobilizazio gaitasun eta indar handia erakutsi duen mugimenduan.<\/p>\n<p>Lan Harremanetarako eta babes Sozialerako marko propio bat zein pentsio sistema publikoa bermatzeko modurik egokiena erabakitzeko eskubidea sindikatu abertzaleen aldarrikapenak dira; Pentsionisten Mugimenduaren aldarrikapen bateratuei eta adostuei arrotzak zaizkienak.<\/p>\n<p>Urtarrilaren 30eko Greba Orokorraren antolatzaileak, EPSVen (Geroa, Itzarri, Elkarkidetza, etabar) Gobernu Batzordeetan ELAk eta LABek (CCOOk eta UGTk bezela) dituzten postuekin bat etorriz, Pentsionisten Mugimenduaren aldarrikapena den pentsio plan pribatuek dituzten sari fiskalen aurkako neurriak hartzeaz ahaztu dira; \u201cpublikoaren\u201d inguruko haien hitzaldiari sinesgarritasuna kenduz (esparru erakargarri honetan bankuen, mutuen eta inbertsio funtsen sarrerari ateak irekitzen dizkielako).<\/p>\n<p>Aurrekoak pentsio duinak bermatzen dituen sistema publiko baten aldarrikapenarekin kontraesan argia suposatzen du, edo agian ELAk eta LABek aldarrikatzen dutena berezko euskal sistema mixto bat da. Hau ez da greba orokorrerako deialdian argitzen.<\/p>\n<p>CGT-LKNrentzat greba orokor batek Gobernu batek hartutako neurri baten aurka joateko edo neurri zehatz bat indarrean jar dadin eskatzeko zentzua dauka. Hau ohiz kanpokoa izan behar du, lanean diharduten edo lan esparruari lotuta dauden pertsonek mobilizazioa beharrezkoa, eramangarria eta onargarria bezela ulertu dezaten.<\/p>\n<p>Greba Orokorra Euskal herrian, ez da inongo neurriren aurkakoa, eta aldarrikatutakoa, gehiena behintzat, ez dago EAEko zein Nafarroako gobernuen esku, are gehiago oraintxe gobernu berriak pentsioen eta bestelako lan eta gizarte eskaeren gainean hartutako berehalako konpromezuak bete ditzan itxaroten ari garenean. Greba Orokor hau mugimendu nazionalista baten \u201ceragileak\u201d diren ELAren eta LABen ohiko aldebakarreko greba politikoa da.<\/p>\n<p>Urtarrilaren 30erako CGT-LKNk manifestazioetan parte hartzea erabakita zuen, bere garaian Euskal Herriko pentsionisten koordinakundeak deialdia \u201cbateratzailea, anitza, zabala eta sektore guztien ekarpenei irekia\u201d izango zela, eta deitutako manifestazioen formatua orain artekoa izango zela erabaki zuelako: \u201dalderdien zein sindikatuen sinbolorik gabe eta mobilizazioaren espirituarekin bat datozen pankartak onartuz\u201d. Baina akordioa ez da inondik inora errespetatuko, deialdia babesten duten sektoreen arabera, manifestazioetan deialdia egin duten sindikatuen ikurrak agertuko direlako eta amaiera ekitaldian ELAk eta LABek parte hartuko dutelako.<\/p>\n<p>CGT-LKNk ezin du mobilizazio hau bere horretan babestu. Haien helburuetarako, gizartearen mugimenduak bereak egin eta haien aldarrikapenak inposatzeko, sindikalgintza abertzalean errotuta dagoen ohiturak mugimendu horiek ahuldu eta instrumentalizatzen ditu, akordioak eta parte hartze zabala oztopatuz. CGT-LKNk, erakunde subirano, transbertsal, libertarioa eta internazionalista gisa, ez du inoiz onartu, ezta onartuko, beste erakunde edo talde arrotzik gure jarduera sindikala zuzentzea.<\/p>\n<p><a href=\"https:\/\/www.cgt-lkn.org\/blog\/archivos\/6092\" target=\"_blank\" rel=\"noopener noreferrer\"><span style=\"font-family: arial, helvetica, sans-serif;font-size: 12pt\"><strong>CGT-LKN ante la H.G. convocada para el d\u00eda 30 de enero de 2020<\/strong><\/span><\/a><br \/>\n<a href=\"https:\/\/www.cgt-lkn.org\/blog\/archivos\/6112\" target=\"_blank\" rel=\"noopener noreferrer\"><strong><span style=\"font-family: arial, helvetica, sans-serif;font-size: 12pt\">Consideraciones ante la convocatoria de Huelga General<\/span><\/strong><\/a><\/p>\n<h1 id=\"castellano\"><img loading=\"lazy\" decoding=\"async\" class=\"alignnone size-full wp-image-251\" src=\"http:\/\/www.cgt-lkn.org\/ehu-upv\/wp-content\/uploads\/sites\/5\/2020\/01\/IMG_3255-200x94-1.jpg\" alt=\"\" width=\"200\" height=\"94\" srcset=\"https:\/\/www.cgt-lkn.org\/ehu-upv\/wp-content\/uploads\/sites\/5\/2020\/01\/IMG_3255-200x94-1.jpg 200w, https:\/\/www.cgt-lkn.org\/ehu-upv\/wp-content\/uploads\/sites\/5\/2020\/01\/IMG_3255-200x94-1-160x75.jpg 160w\" sizes=\"auto, (max-width: 200px) 100vw, 200px\" \/><\/h1>\n<p><strong>CGT-LKN ha apoyado y apoya las movilizaciones del movimiento de pensionistas, pero NO convoca H.G. del 30 de Enero<\/strong>. El Movimiento de Pensionistas (M.P.) no ha convocado la huelga General del 30 de Enero en Euskalherria, sino los sindicatos nacionalistas de la denominada Carta Social de E.H. (encabezados por ELA y LAB), con unas reivindicaciones cuya centralidad no la ocupan las reivindicaciones del M.P., sino las soberanistas en materia laboral y social, en contradicci\u00f3n con el M.P. que ha sido inclusivo, plural, aut\u00f3nomo e independiente y donde los acuerdos importantes se han tomado por consenso mayoritario, como soporte unitario del mismo.<br \/>\nEl apoyo a esta H.G. tomado por mayor\u00eda en las coordinadoras del Movimiento de Pensionistas, ha supuesto una quiebra de la unidad del movimiento de pensionistas en E.H., que desde hace 2 a\u00f1os ha demostrado una gran capacidad de movilizaci\u00f3n y de fuerza popular en la defensa de un sistema p\u00fablico que garantice unas pensiones dignas.<\/p>\n<p>Reivindicar el Marco propio de Relaciones Laborales y Protecci\u00f3n Social as\u00ed como el derecho a decidir como la manera de garantizar el sistema p\u00fablico de pensiones, son reivindicaciones propias de los sindicatos nacionalistas, ajenas a las reivindicaciones unitarias y consensuadas del Movimiento de Pensionistas.<\/p>\n<p>Los convocantes de la Huelga General del 30 de Enero, se olvidan de la reivindicaci\u00f3n del Movimiento de Pensionistas contra las bonificaciones fiscales a los planes privados de pensiones (EPSVs), en consonancia con los puestos que ocupan ELA y LAB (junto a CC.OO. y UGT) en las Juntas de Gobierno de las EPSVs (Geroa, Itzarri, Elkarkidetza, etc). Esto supone una p\u00e9rdida de credibilidad en su discurso de lo \u201cp\u00fablico\u201d ( ya que abre la v\u00eda de entrada a la banca, mutuas y fondos de inversi\u00f3n en este apetitoso campo), inaccesibles para las personas trabajadoras pobres y precarias.<\/p>\n<p>Lo anterior constituye una flagrante contradicci\u00f3n con la reivindicaci\u00f3n de una sistema p\u00fablico que garantice unas pensiones dignas, a no ser que lo que est\u00e9n reivindicando ELA y LAB sea un sistema propio vasco de pensiones mixto. Cuesti\u00f3n nada aclarada en la convocatoria de la huelga general.<\/p>\n<p>Para CGT-LKN una huelga general tiene sentido si va contra una medida pol\u00edtica, legislativa ya tomada por un Gobierno, o para reivindicar la adopci\u00f3n de una medida concreta. Toda Huelga General, debe ser utilizada de forma excepcional, para que las personas trabajadoras o vinculadas al mundo laboral, entiendan la lucha como natural, asumible y sostenible tras esa jornada.<\/p>\n<p>La H.G. en Euskalherria no va contra ninguna medida, porque lo que reivindica no est\u00e1, en su mayor\u00eda, en manos de los Gobiernos de la CAV y Navarra; es m\u00e1s, se est\u00e1 a la espera de lo que el nuevo Gobierno haga con sus compromisos inmediatos en torno a las pensiones y dem\u00e1s reivindicaciones laborales y sociales. Esta HG es la t\u00edpica huelga partidaria, pol\u00edtica, de unos \u201cagentes\u201d como son ELA y LAB, componentes del movimiento nacionalista.<\/p>\n<p>CGT-LKN para el d\u00eda 30 de Enero hab\u00eda decidido participar en las manifestaciones, ya que la coordinadora de pensionistas de Euskal Herria acord\u00f3 en su d\u00eda que la convocatoria ser\u00eda: \u201cintegradora, plural, amplia, abierta a las aportaciones de cada sector\u201d, y el formato de las manifestaciones ser\u00eda el del Movimiento de pensionistas hasta la fecha: \u201csin s\u00edmbolos de partidos y\/o sindicatos y se podr\u00e1n incorporar pancartas con reivindicaciones adecuadas al esp\u00edritu de la movilizaci\u00f3n\u201d. Pero, para nada se va a respetar este acuerdo, ya que seg\u00fan el sector de pensionistas que apoya esta convocatoria, en las manifestaciones se exhibir\u00e1n los s\u00edmbolos de los sindicatos convocantes y en el acto final intervendr\u00e1n ELA y LAB.<\/p>\n<p>CGT-LKN no puede apoyar esta movilizaci\u00f3n como hasta el d\u00eda de hoy hab\u00eda mantenido. El h\u00e1bito instaurado en el sindicalismo nacionalista de patrimonializar los movimientos sociales e imponer sus propias reivindicaciones, utiliz\u00e1ndolos para sus propios fines, lo debilita y lo instrumentaliza, ya que impide el acuerdo y la participaci\u00f3n. CGT-LKN como organizaci\u00f3n soberana, transversal, libertaria e internacionalista nunca ha permitido ni permitir\u00e1 que entes ajenos marquen nuestra actividad sindical.<\/p>\n<p><a href=\"https:\/\/www.cgt-lkn.org\/blog\/archivos\/6092\" target=\"_blank\" rel=\"noopener noreferrer\"><strong>CGT-LKN ante la H.G. convocada para el d\u00eda 30 de enero de 2020<\/strong><\/a><br \/>\n<a href=\"https:\/\/www.cgt-lkn.org\/blog\/archivos\/6112\" target=\"_blank\" rel=\"noopener noreferrer\"><strong>Consideraciones ante la convocatoria de Huelga General<\/strong><\/a><\/p>\n<p>&nbsp;<\/p>\n<p>&nbsp;<\/p>\n","protected":false},"excerpt":{"rendered":"<p>(m\u00e1s abajo en castellano) CGT-LKNk pentsionisten mugimenduaren mobilizazioak babestu ditu eta babesten jarraituko du, baina ez du urtarrilaren 30erako Greba<\/p>\n","protected":false},"author":15,"featured_media":0,"comment_status":"closed","ping_status":"open","sticky":false,"template":"","format":"standard","meta":{"footnotes":"","_links_to":"","_links_to_target":""},"categories":[19,1],"tags":[],"class_list":["post-249","post","type-post","status-publish","format-standard","hentry","category-castellano","category-sin-categoria"],"publishpress_future_action":{"enabled":false,"date":"2026-05-09 05:50:03","action":"change-status","newStatus":"draft","terms":[],"taxonomy":"category","extraData":[]},"publishpress_future_workflow_manual_trigger":{"enabledWorkflows":[]},"_links":{"self":[{"href":"https:\/\/www.cgt-lkn.org\/ehu-upv\/wp-json\/wp\/v2\/posts\/249","targetHints":{"allow":["GET"]}}],"collection":[{"href":"https:\/\/www.cgt-lkn.org\/ehu-upv\/wp-json\/wp\/v2\/posts"}],"about":[{"href":"https:\/\/www.cgt-lkn.org\/ehu-upv\/wp-json\/wp\/v2\/types\/post"}],"author":[{"embeddable":true,"href":"https:\/\/www.cgt-lkn.org\/ehu-upv\/wp-json\/wp\/v2\/users\/15"}],"replies":[{"embeddable":true,"href":"https:\/\/www.cgt-lkn.org\/ehu-upv\/wp-json\/wp\/v2\/comments?post=249"}],"version-history":[{"count":10,"href":"https:\/\/www.cgt-lkn.org\/ehu-upv\/wp-json\/wp\/v2\/posts\/249\/revisions"}],"predecessor-version":[{"id":260,"href":"https:\/\/www.cgt-lkn.org\/ehu-upv\/wp-json\/wp\/v2\/posts\/249\/revisions\/260"}],"wp:attachment":[{"href":"https:\/\/www.cgt-lkn.org\/ehu-upv\/wp-json\/wp\/v2\/media?parent=249"}],"wp:term":[{"taxonomy":"category","embeddable":true,"href":"https:\/\/www.cgt-lkn.org\/ehu-upv\/wp-json\/wp\/v2\/categories?post=249"},{"taxonomy":"post_tag","embeddable":true,"href":"https:\/\/www.cgt-lkn.org\/ehu-upv\/wp-json\/wp\/v2\/tags?post=249"}],"curies":[{"name":"wp","href":"https:\/\/api.w.org\/{rel}","templated":true}]}}