{"id":9872,"date":"2014-12-09T08:00:28","date_gmt":"2014-12-09T07:00:28","guid":{"rendered":"http:\/\/www.cgt-lkn.org\/bizkaia\/?p=9872"},"modified":"2014-12-10T08:11:26","modified_gmt":"2014-12-10T07:11:26","slug":"euskeratextos-lomce-gutunak","status":"publish","type":"post","link":"https:\/\/www.cgt-lkn.org\/bizkaia\/archivos\/9872","title":{"rendered":"EuskeraTextos  LOMCE gutunak"},"content":{"rendered":"<p style=\"text-align: justify;\">2014eko ekainean, 2013-2014 ikasturtearen amaneraren atarian, CGT-LKNtik Eusko\u00a0Jaurlaritzako buruei idatzi bat igorri genien LOMCE legearen garapenari eta ezarpenari buruzko azalpenak eskatuz:<br \/>\n-Ekainaren 5ean Bilboko Hezkuntza Ordezkaritzan,Bizkaia lurraldeko ordezkariari zuzenduta, idatzia erregistratu genuen.<br \/>\n-Ekainaren 6ean idazki bera Arartekoari e-postaz helarais genion.<br \/>\n-Ekainaren 11n posta arruntaz idatzia Hezkuntzako sailburuordeari, Cristina Uriarteri eta lehendakariari igorri genien.<br \/>\nArartekoak berehala erantzun bazigun ere, Jaurlaritzako agintariek ez digute oraino erantzunik eman. Hori dela eta administrazioaren erantzun eza salatu eta gainditzeko asmoarekin berriro ere Arartekoarengana joko dugu.<\/p>\n<p style=\"text-align: justify;\">\nEn junio de 2014, a las puertas del final del curso escolar 2013\/2014, desde CGTLKN enviamos un escrito a diversos responsables del Gobierno Vasco, reclam\u00e1ndoles explicaciones p\u00fablicas sobre sus intenciones de cara a la implantaci\u00f3n y desarrollo de la LOMCE:<br \/>\n-5 de junio, registramos nuestro escrito en la Delegaci\u00f3n Territorial de Educaci\u00f3n en Bizkaia.<br \/>\n-6 de junio, hicimos llegar nuestro escrito al Ararteko via e-mail.<br \/>\n-11 de junio, enviamos el mismo escrito mediante correo a la viceconsejera de Educaci\u00f3n Cristina Uriarte y al Lehendakari.<br \/>\nMientras el Ararteko se puso en contacto con nosotr@s inmediatamente, l@s responsables institucionales todav\u00eda no han respondido.<br \/>\nPor este motivo, a fin de denunciar y vencer el silencio administrativo, vamos a volver a recurrir al Ararteko.<\/p>\n","protected":false},"excerpt":{"rendered":"<p style=\"text-align: justify;\">2014eko ekainean, 2013-2014 ikasturtearen amaneraren atarian, CGT-LKNtik Eusko\u00a0Jaurlaritzako buruei idatzi bat igorri genien LOMCE legearen garapenari eta ezarpenari buruzko azalpenak eskatuz.<\/p>\n<p style=\"text-align: justify;\">En junio de 2014, a las puertas del final del curso escolar 2013\/2014, desde CGTLKN enviamos un escrito a diversos responsables del Gobierno Vasco, reclam\u00e1ndoles explicaciones p\u00fablicas sobre sus intenciones de cara a la implantaci\u00f3n y desarrollo de la LOMCE.<\/p>\n","protected":false},"author":57,"featured_media":0,"comment_status":"open","ping_status":"closed","sticky":false,"template":"","format":"standard","meta":{"footnotes":"","_links_to":"","_links_to_target":""},"categories":[42,78,7],"tags":[],"class_list":["post-9872","post","type-post","status-publish","format-standard","hentry","category-cultura","category-educacion","category-legislacion-laboral"],"publishpress_future_action":{"enabled":false,"date":"2026-05-10 18:06:16","action":"change-status","newStatus":"draft","terms":[],"taxonomy":"category","extraData":[]},"publishpress_future_workflow_manual_trigger":{"enabledWorkflows":[]},"_links":{"self":[{"href":"https:\/\/www.cgt-lkn.org\/bizkaia\/wp-json\/wp\/v2\/posts\/9872","targetHints":{"allow":["GET"]}}],"collection":[{"href":"https:\/\/www.cgt-lkn.org\/bizkaia\/wp-json\/wp\/v2\/posts"}],"about":[{"href":"https:\/\/www.cgt-lkn.org\/bizkaia\/wp-json\/wp\/v2\/types\/post"}],"author":[{"embeddable":true,"href":"https:\/\/www.cgt-lkn.org\/bizkaia\/wp-json\/wp\/v2\/users\/57"}],"replies":[{"embeddable":true,"href":"https:\/\/www.cgt-lkn.org\/bizkaia\/wp-json\/wp\/v2\/comments?post=9872"}],"version-history":[{"count":0,"href":"https:\/\/www.cgt-lkn.org\/bizkaia\/wp-json\/wp\/v2\/posts\/9872\/revisions"}],"wp:attachment":[{"href":"https:\/\/www.cgt-lkn.org\/bizkaia\/wp-json\/wp\/v2\/media?parent=9872"}],"wp:term":[{"taxonomy":"category","embeddable":true,"href":"https:\/\/www.cgt-lkn.org\/bizkaia\/wp-json\/wp\/v2\/categories?post=9872"},{"taxonomy":"post_tag","embeddable":true,"href":"https:\/\/www.cgt-lkn.org\/bizkaia\/wp-json\/wp\/v2\/tags?post=9872"}],"curies":[{"name":"wp","href":"https:\/\/api.w.org\/{rel}","templated":true}]}}