{"id":9764,"date":"2014-11-24T17:08:38","date_gmt":"2014-11-24T16:08:38","guid":{"rendered":"http:\/\/www.cgt-lkn.org\/bizkaia\/?p=9764"},"modified":"2014-11-29T20:31:01","modified_gmt":"2014-11-29T19:31:01","slug":"marchas-de-la-dignidad-sabado-29-de-noviembre-por-el-pan-trabajo-techo-2","status":"publish","type":"post","link":"https:\/\/www.cgt-lkn.org\/bizkaia\/archivos\/9764","title":{"rendered":"Marchas de la DIGNIDAD , S\u00e1bado 29 de Noviembre. Por el pan, trabajo, techo, &#8230;."},"content":{"rendered":"<p><a href=\"https:\/\/www.cgt-lkn.org\/bizkaia\/?attachment_id=9765\" rel=\"attachment wp-att-9765\"><img loading=\"lazy\" decoding=\"async\" class=\"alignleft wp-image-9765\" src=\"https:\/\/www.cgt-lkn.org\/bizkaia\/wp-content\/uploads\/sites\/21\/2014\/11\/A-29-Kartela-00-Txiki-31.jpg\" alt=\"A 29 Kartela 00 Txiki 3\" width=\"240\" height=\"400\" \/><\/a><\/p>\n<p><strong>Relaci\u00f3n de las marchas, horarios e itinerarios.<\/strong><\/p>\n<p><strong>Columna de Bilbao<\/strong>: Salida a las <strong>11,30 desde la plaza Bilbao la Vieja<\/strong>-C\/San Francisco-C\/Juan de Garay-C\/Autonom\u00eda-C\/San Mam\u00e9s- Pz. Indautxu- Ald. Urquijo-C\/M\u00aa. Diaz de Haro-C\/Gran V\u00eda- Pz. Sagrado coraz\u00f3n<\/p>\n<p><strong>Columna Margen Izquierda<\/strong>: Salida a las <strong>10:00 h. desde la plaza Kasko (Ayuntamiento) de Sestao<\/strong>, discurrir\u00e1 fundamentalmente por la nacional 634, hasta llegar sobre las 12,30 h. a la Plaza Sagrado Coraz\u00f3n de Bilbao.<\/p>\n<p><strong>Columna Margen Derecha<\/strong>: Salida a las <strong>10:00 h. desde la plaza del Puente Colgante de Las Arenas<\/strong>, discurrir\u00e1 fundamentalmente por la carretera paralela a la ria (BI-711-BI-739), hasta llegar sobre las 12,30 h. a la Plaza Sagrado Coraz\u00f3n de Bilbao.<\/p>\n<p><strong>MANIFESTACI\u00d3N<\/strong>: <strong>12:30 h. desde la plaza del Sagrado Coraz\u00f3n de Bilbao<\/strong> hasta la Plaza Santiago del Casco Viejo.<\/p>\n<p>Las MARCHAS DE LA DIGNIDAD volvemos a salir a la calle para gritar bien alto PAN, TRABAJO, TECHO\u2026 DIGNIDAD. Salimos a la calle porque nos encontramos ante una situaci\u00f3n extremadamente dif\u00edcil, una situaci\u00f3n l\u00edmite, de emergencia social, que nos convoca a dar una respuesta colectiva y masiva de la clase trabajadora, la mayor\u00eda social y los pueblos.<\/p>\n<p>Millones de trabajadores y trabajadoras se encuentran sin empleo. Cientos de miles de familias han perdido su casa. Gran parte de la juventud se ve abocada a buscarse la vida en el extranjero. A las mujeres nos quieren quitar nuestro derecho a decidir sobre nuestros cuerpos. A los pueblos se les niegan el derecho a decidir. Siguen recortando en salud, educaci\u00f3n, dependencia, etc. Han enga\u00f1ado a nuestros mayores con la estafa bancaria de las preferentes. Estamos asistiendo al robo de derechos y al empobrecimiento generalizado de la mayor\u00eda social y todo en nombre del pago de una deuda ileg\u00edtima y odiosa que no han contra\u00eddo los ciudadanos y ciudadanas.<\/p>\n<p>Mientras, el verdadero poder, el que no se presenta a las elecciones, sigue enriqueci\u00e9ndose y corrompiendo al poder pol\u00edtico. Siguen llev\u00e1ndose dinero a los para\u00edsos fiscales, usando tarjetas opacas y regalando decenas de miles de millones de dinero p\u00fablico, dinero que sale de nuestros impuestos, para salvar a bancos y especula- dores. Nos quieren hacer tragar un \u00abTratado de Libre Comercio\u00bb entre la UE y EE.UU. (TTIP) que se negocia secretamente y que beneficia a las grandes multinacionales a costa del pueblo. Y cuando se protesta, siempre obtenemos la misma respuesta: la represi\u00f3n y la criminalizaci\u00f3n. Ahora, incluso, pretenden robarnos la libertad para manifestarnos y expresarnos poni\u00e9ndonos una mordaza que blinde el abuso policial. No solo est\u00e1n apro- vechando la crisis para recortar derechos sociales, tambi\u00e9n intentan suprimir libertades democr\u00e1ticas. A este sistema corrupto e indecente le sobran las libertades y los derechos de la mayor\u00eda social.<\/p>\n<p>Pero, no lo vamos a consentir. Nos vamos a rebelar. Porque este sistema que busca exclusivamente el beneficio privado de unos pocos nos lleva inexorablemente a una cat\u00e1strofe medioambiental y social de alcance incalcula- ble. Porque esta crisis-estafa est\u00e1 significando un gigantesco drama humano. Porque no queremos ser c\u00f3mplices de su militarismo y sus guerras de rapi\u00f1a. Porque no queremos ser parte de sus sucios negocios especulando con la salud y la vida de millones de personas.<\/p>\n<p>Tras juntarnos un mill\u00f3n y medio de personas el 22 de marzo en Madrid, rodeamos sus parlamentos el 21 de ju- nio y se\u00f1alamos a los aut\u00e9nticos responsables el 24 de octubre en Asturias. Ahora volvemos de nuevo a la lucha.<\/p>\n<p>Hacemos un nuevo llamamiento a la movilizaci\u00f3n social en la semana del 24 al 29 de noviembre en la que hemos convocado movilizaciones por el empleo digno, por una renta b\u00e1sica, por los servicios p\u00fablicos y de calidad, por el derecho a la vivienda y la daci\u00f3n en pago, por las libertades democr\u00e1ticas, contra los presupuestos restrictivos de las administraciones p\u00fablicas, contra el pago de la deuda odiosa, el paro, la precariedad, los recortes, el TTIP, la corrupci\u00f3n, el r\u00e9gimen del 78 y la represi\u00f3n y por supuesto el 25 contra la violencia hacia las mujeres.<\/p>\n<p>Os llamamos, especialmente, a protestar el 29 de noviembre en la manifestaci\u00f3n convocada en Bilbo. Os llamamos a participar activamente en una movilizaci\u00f3n por una sociedad de hombres y mujeres libres, una movilizaci\u00f3n contra un sistema, un r\u00e9gimen y unos gobiernos que nos agreden y no nos representan. Seguimos exigiendo que se vayan. Que se vaya el Gobierno del PP y, tambi\u00e9n, todos los gobiernos que recortan y colabo- ran con las pol\u00edticas de la Troika.<\/p>\n<p>A LA CALLE, QUE YA ES HORA<\/p>\n<p>&nbsp;<\/p>\n","protected":false},"excerpt":{"rendered":"<p style=\"text-align: justify\"><span style=\"text-decoration: underline\"><strong>Relaci\u00f3n de las marchas, horarios e itinerarios.<\/strong><\/span><\/p>\n<p style=\"text-align: justify\"><strong>Columna de Bilbao<\/strong>: Salida a las <strong>11,30 desde la plaza Bilbao la Vieja<\/strong>-C\/San Francisco-C\/Juan de Garay-C\/Autonom\u00eda-C\/San Mam\u00e9s- Pz. Indautxu- Ald. Urquijo-C\/M\u00aa. Diaz de Haro-C\/Gran V\u00eda- Pz. Sagrado coraz\u00f3n<\/p>\n<p style=\"text-align: justify\"><strong>Columna Margen Izquierda<\/strong>: Salida a las <strong>10:00 h. desde la plaza Kasko (Ayuntamiento) de Sestao<\/strong>, discurrir\u00e1 fundamentalmente por la nacional 634, hasta llegar sobre las 12,30 h. a la Plaza Sagrado Coraz\u00f3n de Bilbao.<\/p>\n<p style=\"text-align: justify\"><strong>Columna Margen Derecha<\/strong>: Salida a las <strong>10:00 h. desde la plaza del Puente Colgante de Las Arenas<\/strong>, discurrir\u00e1 fundamentalmente por la carretera paralela a la ria (BI-711-BI-739), hasta llegar sobre las 12,30 h. a la Plaza Sagrado Coraz\u00f3n de Bilbao.<\/p>\n<p style=\"text-align: justify\"><span style=\"text-decoration: underline\"><strong>MANIFESTACI\u00d3N<\/strong><\/span>: <strong>12:30 h. desde la plaza del Sagrado Coraz\u00f3n de Bilbao<\/strong> hasta la Plaza Santiago del Casco Viejo.<\/p>\n<p style=\"text-align: justify\">Las MARCHAS DE LA DIGNIDAD volvemos a salir a la calle para gritar bien alto PAN, TRABAJO, TECHO\u2026 DIGNIDAD. Salimos a la calle porque nos encontramos ante una situaci\u00f3n extremadamente dif\u00edcil, una situaci\u00f3n l\u00edmite, de emergencia social, que nos convoca a dar una respuesta colectiva y masiva de la clase trabajadora, la mayor\u00eda social y los pueblos.<\/p>\n","protected":false},"author":57,"featured_media":0,"comment_status":"open","ping_status":"closed","sticky":false,"template":"","format":"standard","meta":{"footnotes":"","_links_to":"","_links_to_target":""},"categories":[46,8],"tags":[],"class_list":["post-9764","post","type-post","status-publish","format-standard","hentry","category-laboral","category-movilizaciones"],"publishpress_future_action":{"enabled":false,"date":"2026-05-05 18:50:27","action":"change-status","newStatus":"draft","terms":[],"taxonomy":"category","extraData":[]},"publishpress_future_workflow_manual_trigger":{"enabledWorkflows":[]},"_links":{"self":[{"href":"https:\/\/www.cgt-lkn.org\/bizkaia\/wp-json\/wp\/v2\/posts\/9764","targetHints":{"allow":["GET"]}}],"collection":[{"href":"https:\/\/www.cgt-lkn.org\/bizkaia\/wp-json\/wp\/v2\/posts"}],"about":[{"href":"https:\/\/www.cgt-lkn.org\/bizkaia\/wp-json\/wp\/v2\/types\/post"}],"author":[{"embeddable":true,"href":"https:\/\/www.cgt-lkn.org\/bizkaia\/wp-json\/wp\/v2\/users\/57"}],"replies":[{"embeddable":true,"href":"https:\/\/www.cgt-lkn.org\/bizkaia\/wp-json\/wp\/v2\/comments?post=9764"}],"version-history":[{"count":0,"href":"https:\/\/www.cgt-lkn.org\/bizkaia\/wp-json\/wp\/v2\/posts\/9764\/revisions"}],"wp:attachment":[{"href":"https:\/\/www.cgt-lkn.org\/bizkaia\/wp-json\/wp\/v2\/media?parent=9764"}],"wp:term":[{"taxonomy":"category","embeddable":true,"href":"https:\/\/www.cgt-lkn.org\/bizkaia\/wp-json\/wp\/v2\/categories?post=9764"},{"taxonomy":"post_tag","embeddable":true,"href":"https:\/\/www.cgt-lkn.org\/bizkaia\/wp-json\/wp\/v2\/tags?post=9764"}],"curies":[{"name":"wp","href":"https:\/\/api.w.org\/{rel}","templated":true}]}}