{"id":9565,"date":"2014-10-21T13:27:31","date_gmt":"2014-10-21T12:27:31","guid":{"rendered":"http:\/\/www.cgt-lkn.org\/bizkaia\/?p=9565"},"modified":"2014-10-21T13:30:34","modified_gmt":"2014-10-21T12:30:34","slug":"podemos-o-pablo-iglesias","status":"publish","type":"post","link":"https:\/\/www.cgt-lkn.org\/bizkaia\/archivos\/9565","title":{"rendered":"Podemos o Pablo Iglesias"},"content":{"rendered":"<p><a href=\"https:\/\/www.cgt-lkn.org\/bizkaia\/?attachment_id=9566\" rel=\"attachment wp-att-9566\"><img loading=\"lazy\" decoding=\"async\" class=\"alignleft wp-image-9566\" src=\"https:\/\/www.cgt-lkn.org\/bizkaia\/wp-content\/uploads\/sites\/21\/2014\/10\/Pablo-Iglesias.jpg\" alt=\"Pablo Iglesias\" width=\"276\" height=\"183\" \/><\/a>Podemos se ha presentado ante la opini\u00f3n p\u00fablica en la plaza de toros de Vista alegre de Madrid, con un pase\u00edllo de la cuadrilla dirigente con Pablo Iglesias como primer espada con gran ovaci\u00f3n del grader\u00edo. Muy alejado por lo tanto del esp\u00edritu del 15M, del que dicen ser continuadores, un\u00a0 movimiento ciudadano cuya caracter\u00edstica fundamental \u00a0ha sido y es la horizontalidad y la ausencia de liderismos.<\/p>\n<p>Est\u00e1 claro que Podemos es una cosa y Pablo Iglesias es otra, pero esta formaci\u00f3n se ha presentado como un partido de corte personalista, \u00a0donde se est\u00e1 imponiendo la verticalidad y una estructura cl\u00e1sica, si no lo remedian los miles de votantes de los distintos c\u00edrculos. El \u00f3rdago de Pablo Iglesias de que si no se aprueban sus planteamiento se marcha, es un ataque a la pluralidad del partido.<\/p>\n<p>Un planteamiento que pretende encauzar la disidencia en la calle hacia la lucha institucional por la pelea de los puestos, con el objetivo de ganar. \u00a0Dicen que est\u00e1n contra el r\u00e9gimen no contra el sistema, \u00a0solo hablan de la mierda del sistema y parece ser que su objetivo es volver a tener \u00a0lo que ten\u00edamos. Para ello apelan a la clase media, \u00a0apaleada por la crisis econ\u00f3mica y hu\u00e9rfana de un partido que represente sus intereses.<\/p>\n<p>Pablo Iglesias es consciente que el\u00a0 capital pol\u00edtico de Podemos es \u00e9l mismo, \u00a0creado a trav\u00e9s de los medios privados de comunicaci\u00f3n en manos de los principales capitalistas de este pa\u00eds, \u00a0que por supuesto no van a tirar piedras a su propio tejado, \u00a0potenciado por la corrupci\u00f3n pol\u00edtica. Su estrategia es el rodillo, pide que si los otros pierden (Etxenique), que se echen a un lado. En vez de compartir, se penaliza a los perdedores.<\/p>\n<p>En cuanto a su programa, \u00a0ya no es el mismo con el que se presentaron a las elecciones al Parlamento Europeo. Ya no hablan de no pagar la deuda; \u00a0no hablan de la nacionalizaci\u00f3n de la banca; \u00a0no hablan de la abolici\u00f3n de la monarqu\u00eda. Hablan de derogar las reformas laborales, \u00a0el art\u00edculo 135 de la Constituci\u00f3n, \u00a0defensa de la ense\u00f1anza, la sanidad, etc,lo mismo que en estos momento nos habla el PSOE, es decir puro reformismo.<\/p>\n<p>&nbsp;<\/p>\n<p>&nbsp;<\/p>\n","protected":false},"excerpt":{"rendered":"<p style=\"text-align: justify\"><a href=\"https:\/\/www.cgt-lkn.org\/bizkaia\/?attachment_id=9566\" rel=\"attachment wp-att-9566\"><img loading=\"lazy\" decoding=\"async\" class=\"alignleft wp-image-9566\" src=\"https:\/\/www.cgt-lkn.org\/bizkaia\/wp-content\/uploads\/sites\/21\/2014\/10\/Pablo-Iglesias.jpg\" alt=\"Pablo Iglesias\" width=\"276\" height=\"183\" \/><\/a>Podemos se ha presentado ante la opini\u00f3n p\u00fablica en la plaza de toros de Vista alegre de Madrid, con un pase\u00edllo de la cuadrilla dirigente con Pablo Iglesias como primer espada con gran ovaci\u00f3n del grader\u00edo. Muy alejado por lo tanto del esp\u00edritu del 15M, del que dicen ser continuadores, un\u00a0 movimiento ciudadano cuya caracter\u00edstica fundamental \u00a0ha sido y es la horizontalidad y la ausencia de liderismos.<\/p>\n<p style=\"text-align: justify\">Est\u00e1 claro que Podemos es una cosa y Pablo Iglesias es otra, pero esta formaci\u00f3n se ha presentado como un partido de corte personalista, \u00a0donde se est\u00e1 imponiendo la verticalidad y una estructura cl\u00e1sica, si no lo remedian los miles de votantes de los distintos c\u00edrculos. El \u00f3rdago de Pablo Iglesias de que si no se aprueban sus planteamiento se marcha, es un ataque a la pluralidad del partido.<\/p>\n","protected":false},"author":12,"featured_media":0,"comment_status":"open","ping_status":"closed","sticky":false,"template":"","format":"standard","meta":{"footnotes":"","_links_to":"","_links_to_target":""},"categories":[26],"tags":[],"class_list":["post-9565","post","type-post","status-publish","format-standard","hentry","category-opinion"],"publishpress_future_action":{"enabled":false,"date":"2026-05-09 10:56:10","action":"change-status","newStatus":"draft","terms":[],"taxonomy":"category","extraData":[]},"publishpress_future_workflow_manual_trigger":{"enabledWorkflows":[]},"_links":{"self":[{"href":"https:\/\/www.cgt-lkn.org\/bizkaia\/wp-json\/wp\/v2\/posts\/9565","targetHints":{"allow":["GET"]}}],"collection":[{"href":"https:\/\/www.cgt-lkn.org\/bizkaia\/wp-json\/wp\/v2\/posts"}],"about":[{"href":"https:\/\/www.cgt-lkn.org\/bizkaia\/wp-json\/wp\/v2\/types\/post"}],"author":[{"embeddable":true,"href":"https:\/\/www.cgt-lkn.org\/bizkaia\/wp-json\/wp\/v2\/users\/12"}],"replies":[{"embeddable":true,"href":"https:\/\/www.cgt-lkn.org\/bizkaia\/wp-json\/wp\/v2\/comments?post=9565"}],"version-history":[{"count":0,"href":"https:\/\/www.cgt-lkn.org\/bizkaia\/wp-json\/wp\/v2\/posts\/9565\/revisions"}],"wp:attachment":[{"href":"https:\/\/www.cgt-lkn.org\/bizkaia\/wp-json\/wp\/v2\/media?parent=9565"}],"wp:term":[{"taxonomy":"category","embeddable":true,"href":"https:\/\/www.cgt-lkn.org\/bizkaia\/wp-json\/wp\/v2\/categories?post=9565"},{"taxonomy":"post_tag","embeddable":true,"href":"https:\/\/www.cgt-lkn.org\/bizkaia\/wp-json\/wp\/v2\/tags?post=9565"}],"curies":[{"name":"wp","href":"https:\/\/api.w.org\/{rel}","templated":true}]}}