{"id":9496,"date":"2014-10-07T19:38:35","date_gmt":"2014-10-07T18:38:35","guid":{"rendered":"http:\/\/www.cgt-lkn.org\/bizkaia\/?p=9496"},"modified":"2014-10-07T19:38:35","modified_gmt":"2014-10-07T18:38:35","slug":"detras-de-las-tarjetas-opacas-de-caja-madrid-se-esconden-los-partidos-y-sindicatos-institucionales-que-son-los-autenticos-responsables","status":"publish","type":"post","link":"https:\/\/www.cgt-lkn.org\/bizkaia\/archivos\/9496","title":{"rendered":"Detr\u00e1s de las tarjetas opacas de Caja Madrid, se esconden los partidos y sindicatos institucionales que son los aut\u00e9nticos responsables"},"content":{"rendered":"<p><a href=\"https:\/\/www.cgt-lkn.org\/bizkaia\/?attachment_id=9497\" rel=\"attachment wp-att-9497\"><img loading=\"lazy\" decoding=\"async\" class=\"alignleft size-full wp-image-9497\" src=\"https:\/\/www.cgt-lkn.org\/bizkaia\/wp-content\/uploads\/sites\/21\/2014\/10\/Los-de-las-tarjetas.jpg\" alt=\"Los de las tarjetas\" width=\"291\" height=\"173\" \/><\/a><\/p>\n<p>Nos quieren hacer creer que los representantes de las organizaciones que estaban en el consejo de administraci\u00f3n son los \u00fanicos responsables, que son unos chorizos y que \u00a0han utilizado la representaci\u00f3n para lucrarse. Pero no podemos pasar por alto que fueron nombrados por unas organizaciones, que han permitido que sus representantes votaran a favor \u00a0de las preferentes y las hipotecas basura, que han supuesto la ruina para miles personas.<\/p>\n<p>Ahora dicen desconocer la existencia de estar tarjetas, \u00a0pero estas organizaciones \u00a0han entrado en el entramado de favores, facilitados por su presencia\u00a0 en la direcci\u00f3n de Caja Madrid, como son los cr\u00e9ditos blandos para las campa\u00f1as, en especial para las campa\u00f1as electorales \u00a0y la condonaci\u00f3n de toda o parte de su deuda. \u00bfC\u00f3mo se entiende la vicepresidencia de Caja Madrid \u00a0en manos de Moral Santin, \u00a0de Izquierda Unida, con la escasa representaci\u00f3n que ostenta en la Comunidad de Madrid?<\/p>\n<p>\u00bfC\u00f3mo se entiende que Francisco Baquero, \u00a0responsable de la federaci\u00f3n de Banca de CC.OO., \u00a0representase \u00a0a este sindicato, \u00a0cuando su mujer, \u00a0M\u00aa Jes\u00fas Paredes, sali\u00f3 de ese mismo cargo \u00a0por la puerta de atr\u00e1s \u00a0despu\u00e9s de todo tipo de chanchullos en el City Bank?. \u00a0Si, \u00a0los dirigentes de estas organizaciones \u00a0est\u00e1n enterados, \u00a0forman parte del sistema de la democracia representativa de \u00ednfima calidad, \u00a0donde la transparencia brilla por su ausencia, \u00a0impera la ley del silencio y donde el clientelismo \u00a0es la base del mismo.<\/p>\n","protected":false},"excerpt":{"rendered":"<p><a href=\"https:\/\/www.cgt-lkn.org\/bizkaia\/?attachment_id=9497\" rel=\"attachment wp-att-9497\"><img loading=\"lazy\" decoding=\"async\" class=\"alignleft size-full wp-image-9497\" src=\"https:\/\/www.cgt-lkn.org\/bizkaia\/wp-content\/uploads\/sites\/21\/2014\/10\/Los-de-las-tarjetas.jpg\" alt=\"Los de las tarjetas\" width=\"291\" height=\"173\" \/><\/a><\/p>\n<p style=\"text-align: justify\">Nos quieren hacer creer que los representantes de las organizaciones que estaban en el consejo de administraci\u00f3n son los \u00fanicos responsables, que son unos chorizos y que \u00a0han utilizado la representaci\u00f3n para lucrarse. Pero no podemos pasar por alto que fueron nombrados por unas organizaciones, que han permitido que sus representantes votaran a favor \u00a0de las preferentes y las hipotecas basura, que han supuesto la ruina para miles personas.<\/p>\n<p style=\"text-align: justify\">Ahora dicen desconocer la existencia de estar tarjetas, \u00a0pero estas organizaciones \u00a0han entrado en el entramado de favores, facilitados por su presencia\u00a0 en la direcci\u00f3n de Caja Madrid, como son los cr\u00e9ditos blandos para las campa\u00f1as, en especial para las campa\u00f1as electorales \u00a0y la condonaci\u00f3n de toda o parte de su deuda. \u00bfC\u00f3mo se entiende la vicepresidencia de Caja Madrid \u00a0en manos de Moral Santin, \u00a0de Izquierda Unida, con la escasa representaci\u00f3n que ostenta en la Comunidad de Madrid?<\/p>\n","protected":false},"author":12,"featured_media":0,"comment_status":"open","ping_status":"closed","sticky":false,"template":"","format":"standard","meta":{"footnotes":"","_links_to":"","_links_to_target":""},"categories":[26],"tags":[],"class_list":["post-9496","post","type-post","status-publish","format-standard","hentry","category-opinion"],"publishpress_future_action":{"enabled":false,"date":"2026-05-07 17:40:05","action":"change-status","newStatus":"draft","terms":[],"taxonomy":"category","extraData":[]},"publishpress_future_workflow_manual_trigger":{"enabledWorkflows":[]},"_links":{"self":[{"href":"https:\/\/www.cgt-lkn.org\/bizkaia\/wp-json\/wp\/v2\/posts\/9496","targetHints":{"allow":["GET"]}}],"collection":[{"href":"https:\/\/www.cgt-lkn.org\/bizkaia\/wp-json\/wp\/v2\/posts"}],"about":[{"href":"https:\/\/www.cgt-lkn.org\/bizkaia\/wp-json\/wp\/v2\/types\/post"}],"author":[{"embeddable":true,"href":"https:\/\/www.cgt-lkn.org\/bizkaia\/wp-json\/wp\/v2\/users\/12"}],"replies":[{"embeddable":true,"href":"https:\/\/www.cgt-lkn.org\/bizkaia\/wp-json\/wp\/v2\/comments?post=9496"}],"version-history":[{"count":0,"href":"https:\/\/www.cgt-lkn.org\/bizkaia\/wp-json\/wp\/v2\/posts\/9496\/revisions"}],"wp:attachment":[{"href":"https:\/\/www.cgt-lkn.org\/bizkaia\/wp-json\/wp\/v2\/media?parent=9496"}],"wp:term":[{"taxonomy":"category","embeddable":true,"href":"https:\/\/www.cgt-lkn.org\/bizkaia\/wp-json\/wp\/v2\/categories?post=9496"},{"taxonomy":"post_tag","embeddable":true,"href":"https:\/\/www.cgt-lkn.org\/bizkaia\/wp-json\/wp\/v2\/tags?post=9496"}],"curies":[{"name":"wp","href":"https:\/\/api.w.org\/{rel}","templated":true}]}}