{"id":9411,"date":"2014-09-27T16:10:31","date_gmt":"2014-09-27T15:10:31","guid":{"rendered":"http:\/\/www.cgt-lkn.org\/bizkaia\/?p=9411"},"modified":"2014-09-24T16:15:57","modified_gmt":"2014-09-24T15:15:57","slug":"podemos-se-reune-con-cgt-da-largas-a-ugt-y-tiene-un-contacto-discreto-con-ccoo","status":"publish","type":"post","link":"https:\/\/www.cgt-lkn.org\/bizkaia\/archivos\/9411","title":{"rendered":"Podemos se re\u00fane con CGT, da largas a UGT y tiene un contacto discreto con CCOO"},"content":{"rendered":"<p>Si las neonatas relaciones de <strong>Podemos<\/strong> con formaciones pol\u00edticas como PP y PSOE est\u00e1n siendo convulsas y a cara de perro, de navaja en la boca, vamos; si presentan matices timoratos y desconfiados con otros partidos de la izquierda, como IU, las que ha comenzado a entablar el partido de los c\u00edrculos con los sindicatos podr\u00edan calificarse de \u201ccautas\u201d, \u201cmuy cautas\u201d.<\/p>\n<p><span id=\"more-6709\"><\/span>El pasado mes de junio, tras la irrupci\u00f3n de Podemos en el mapa pol\u00edtico espa\u00f1ol y europeo con el respaldo de 1,2 millones de votos (cinco eurodiputados), el secretario general de <strong>UGT, C\u00e1ndido M\u00e9ndez,<\/strong> remiti\u00f3 una <a href=\"http:\/\/www.cuartopoder.es\/wp-content\/uploads\/sites\/21\/2014\/09\/UGT_PODEMOS.pdf\">carta a <strong>Pablo Iglesias <\/strong><\/a>para felicitarle por el resultado y para solicitar un encuentro con el objeto de debatir sobre tres asuntos que el sindicato considera de m\u00e1ximo inter\u00e9s: el plan de inversiones propuesto por la Conferencia Europea de Sindicatos, la inmigraci\u00f3n, fundamentalmente la que concierne a los pa\u00edses del sur de Europa, y el problema de la deuda. La carta, a d\u00eda de hoy, no ha recibido respuesta.<\/p>\n<p>Con quien s\u00ed han mantenido un primer contacto los representantes de Podemos es con la <strong>CGT<\/strong>, concretamente celebraron un encuentro el pasado 17 de septiembre tras el que el sindicato colg\u00f3 un <a title=\"CGT y Podemos consideran que la situaci\u00f3n social es dram\u00e1tica para amplias capas de la poblaci\u00f3n\" href=\"http:\/\/rojoynegro.info\/articulo\/ideas\/cgt-podemos-consideran-la-situaci%C3%B3n-social-es-dram%C3%A1tica-amplias-capas-la-poblaci%C3%B3n\">comunicado en su p\u00e1gina web:<\/a> \u201cAl respecto de la posici\u00f3n de los sindicatos del r\u00e9gimen, los portavoces de Podemos a t\u00edtulo individual -pues indicaron que hasta que su organizaci\u00f3n no finalice el proceso de constituci\u00f3n no habr\u00e1 una posici\u00f3n oficial al respecto- manifestaron su comprensi\u00f3n con el an\u00e1lisis de la CGT en relaci\u00f3n a que <em>la acci\u00f3n de estos sindicatos es parte del problema<\/em>\u201d.<\/p>\n<p><a href=\"https:\/\/www.cgt-lkn.org\/bizkaia\/wp-content\/uploads\/sites\/21\/2014\/09\/cgt_podemos2.jpg\"><img loading=\"lazy\" decoding=\"async\" class=\" wp-image-9412 aligncenter\" src=\"https:\/\/www.cgt-lkn.org\/bizkaia\/wp-content\/uploads\/sites\/21\/2014\/09\/cgt_podemos2-300x128.jpg\" alt=\"cgt_podemos2\" width=\"424\" height=\"181\" \/><\/a><\/p>\n<p>\u00bfY eso qu\u00e9 significa? Seg\u00fan los interlocutores de <strong>cuartopoder.es<\/strong>, en Podemos significa exactamente eso, que no habr\u00e1 un posicionamiento formal respecto a este asunto hasta que la formaci\u00f3n est\u00e9 constituida. Esto es, que el modelo de relaciones con los sindicatos est\u00e1 todav\u00eda por determinar.<\/p>\n<p>\u00bfY cu\u00e1les son las alternativas? Por lo que se desprende de los debates en los c\u00edrculos y en la Plaza de Podemos, las opciones podr\u00edan ser tres. La primera, impulsar la <a title=\"Plaza Podemos. Creaci\u00f3n de sindicato\" href=\"http:\/\/www.reddit.com\/r\/podemos\/comments\/2gugmv\/creacion_de_sindicato\/\">formaci\u00f3n de un sindicato<\/a>(alguna propuestas ya le han puesto nombre: <strong>Somos<\/strong>), que, de momento, parece contar con un apoyo marginal. La segunda, tomar a alguno de los sindicatos existentes como referente. \u00bfPodr\u00eda ser la CGT por similitudes en la forma de afrontar la contestaci\u00f3n social? La idea de un sindicato como correa de transmisi\u00f3n de un partido, que tantos a\u00f1os cost\u00f3 superar en Espa\u00f1a, no parece tampoco gozar de demasiados apoyos.<\/p>\n<p>La tercera opci\u00f3n pasar\u00eda por presentar una propuesta de regeneraci\u00f3n del movimiento sindical y establecer v\u00ednculos de colaboraci\u00f3n, y de acci\u00f3n, con esos sindicatos renovados, \u201cnecesarios para dar la batalla pol\u00edtica y social\u201d, precisaron las citadas fuentes. Esta v\u00eda necesita tiempo y di\u00e1logo, que ya se ha abierto de forma no oficial con <strong>CCOO<\/strong>, sindicato con el que dirigentes de Podemos han mantenido un primer contacto en el que se espera profundizar en los pr\u00f3ximos meses.<\/p>\n<p>La relaci\u00f3n de Podemos con los sindicatos no ha sido f\u00e1cil hasta la fecha, y no parece que vaya a ser un camino de rosas en el futuro inmediato. La coyuntura, desde luego, no ayuda, y la sensaci\u00f3n de par\u00e1lisis en la acci\u00f3n de unos sindicatos acosados judicial y medi\u00e1ticamente, tampoco. Y dicho eso, y seg\u00fan reconocen los propios sindicatos, se cuentan por miles los militantes de CCOO, UGT o CGT que apoyan a Podemos. As\u00ed que quiz\u00e1s est\u00e9n obligados, por lo menos, a hablar. Y luego ya veremos si podemos o no podemos\u2026<\/p>\n<p>&nbsp;<\/p>\n<p>fuente:\u00a0http:\/\/www.cuartopoder.es\/elolordeldinero\/podemos-se-reune-con-cgt-da-largas-ugt-y-mantiene-un-contacto-oficial-con-ccoo\/6709<\/p>\n","protected":false},"excerpt":{"rendered":"<p>\u00bfY eso qu\u00e9 significa? Seg\u00fan los interlocutores de <strong>cuartopoder.es<\/strong>, en Podemos significa exactamente eso, que no habr\u00e1 un posicionamiento formal respecto a este asunto hasta que la formaci\u00f3n est\u00e9 constituida. Esto es, que el modelo de relaciones con los sindicatos est\u00e1 todav\u00eda por determinar.<\/p>\n<p>\u00bfY cu\u00e1les son las alternativas?<\/p>\n","protected":false},"author":191,"featured_media":0,"comment_status":"open","ping_status":"closed","sticky":false,"template":"","format":"standard","meta":{"footnotes":"","_links_to":"","_links_to_target":""},"categories":[4,6,83,26,15],"tags":[],"class_list":["post-9411","post","type-post","status-publish","format-standard","hentry","category-crisis","category-el-oraculo","category-militancia","category-opinion","category-social"],"publishpress_future_action":{"enabled":false,"date":"2026-05-07 06:39:29","action":"change-status","newStatus":"draft","terms":[],"taxonomy":"category","extraData":[]},"publishpress_future_workflow_manual_trigger":{"enabledWorkflows":[]},"_links":{"self":[{"href":"https:\/\/www.cgt-lkn.org\/bizkaia\/wp-json\/wp\/v2\/posts\/9411","targetHints":{"allow":["GET"]}}],"collection":[{"href":"https:\/\/www.cgt-lkn.org\/bizkaia\/wp-json\/wp\/v2\/posts"}],"about":[{"href":"https:\/\/www.cgt-lkn.org\/bizkaia\/wp-json\/wp\/v2\/types\/post"}],"author":[{"embeddable":true,"href":"https:\/\/www.cgt-lkn.org\/bizkaia\/wp-json\/wp\/v2\/users\/191"}],"replies":[{"embeddable":true,"href":"https:\/\/www.cgt-lkn.org\/bizkaia\/wp-json\/wp\/v2\/comments?post=9411"}],"version-history":[{"count":0,"href":"https:\/\/www.cgt-lkn.org\/bizkaia\/wp-json\/wp\/v2\/posts\/9411\/revisions"}],"wp:attachment":[{"href":"https:\/\/www.cgt-lkn.org\/bizkaia\/wp-json\/wp\/v2\/media?parent=9411"}],"wp:term":[{"taxonomy":"category","embeddable":true,"href":"https:\/\/www.cgt-lkn.org\/bizkaia\/wp-json\/wp\/v2\/categories?post=9411"},{"taxonomy":"post_tag","embeddable":true,"href":"https:\/\/www.cgt-lkn.org\/bizkaia\/wp-json\/wp\/v2\/tags?post=9411"}],"curies":[{"name":"wp","href":"https:\/\/api.w.org\/{rel}","templated":true}]}}