{"id":9396,"date":"2014-09-23T13:30:47","date_gmt":"2014-09-23T12:30:47","guid":{"rendered":"http:\/\/www.cgt-lkn.org\/bizkaia\/?p=9396"},"modified":"2014-09-23T13:34:01","modified_gmt":"2014-09-23T12:34:01","slug":"concentracion-frente-a-la-estacion-de-amara-de-euskotren-contra-la-privatizacion-del-mantenimiento-de-los-trenes","status":"publish","type":"post","link":"https:\/\/www.cgt-lkn.org\/bizkaia\/archivos\/9396","title":{"rendered":"Concentraci\u00f3n frente a la estaci\u00f3n de Amara de Euskotren, contra la privatizaci\u00f3n del mantenimiento de los trenes"},"content":{"rendered":"<p><a href=\"https:\/\/www.cgt-lkn.org\/bizkaia\/?attachment_id=9397\" rel=\"attachment wp-att-9397\"><img loading=\"lazy\" decoding=\"async\" class=\"alignleft wp-image-9397\" src=\"https:\/\/www.cgt-lkn.org\/bizkaia\/wp-content\/uploads\/sites\/21\/2014\/09\/Amara-22S.1.jpg\" alt=\"Amara 22S.(1)\" width=\"250\" height=\"190\" \/><\/a>La secci\u00f3n sindical de CGT de Euskotren, junto con la agrupaci\u00f3n de trabajadores LANKIDE, se manifestaron ayer frente a la estaci\u00f3n de Amara de Euskotren, contra la privatizaci\u00f3n del mantenimiento de los trenes ya que consideran que \u00e9sta sale m\u00e1s cara al ciudadano, precariza el empleo y es un buen negocio, tanto para la empresa al que se la da la concesi\u00f3n, como para los pol\u00edticos que la conceden y sus partidos<\/p>\n<p>Euskotren\u00a0 tiene privatizado el mantenimiento de los tranv\u00edas de Bilbao y Vitoria. Ahora anuncia el cierre de los Talleres de mantenimiento de Renter\u00eda y Lutxana y la privatizaci\u00f3n del mantenimiento de los trenes.<\/p>\n<p>Durante un siglo el mantenimiento de los trenes\u00a0 lo han realizado los\/as trabajadores\/as \u00a0de la propia empresa. \u00bfPor qu\u00e9 ahora se decide subcontratar este trabajo? De nuevo se quiere trasferir dinero p\u00fablico a empresas privadas haciendo del mantenimiento y de la seguridad ferroviaria un negocio.<\/p>\n<p>La Agrupaci\u00f3n de Trabajadores\/as LANKIDE y el sindicato CGT-LKN, ambos miembros del comit\u00e9 de empresa de Euskotren han querido mostrar su rechazo con esta concentraci\u00f3n, e informar a nuestro\/as\u00a0 \u00a0usuarios\/as \u00a0y a la opini\u00f3n p\u00fablica en general, sobre los planes de privatizaci\u00f3n que el Gobierno Vasco quiere implantar en Euskotren. Porque la privatizaci\u00f3n perjudica la seguridad del mantenimiento, priorizando el beneficio empresarial sobre la calidad del mantenimiento y el empleo.<\/p>\n<p>&nbsp;<\/p>\n","protected":false},"excerpt":{"rendered":"<p style=\"text-align: justify\">La secci\u00f3n sindical de CGT de Euskotren, junto con la agrupaci\u00f3n de trabajadores LANKIDE, se manifestaron ayer frente a la estaci\u00f3n de Amara de Euskotren, contra la privatizaci\u00f3n del mantenimiento de los trenes ya que consideran que \u00e9sta sale m\u00e1s cara al ciudadano, precariza el empleo y es un buen negocio, tanto para la empresa al que se la da la concesi\u00f3n, como para los pol\u00edticos que la conceden y sus partidos<\/p>\n<p style=\"text-align: justify\">Euskotren\u00a0 tiene privatizado el mantenimiento de los tranv\u00edas de Bilbao y Vitoria. Ahora anuncia el cierre de los Talleres de mantenimiento de Renter\u00eda y Lutxana y la privatizaci\u00f3n del mantenimiento de los trenes.<\/p>\n<p style=\"text-align: justify\">Durante un siglo el mantenimiento de los trenes\u00a0 lo han realizado los\/as trabajadores\/as \u00a0de la propia empresa. \u00bfPor qu\u00e9 ahora se decide subcontratar este trabajo? De nuevo se quiere trasferir dinero p\u00fablico a empresas privadas haciendo del mantenimiento y de la seguridad ferroviaria un negocio.<\/p>\n","protected":false},"author":24,"featured_media":0,"comment_status":"open","ping_status":"closed","sticky":false,"template":"","format":"standard","meta":{"footnotes":"","_links_to":"","_links_to_target":""},"categories":[88,8],"tags":[],"class_list":["post-9396","post","type-post","status-publish","format-standard","hentry","category-euskotren","category-movilizaciones"],"publishpress_future_action":{"enabled":false,"date":"2026-05-05 15:40:27","action":"change-status","newStatus":"draft","terms":[],"taxonomy":"category","extraData":[]},"publishpress_future_workflow_manual_trigger":{"enabledWorkflows":[]},"_links":{"self":[{"href":"https:\/\/www.cgt-lkn.org\/bizkaia\/wp-json\/wp\/v2\/posts\/9396","targetHints":{"allow":["GET"]}}],"collection":[{"href":"https:\/\/www.cgt-lkn.org\/bizkaia\/wp-json\/wp\/v2\/posts"}],"about":[{"href":"https:\/\/www.cgt-lkn.org\/bizkaia\/wp-json\/wp\/v2\/types\/post"}],"author":[{"embeddable":true,"href":"https:\/\/www.cgt-lkn.org\/bizkaia\/wp-json\/wp\/v2\/users\/24"}],"replies":[{"embeddable":true,"href":"https:\/\/www.cgt-lkn.org\/bizkaia\/wp-json\/wp\/v2\/comments?post=9396"}],"version-history":[{"count":0,"href":"https:\/\/www.cgt-lkn.org\/bizkaia\/wp-json\/wp\/v2\/posts\/9396\/revisions"}],"wp:attachment":[{"href":"https:\/\/www.cgt-lkn.org\/bizkaia\/wp-json\/wp\/v2\/media?parent=9396"}],"wp:term":[{"taxonomy":"category","embeddable":true,"href":"https:\/\/www.cgt-lkn.org\/bizkaia\/wp-json\/wp\/v2\/categories?post=9396"},{"taxonomy":"post_tag","embeddable":true,"href":"https:\/\/www.cgt-lkn.org\/bizkaia\/wp-json\/wp\/v2\/tags?post=9396"}],"curies":[{"name":"wp","href":"https:\/\/api.w.org\/{rel}","templated":true}]}}