{"id":9247,"date":"2014-08-20T08:31:31","date_gmt":"2014-08-20T07:31:31","guid":{"rendered":"http:\/\/www.cgt-lkn.org\/bizkaia\/?p=9247"},"modified":"2022-01-29T09:02:14","modified_gmt":"2022-01-29T08:02:14","slug":"siete-novedades-que-debe-tener-en-cuenta-si-coge-una-baja-laboral","status":"publish","type":"post","link":"https:\/\/www.cgt-lkn.org\/bizkaia\/archivos\/9247","title":{"rendered":"Siete novedades que debe tener en cuenta si coge una baja laboral"},"content":{"rendered":"<p class=\"spip\">El Consejo de Ministros aprob\u00f3 el Real Decreto de gesti\u00f3n de la incapacidad temporal en el primer a\u00f1o de duraci\u00f3n y el proyecto de ley de mutuas. Esta medida supone novedades en la pr\u00e1ctica si coges una baja m\u00e9dica por enfermedad com\u00fan. A continuaci\u00f3n, todas las claves de la reforma.<\/p>\n<p class=\"spip\">1-El m\u00e9dico de la Seguridad Social sigue teniendo la \u00faltima palabra en el alta 2- Los trabajadores no tendr\u00e1n que ir cada 7 d\u00edas a por el parte 3- Las mutuas pueden sugerir a la Seguridad Social el alta de un trabajador 4- Las mutuas podr\u00e1n controlar a las personas de baja desde el primer d\u00eda 5- \u00bfQu\u00e9 pasa si un trabajador no acude a un reconocimiento m\u00e9dico? 6- Se simplifican las bajas para los aut\u00f3nomos 7- Las empresas podr\u00e1n aplicarse antes las deducciones por incapacidad temporal<\/p>\n<p class=\"spip\"><strong class=\"spip\">Los m\u00e9dicos tienen la \u00faltima palabra<\/strong><\/p>\n<p class=\"spip\">La nueva ley resta poder a los facultativos pero respeta que tengan la \u00faltima palabra para dar el alta a un trabajador una vez recuperado. El Gobierno trabajaba en la posibilidad de que las mutuas pidieran el alta, pero la opci\u00f3n se ha descartado definitivamente.<\/p>\n<p class=\"spip\"><strong class=\"spip\">Desaparecen los partes semanales<\/strong><\/p>\n<p class=\"spip\">A partir de la entrada en vigor del real decreto, los partes de baja se ajustar\u00e1n al programa de recuperaci\u00f3n. Es decir, el trabajador ya no tendr\u00e1 que ir cada siete d\u00edas a la consulta para renovar la situaci\u00f3n.<\/p>\n<p class=\"spip\">Los m\u00e9dicos recibir\u00e1n unas tablas que orientar\u00e1n cu\u00e1nto tiempo se debe autorizar en funci\u00f3n de la enfermedad, la edad del trabajador y su actividad profesional. El periodo m\u00ednimo ser\u00e1 de cinco d\u00edas.<\/p>\n<p class=\"spip\">Si la duraci\u00f3n se estima entre cinco y 30 d\u00edas, el parte de confirmaci\u00f3n se expedir\u00e1 cada dos semanas; si la situaci\u00f3n se prolonga entre 31 y 60 d\u00edas, el parte se recoger\u00e1 cada 28 d\u00edas; y, para las enfermedades de larga duraci\u00f3n \u2014las de m\u00e1s de 61 d\u00edas\u2014, la confirmaci\u00f3n ser\u00e1 cada 35 d\u00edas.<\/p>\n<p class=\"spip\"><strong class=\"spip\">Las mutuas controlar\u00e1n las bajas desde el primer d\u00eda<\/strong><\/p>\n<p class=\"spip\">Las mutuas ganan peso en el control del periodo de baja. Si antes no pod\u00edan intervenir hasta la jornada 16, desde ahora<strong class=\"spip\">\u00a0podr\u00e1n dar su opini\u00f3n incluso el primer d\u00eda.<\/strong>\u00a0Si consideran que el trabajador no est\u00e1 impedido, pueden apelar a la Seguridad Social.<\/p>\n<p class=\"spip\">Los inspectores del Gobierno tendr\u00e1n cinco d\u00edas para contestar a la mutua si deniegan la baja o no. De no producirse respuesta en tiempo y forma, la mutua podr\u00e1 solicitar el alta a la Seguridad Social, que tendr\u00e1 cuatro d\u00edas para contestar.<\/p>\n<p class=\"spip\"><strong class=\"spip\">\u00bfQu\u00e9 pasa si no se acude al chequeo m\u00e9dico?<\/strong><\/p>\n<p class=\"spip\">Los presupuestos generales del Estado de este a\u00f1o recogen la posibilidad de suspender cautelarmente la prestaci\u00f3n cuando el trabajador se salte los reconocimientos m\u00e9dicos. Con la nueva ley, el afectado dispondr\u00e1 de cuatro d\u00edas para justificar la ausencia.<\/p>\n<p class=\"spip\">Transcurrido el plazo se anular\u00e1 la baja m\u00e9dica. Por el contrario, si la justificaci\u00f3n se acepta no se extingue autom\u00e1ticamente la prestaci\u00f3n, como ocurr\u00eda hasta ahora.<\/p>\n<p class=\"spip\"><strong class=\"spip\">M\u00e1s f\u00e1cil para los aut\u00f3nomos<\/strong><\/p>\n<p class=\"spip\">Los aut\u00f3nomos lo tendr\u00e1n m\u00e1s sencillo. Los tr\u00e1mites para acceder a una baja m\u00e9dica se simplifican. El Gobierno sostiene que ocho de cada diez peticiones se rechazaban por la rigidez del sistema actual.<\/p>\n<p class=\"spip\"><strong class=\"spip\">M\u00e1s mejoras para las empresas<\/strong><\/p>\n<p class=\"spip\">Los partes de altas y bajas se administrar\u00e1n a diario a trav\u00e9s de Internet. El proceso permitir\u00e1 que las empresas controlen desde el primer momento las deducciones que se aplican a las prestaciones por incapacidad laboral al abonar las cuotas de la Seguridad Social.<\/p>\n<p class=\"spip\">Como todas las reformas de este gobierno, se continua recortando derechos y prestaciones a l@s trabajadores y se da a las empresas.<\/p>\n<p>&nbsp;<\/p>\n<blockquote class=\"wp-embedded-content\" data-secret=\"0QFPH3rqf1\"><p><a href=\"https:\/\/www.cgt-lkn.org\/bizkaia\/archivos\/2368\">MUTUAS<\/a><\/p><\/blockquote>\n<p><iframe loading=\"lazy\" class=\"wp-embedded-content\" sandbox=\"allow-scripts\" security=\"restricted\" style=\"position: absolute; visibility: hidden;\" title=\"\u00abMUTUAS\u00bb \u2014 CGT-LKN Bizkaia\" src=\"https:\/\/www.cgt-lkn.org\/bizkaia\/archivos\/2368\/embed#?secret=UlxEOKDh2s#?secret=0QFPH3rqf1\" data-secret=\"0QFPH3rqf1\" width=\"600\" height=\"338\" frameborder=\"0\" marginwidth=\"0\" marginheight=\"0\" scrolling=\"no\"><\/iframe><\/p>\n","protected":false},"excerpt":{"rendered":"<p><strong class=\"spip\">Las mutuas controlar\u00e1n las bajas desde el primer d\u00eda.<\/strong><\/p>\n<p><strong class=\"spip\">Desaparecen los partes semanales.<\/strong><\/p>\n<p><strong class=\"spip\">M\u00e1s mejoras para las empresas.<\/strong><\/p>\n","protected":false},"author":57,"featured_media":0,"comment_status":"open","ping_status":"closed","sticky":false,"template":"","format":"standard","meta":{"footnotes":"","_links_to":"","_links_to_target":""},"categories":[46,38,19,15],"tags":[296,532,311,190],"class_list":["post-9247","post","type-post","status-publish","format-standard","hentry","category-laboral","category-leyes-y-normas-leyes-y-normas","category-salud-laboral","category-social","tag-bajas","tag-enfermedad","tag-mutua","tag-salud-laboral"],"publishpress_future_action":{"enabled":false,"date":"2026-05-07 05:25:04","action":"change-status","newStatus":"draft","terms":[],"taxonomy":"category","extraData":[]},"publishpress_future_workflow_manual_trigger":{"enabledWorkflows":[]},"_links":{"self":[{"href":"https:\/\/www.cgt-lkn.org\/bizkaia\/wp-json\/wp\/v2\/posts\/9247","targetHints":{"allow":["GET"]}}],"collection":[{"href":"https:\/\/www.cgt-lkn.org\/bizkaia\/wp-json\/wp\/v2\/posts"}],"about":[{"href":"https:\/\/www.cgt-lkn.org\/bizkaia\/wp-json\/wp\/v2\/types\/post"}],"author":[{"embeddable":true,"href":"https:\/\/www.cgt-lkn.org\/bizkaia\/wp-json\/wp\/v2\/users\/57"}],"replies":[{"embeddable":true,"href":"https:\/\/www.cgt-lkn.org\/bizkaia\/wp-json\/wp\/v2\/comments?post=9247"}],"version-history":[{"count":1,"href":"https:\/\/www.cgt-lkn.org\/bizkaia\/wp-json\/wp\/v2\/posts\/9247\/revisions"}],"predecessor-version":[{"id":22020,"href":"https:\/\/www.cgt-lkn.org\/bizkaia\/wp-json\/wp\/v2\/posts\/9247\/revisions\/22020"}],"wp:attachment":[{"href":"https:\/\/www.cgt-lkn.org\/bizkaia\/wp-json\/wp\/v2\/media?parent=9247"}],"wp:term":[{"taxonomy":"category","embeddable":true,"href":"https:\/\/www.cgt-lkn.org\/bizkaia\/wp-json\/wp\/v2\/categories?post=9247"},{"taxonomy":"post_tag","embeddable":true,"href":"https:\/\/www.cgt-lkn.org\/bizkaia\/wp-json\/wp\/v2\/tags?post=9247"}],"curies":[{"name":"wp","href":"https:\/\/api.w.org\/{rel}","templated":true}]}}