{"id":8972,"date":"2014-06-14T09:16:53","date_gmt":"2014-06-14T08:16:53","guid":{"rendered":"http:\/\/www.cgt-lkn.org\/bizkaia\/?p=8972"},"modified":"2014-06-15T09:46:27","modified_gmt":"2014-06-15T08:46:27","slug":"por-el-cierre-de-los-centros-de-internamiento-de-extranjeros-cies","status":"publish","type":"post","link":"https:\/\/www.cgt-lkn.org\/bizkaia\/archivos\/8972","title":{"rendered":"Por el cierre de los Centros de Internamiento de Extranjeros (CIEs)"},"content":{"rendered":"<p><a href=\"https:\/\/www.cgt-lkn.org\/bizkaia\/?attachment_id=8973\" rel=\"attachment wp-att-8973\"><img loading=\"lazy\" decoding=\"async\" class=\"alignleft wp-image-8973\" src=\"https:\/\/www.cgt-lkn.org\/bizkaia\/wp-content\/uploads\/sites\/21\/2014\/06\/IMG_6704.jpg\" alt=\"IMG_6704\" width=\"250\" height=\"188\" \/><\/a>Ayer, en la plaza circular de Bilbao, se realiz\u00f3 una concentraci\u00f3n, donde se denunci\u00f3, \u00a0que los CIEs son instrumentos de represi\u00f3n del estado. Regulados por la Ley de Extranjer\u00eda y la directiva del Parlamento Europeo conocida como la \u00abDirectiva de la verg\u00fcenza\u00bb. Forman parte de un conjunto de mecanismos de control\u00a0 y represi\u00f3n de los flujos migratorios, cuya finalidad no es la expulsi\u00f3n de las personas migrantes, ya que los flujos migratorios son incontrolables, sino el de crear un discurso por el cual estas personas se las considera como delincuentes y una amenaza para la sociedad.<\/p>\n<p>Se decreta el internamiento de las personas \u00absin papeles\u00bb , sin haber cometido ning\u00fan delito, solamente una infracci\u00f3n administrativa. Es una medida cautelar dentro de un procedimiento administrativo . El internamiento debe ser decretado por un juez de instrucci\u00f3n, cuando la persona no demuestra su arraigo, tras su detenci\u00f3n.<\/p>\n<p>El internamiento no puede durar m\u00e1s de 60 d\u00edas, pero la citada directiva europea, establece un l\u00edmite de 18 meses. El Reglamento de los CIEs, es el de una Orden Ministerial de la Presidencia del 22 de Febrero de 1999, que fu\u00e9 declarado inconstitucional en el a\u00f1o 2005, pero sigo en vigor al no haberse aprobado un nuevo reglamento, tal como establece la Ley de Extranjer\u00eda.<\/p>\n<p>En este momento que reina la penuria entre amplias capas de la poblaci\u00f3n, se utiliza a estas personas como \u00abchivo expiatorio\u00bb , para meter miedo en la poblaci\u00f3n y para que se les culpe de sus males. Es por lo que este discurso racista va calando en la sociedad. Tratan de convencer a una opini\u00f3n p\u00fablica inquieta, de que los CIEs est\u00e1n\u00a0 justificados, porque garantizan la seguridad. Se trata a las persona \u00absin papeles\u00bb como delincuentes, como una amenaza, como el enemigo, defraudadores de fonos sociales, de quitar el trabajo a las personas nativas , etc. .<\/p>\n<p>El internamiento por la mera comisi\u00f3n de una infracci\u00f3n administrativa es una aberraci\u00f3n. Estos centros que en principio son excepcionales y temporales, se convierten en poderosos y crueles instrumentos de represi\u00f3n y control ciudadano. El personal internado no es considerado ni como ciudadano ni como persona, ya que no goza de los derechos que va unido a esta condici\u00f3n por lo que son una clara vulneraci\u00f3n de los Derechos humanos.<\/p>\n","protected":false},"excerpt":{"rendered":"<p style=\"text-align: justify\"><a href=\"https:\/\/www.cgt-lkn.org\/bizkaia\/?attachment_id=8973\" rel=\"attachment wp-att-8973\"><img loading=\"lazy\" decoding=\"async\" class=\"alignleft wp-image-8973\" src=\"https:\/\/www.cgt-lkn.org\/bizkaia\/wp-content\/uploads\/sites\/21\/2014\/06\/IMG_6704.jpg\" alt=\"IMG_6704\" width=\"250\" height=\"188\" \/><\/a>Ayer, en la plaza circular de Bilbao, se realiz\u00f3 una concentraci\u00f3n, donde se denunci\u00f3, \u00a0que los CIEs son instrumentos de represi\u00f3n del estado. Regulados por la Ley de Extranjer\u00eda y la directiva del Parlamento Europeo conocida como la \u00abDirectiva de la verg\u00fcenza\u00bb. Forman parte de un conjunto de mecanismos de control\u00a0 y represi\u00f3n de los flujos migratorios, cuya finalidad no es la expulsi\u00f3n de las personas migrantes, ya que los flujos migratorios son incontrolables, sino el de crear un discurso por el cual estas personas se las considera como delincuentes y una amenaza para la sociedad.<\/p>\n<p style=\"text-align: justify\">Se decreta el internamiento de las personas \u00absin papeles\u00bb , sin haber cometido ning\u00fan delito, solamente una infracci\u00f3n administrativa. Es una medida cautelar dentro de un procedimiento administrativo . El internamiento debe ser decretado por un juez de instrucci\u00f3n, cuando la persona no demuestra su arraigo, tras su detenci\u00f3n.<\/p>\n<p style=\"text-align: justify\">\u00a0El internamiento no puede durar m\u00e1s de 60 d\u00edas, pero la citada directiva europea, establece un l\u00edmite de 18 meses. El Reglamento de los CIEs, es el de una Orden Ministerial de la Presidencia del 22 de Febrero de 1999, que fu\u00e9 declarado inconstitucional en el a\u00f1o 2005, pero sigo en vigor al no haberse aprobado un nuevo reglamento, tal como establece la Ley de Extranjer\u00eda.<\/p>\n","protected":false},"author":12,"featured_media":0,"comment_status":"open","ping_status":"closed","sticky":false,"template":"","format":"standard","meta":{"footnotes":"","_links_to":"","_links_to_target":""},"categories":[8,98,15],"tags":[],"class_list":["post-8972","post","type-post","status-publish","format-standard","hentry","category-movilizaciones","category-represion","category-social"],"publishpress_future_action":{"enabled":false,"date":"2026-05-07 17:41:39","action":"change-status","newStatus":"draft","terms":[],"taxonomy":"category","extraData":[]},"publishpress_future_workflow_manual_trigger":{"enabledWorkflows":[]},"_links":{"self":[{"href":"https:\/\/www.cgt-lkn.org\/bizkaia\/wp-json\/wp\/v2\/posts\/8972","targetHints":{"allow":["GET"]}}],"collection":[{"href":"https:\/\/www.cgt-lkn.org\/bizkaia\/wp-json\/wp\/v2\/posts"}],"about":[{"href":"https:\/\/www.cgt-lkn.org\/bizkaia\/wp-json\/wp\/v2\/types\/post"}],"author":[{"embeddable":true,"href":"https:\/\/www.cgt-lkn.org\/bizkaia\/wp-json\/wp\/v2\/users\/12"}],"replies":[{"embeddable":true,"href":"https:\/\/www.cgt-lkn.org\/bizkaia\/wp-json\/wp\/v2\/comments?post=8972"}],"version-history":[{"count":0,"href":"https:\/\/www.cgt-lkn.org\/bizkaia\/wp-json\/wp\/v2\/posts\/8972\/revisions"}],"wp:attachment":[{"href":"https:\/\/www.cgt-lkn.org\/bizkaia\/wp-json\/wp\/v2\/media?parent=8972"}],"wp:term":[{"taxonomy":"category","embeddable":true,"href":"https:\/\/www.cgt-lkn.org\/bizkaia\/wp-json\/wp\/v2\/categories?post=8972"},{"taxonomy":"post_tag","embeddable":true,"href":"https:\/\/www.cgt-lkn.org\/bizkaia\/wp-json\/wp\/v2\/tags?post=8972"}],"curies":[{"name":"wp","href":"https:\/\/api.w.org\/{rel}","templated":true}]}}