{"id":8310,"date":"2014-03-18T16:11:40","date_gmt":"2014-03-18T15:11:40","guid":{"rendered":"http:\/\/www.cgt-lkn.org\/bizkaia\/?p=8310"},"modified":"2014-03-19T21:37:52","modified_gmt":"2014-03-19T20:37:52","slug":"marchas-e-la-dignidad-22m-autobus-gratuito-a-mardird","status":"publish","type":"post","link":"https:\/\/www.cgt-lkn.org\/bizkaia\/archivos\/8310","title":{"rendered":"MARCHAS E LA DIGNIDAD: 22M AUTOB\u00daS GRATUITO  A MADRID"},"content":{"rendered":"<p><b>Saldr\u00e1 un autob\u00fas de Bilbao a la marcha por la dignidad el s\u00e1bado 22.<\/b><\/p>\n<p><b><\/b><b style=\"line-height: 26.666667938232422px\">\u00a0<\/b><b style=\"line-height: 26.666667938232422px\">Salida a las 8 de la ma\u00f1ana de la parada de Bailen\u00a0<\/b><\/p>\n<p><b><\/b><b>Salida de Madrid aproximada de 9 a 10 de la noche.<\/b><\/p>\n<p><b>\u00a0<\/b><b>Para apuntarse llamar <b>de 10 a 13h.\u00a0<\/b>al sindicato de Bilbao 94 416 95 40.\u00a0<\/b><\/p>\n<p><b>Salud y asistencia.<\/b><\/p>\n","protected":false},"excerpt":{"rendered":"<p style=\"text-align: left\"><b>Saldr\u00e1 un autob\u00fas de Bilbao a la marcha por la dignidad el s\u00e1bado 22.<\/b><\/p>\n<p style=\"text-align: left\"><b><\/b><b style=\"line-height: 26.666667938232422px\">\u00a0<\/b><b style=\"line-height: 26.666667938232422px\">Salida a las 8 de la ma\u00f1ana de la parada de Bailen\u00a0<\/b><\/p>\n<p style=\"text-align: left\"><b><\/b><b>Salida de Madrid aproximada de 9 a 10 de la noche.<\/b><\/p>\n<p style=\"text-align: left\"><b>\u00a0<\/b><b>Para apuntarse llamar <b>de 10 a 13h.\u00a0<\/b>al sindicato de Bilbao 94 416 95 40.\u00a0<\/b><\/p>\n<p style=\"text-align: left\"><b>Salud y asistencia.<\/b><\/p>\n","protected":false},"author":57,"featured_media":0,"comment_status":"closed","ping_status":"closed","sticky":false,"template":"","format":"standard","meta":{"footnotes":"","_links_to":"","_links_to_target":""},"categories":[41,54,4,8,15],"tags":[],"class_list":["post-8310","post","type-post","status-publish","format-standard","hentry","category-agitacion","category-bilbao","category-crisis","category-movilizaciones","category-social"],"publishpress_future_action":{"enabled":false,"date":"2026-05-10 12:02:38","action":"change-status","newStatus":"draft","terms":[],"taxonomy":"category","extraData":[]},"publishpress_future_workflow_manual_trigger":{"enabledWorkflows":[]},"_links":{"self":[{"href":"https:\/\/www.cgt-lkn.org\/bizkaia\/wp-json\/wp\/v2\/posts\/8310","targetHints":{"allow":["GET"]}}],"collection":[{"href":"https:\/\/www.cgt-lkn.org\/bizkaia\/wp-json\/wp\/v2\/posts"}],"about":[{"href":"https:\/\/www.cgt-lkn.org\/bizkaia\/wp-json\/wp\/v2\/types\/post"}],"author":[{"embeddable":true,"href":"https:\/\/www.cgt-lkn.org\/bizkaia\/wp-json\/wp\/v2\/users\/57"}],"replies":[{"embeddable":true,"href":"https:\/\/www.cgt-lkn.org\/bizkaia\/wp-json\/wp\/v2\/comments?post=8310"}],"version-history":[{"count":0,"href":"https:\/\/www.cgt-lkn.org\/bizkaia\/wp-json\/wp\/v2\/posts\/8310\/revisions"}],"wp:attachment":[{"href":"https:\/\/www.cgt-lkn.org\/bizkaia\/wp-json\/wp\/v2\/media?parent=8310"}],"wp:term":[{"taxonomy":"category","embeddable":true,"href":"https:\/\/www.cgt-lkn.org\/bizkaia\/wp-json\/wp\/v2\/categories?post=8310"},{"taxonomy":"post_tag","embeddable":true,"href":"https:\/\/www.cgt-lkn.org\/bizkaia\/wp-json\/wp\/v2\/tags?post=8310"}],"curies":[{"name":"wp","href":"https:\/\/api.w.org\/{rel}","templated":true}]}}