{"id":8300,"date":"2014-03-15T09:50:56","date_gmt":"2014-03-15T08:50:56","guid":{"rendered":"http:\/\/www.cgt-lkn.org\/bizkaia\/?p=8300"},"modified":"2014-03-15T09:50:56","modified_gmt":"2014-03-15T08:50:56","slug":"cientos-de-personas-movilizan-por-ezkerraldea-y-contra-los-recortes-%e2%80%8f","status":"publish","type":"post","link":"https:\/\/www.cgt-lkn.org\/bizkaia\/archivos\/8300","title":{"rendered":"Cientos de personas movilizan por Ezkerraldea y contra los recortes.\u200f"},"content":{"rendered":"<p align=\"center\">\n<p align=\"center\"><a href=\"https:\/\/www.cgt-lkn.org\/bizkaia\/wp-content\/uploads\/sites\/21\/2014\/03\/P3140049.jpg\"><b>PAN, TRABAJO y TECHO. MARCHA POR EZKERRALDEA!!!<\/b><img loading=\"lazy\" decoding=\"async\" class=\"alignnone size-medium wp-image-8302\" alt=\"OLYMPUS DIGITAL CAMERA\" src=\"https:\/\/www.cgt-lkn.org\/bizkaia\/wp-content\/uploads\/sites\/21\/2014\/03\/P3140049-300x213.jpg\" width=\"300\" height=\"213\" \/><\/a><\/p>\n<p><span style=\"font-size: 16px\"><span style=\"color: #000000\">Ayer a la\u00a0<\/span>\u00a0ma\u00f1ana partir\u00e1 del Ayuntamiento de Santurtzi una \u201cMarcha por Ezkerraldea\u201d organizada por la totalidad de asambleas de personas en paro, colectivos sociales y sindicatos de Ezkerraldea.<\/span><b style=\"font-size: 16px\"> Marcha que finalizar\u00e1 ante el Ayuntamiento de Sestao, municipio con la tasa m\u00e1s alta de desempleo: un 26%.<\/b><\/p>\n<p><b>\u00a0<\/b>Cientos de personas en paro, con empleos precarios y sobreviviendo en situaciones de pobreza extrema recorrer\u00e1n las principales calles de Ezkerraldea con el objetivo de visualizar los continuos recortes sociales que sufren las miles de personas y\/o familias de la comarca m\u00e1s castigada por las tasas de paro y pobreza.<\/p>\n<p><b>\u00a0<\/b><b>Esta movilizaci\u00f3n se inscribe en el marco de las \u201cMarchas de la Dignidad\u201d, que a lo largo de estos d\u00edas (del 10 al 20 de marzo) se est\u00e1n desarrollando por las diferentes comarcas de Euskal Herria.<\/b> Estas marchas confluir\u00e1n el s\u00e1bado 22 de marzo en una multitudinaria manifestaci\u00f3n en Madrid.<\/p>\n<p><b>Cabe destacar que a lo largo de esta iniciativa se realizar\u00e1n diferentes paradas <\/b>ante el consistorio de Santurtzi (lugar de salida), el Servicio Vasco de Empleo-Lanbide de Portugalete, el Centro Comercial \u201cBallonti\u201d, el Ambulatorio de Repelega y las oficinas centrales de la Seguridad Social en Ezkerraldea. Paradas <b>en las cuales personas y familias directamente afectadas por la vulneraci\u00f3n de derechos<\/b> (a un empleo con derechos, a unas prestaciones suficientes, a unos servicios sociales dignos, a una vivienda, a unas pensiones m\u00ednimas\u2026) <b>expondr\u00e1n las consecuencias de estos recortes en una comarca como la Margen Izquierda.<\/b><\/p>\n<p><b>\u00a0<\/b><b>Hay que tener en cuenta, que en lugar de soluciones a la actual situaci\u00f3n de crisis econ\u00f3mica las \u00fanicas respuestas que se dan desde las diferentes administraciones p\u00fablicas <\/b>(Ayuntamientos, <strong>Behargintzak-Centros Comarcales de Apoyo al Empleo<\/strong><b>, <\/b>Diputaci\u00f3n de Bizkaia, Gobierno Vasco, oficinas del Servicio Vasco de Empleo-Lanbide), <b>es criminalizar la respuesta ciudadana a los recortes sociales.<\/b><\/p>\n<p><b>Por este motivo, y a trav\u00e9s de esta nueva movilizaci\u00f3n, se volver\u00e1 a insistir en la denuncia de las situaciones que padecen las personas y familias de la Margen Izquierda.<\/b> As\u00ed\u2026<\/p>\n<p><b>-22.525 personas est\u00e1n desempleadas, de las cuales el 56% no perciben ning\u00fan tipo de prestaci\u00f3n. Cifra mayor si se tiene en cuenta a todas las personas que figuran como demandantes de empleo: 32.500.<\/b> Hay que tener en cuenta que quien realiza un cursillo del SEPE o Lanbide no se incluye en las listas del paro.<\/p>\n<p><b>\u00a0<\/b><b>-Adem\u00e1s, 40.000 personas tiene un contrato en precario; o 1.800 personas trabajan en las grandes superficies comerciales de la comarca por salarios inferiores a 500 euros al mes.<\/b><\/p>\n<p><b>\u00a0<\/b><b>-Estas circunstancias provocan que 50.000 familias sufran situaciones de pobreza y tengan serias dificultades para llegar a fin de mes. En este contexto no es de extra\u00f1ar que 6.000 personas dependan de los recursos asistenciales del banco de Alimentos o los comedores sociales de C\u00e1ritas de la comarca.<\/b><\/p>\n<p><b>\u00a0<\/b><b>-Situaciones de pobreza que d\u00eda a d\u00eda aumentan en el colectivo de personas pensionistas y jubiladas. <\/b>Uno de los colectivos que m\u00e1s se acercan a los servicios sociales municipales producto de los continuos recortes en el sistema p\u00fablico de pensiones. <b>Un ejemplo son las 2.500 viudas que en Barakaldo subsisten por debajo del umbral de pobreza.<\/b><\/p>\n<p><b>\u00a0<\/b><b>-Datos a los que debemos a\u00f1adir que 1.200 familias han sido desahuciadas de sus viviendas en los \u00faltimos 2 a\u00f1os; o 2.000 comercios han cerrado en este periodo de tiempo.<\/b><\/p>\n<p><b>\u00a0<\/b><b>&#8211;<\/b>En una comarca<b> con una tasa de paro del 22% nos encontramos con que existe una escasez de personal para agilizar <\/b>la atenci\u00f3n, tramitaci\u00f3n y resoluci\u00f3n de<b> los expedientes de las familias solicitantes de una prestaci\u00f3n para llegar a fin de mes <\/b>en Lanbide o los Departamentos de Acci\u00f3n Social de los consistorios.<\/p>\n<p><b>-Por otro lado, se da una falta de pol\u00edticas reales para la creaci\u00f3n de empleo digno;<\/b> y <b>nula voluntad <\/b>de implicaci\u00f3n<b> contra las horas extras y el incumplimiento de los convenios provinciales sectoriales.<\/b><\/p>\n<p>&#8211;<b>Adem\u00e1s, desde Lanbide, o los ayuntamientos de la comarca, no se apuesta por una bolsa de empleo trasparente <\/b>y gestionada con criterios de solidaridad.<\/p>\n<p>En definitiva,<b> los recortes en las prestaciones <\/b>sociales,<b> la nula voluntad de dinamizar planes comarcales de empleo digno (junto a las<\/b> <b>malas pr\u00e1cticas del Servicio Vasco de Empleo-Lanbide), provocan dejar sin recursos<\/b> y en la m\u00e1s absoluta indigencia <b>a las familias de la Margen Izquierda.<\/b><\/p>\n<p>&nbsp;<\/p>\n<p align=\"center\"><b><span style=\"text-decoration: underline\">Colectivos sociales, sindicales y asambleas de personas en paro de Ezkerraldea:<\/span><\/b><b><\/b><\/p>\n<p align=\"center\">Asambleas de Parad@s de Ezkerraldea y Zona Minera, Barakaldoko Gazte Asanblada, Berri-Otxoak, Centro Asesor de la Mujer \u00abArgitan\u00bb, Portugalete Eraikitzen y Santurtziko Herri Komitea.<\/p>\n<p align=\"center\">\n<p align=\"center\">ELA, LAB, ESK, STEE-EILAS, CNT y CGT.<\/p>\n","protected":false},"excerpt":{"rendered":"<div><b><span style=\"text-decoration: underline\"><a href=\"https:\/\/www.cgt-lkn.org\/bizkaia\/wp-content\/uploads\/sites\/21\/2014\/03\/P3140016.jpg\"><img loading=\"lazy\" decoding=\"async\" class=\"size-medium wp-image-8301 alignleft\" alt=\"OLYMPUS DIGITAL CAMERA\" src=\"https:\/\/www.cgt-lkn.org\/bizkaia\/wp-content\/uploads\/sites\/21\/2014\/03\/P3140016-300x214.jpg\" width=\"300\" height=\"214\" \/><\/a>Nos arrastran al empobrecimiento y la precariedad<\/span><\/b><\/div>\n<div>\n<div><b><span style=\"text-decoration: underline\">\u00a0<\/span><\/b><\/div>\n<div><b>600 personas han desarrollado ayer a la ma\u00f1ana una \u201cMarcha por Ezkerraldea\u201d.\u00a0<\/b><b>A lo largo del recorrido se han realizado diferentes paradas ante diferentes instituciones en denuncia del paro, la precariedad, la pobreza y los recortes sociales\u00a0que padecen miles de personas y familias de la Margen Izquierda.<\/b><\/div>\n<div><b>\u00a0<\/b><\/div>\n<div align=\"center\"><b><span style=\"text-decoration: underline\">Marchas de la Dignidad<\/span><\/b><\/div>\n<div><\/div>\n<div>A lo largo de estos d\u00edas est\u00e1n teniendo lugar una serie de marchas que est\u00e1n recorriendo las distintas comarcas de Euskal Herria a lo largo de estos d\u00edas.<\/div>\n<div><\/div>\n<\/div>\n","protected":false},"author":57,"featured_media":0,"comment_status":"closed","ping_status":"closed","sticky":false,"template":"","format":"standard","meta":{"footnotes":"","_links_to":"","_links_to_target":""},"categories":[4,95,47,8,15],"tags":[],"class_list":["post-8300","post","type-post","status-publish","format-standard","hentry","category-crisis","category-gune","category-localidades","category-movilizaciones","category-social"],"publishpress_future_action":{"enabled":false,"date":"2026-05-10 14:49:20","action":"change-status","newStatus":"draft","terms":[],"taxonomy":"category","extraData":[]},"publishpress_future_workflow_manual_trigger":{"enabledWorkflows":[]},"_links":{"self":[{"href":"https:\/\/www.cgt-lkn.org\/bizkaia\/wp-json\/wp\/v2\/posts\/8300","targetHints":{"allow":["GET"]}}],"collection":[{"href":"https:\/\/www.cgt-lkn.org\/bizkaia\/wp-json\/wp\/v2\/posts"}],"about":[{"href":"https:\/\/www.cgt-lkn.org\/bizkaia\/wp-json\/wp\/v2\/types\/post"}],"author":[{"embeddable":true,"href":"https:\/\/www.cgt-lkn.org\/bizkaia\/wp-json\/wp\/v2\/users\/57"}],"replies":[{"embeddable":true,"href":"https:\/\/www.cgt-lkn.org\/bizkaia\/wp-json\/wp\/v2\/comments?post=8300"}],"version-history":[{"count":0,"href":"https:\/\/www.cgt-lkn.org\/bizkaia\/wp-json\/wp\/v2\/posts\/8300\/revisions"}],"wp:attachment":[{"href":"https:\/\/www.cgt-lkn.org\/bizkaia\/wp-json\/wp\/v2\/media?parent=8300"}],"wp:term":[{"taxonomy":"category","embeddable":true,"href":"https:\/\/www.cgt-lkn.org\/bizkaia\/wp-json\/wp\/v2\/categories?post=8300"},{"taxonomy":"post_tag","embeddable":true,"href":"https:\/\/www.cgt-lkn.org\/bizkaia\/wp-json\/wp\/v2\/tags?post=8300"}],"curies":[{"name":"wp","href":"https:\/\/api.w.org\/{rel}","templated":true}]}}