{"id":8198,"date":"2014-02-25T15:48:04","date_gmt":"2014-02-25T14:48:04","guid":{"rendered":"http:\/\/www.cgt-lkn.org\/bizkaia\/?p=8198"},"modified":"2014-02-25T16:10:21","modified_gmt":"2014-02-25T15:10:21","slug":"el-3-de-marzo-se-reune-en-el-museo-guggenheim-de-bilbao-la-cumbre-economica-mundial-presidida-por-la-directora-del-fondo-mafioso-internacional-para-dar-ordenes-a-sus-vasallos-politicos-espanoles","status":"publish","type":"post","link":"https:\/\/www.cgt-lkn.org\/bizkaia\/archivos\/8198","title":{"rendered":"EL 3 de Marzo se re\u00fane en el  Museo Guggenheim de Bilbao,  la cumbre econ\u00f3mica mundial, presidida por la directora del Fondo Mafioso Internacional, para dar \u00f3rdenes a sus vasallos, los pol\u00edticos Espa\u00f1oles y Vascos"},"content":{"rendered":"<p>&nbsp;<\/p>\n<p><a href=\"https:\/\/www.cgt-lkn.org\/bizkaia\/?attachment_id=8199\" rel=\"attachment wp-att-8199\"><img loading=\"lazy\" decoding=\"async\" class=\"alignleft\" style=\"margin-top: 5px;margin-bottom: 5px\" alt=\"images (4)\" src=\"https:\/\/www.cgt-lkn.org\/bizkaia\/wp-content\/uploads\/sites\/21\/2014\/02\/images-4.jpg\" width=\"250\" height=\"200\" \/><\/a>Organizada por el Ejecutivo espa\u00f1ol contar\u00e1 con la colaboraci\u00f3n del Gobierno Vasco, a la misma asistir\u00e1n \u00a0la directora del Fondo Monetario Internacional (FMI), Christine Lagarde, los comisarios europeos de Asuntos Econ\u00f3micos, Comercio y Competitividad, Olli Rehn, Karel de Gucht , Mariano Rajoy y dos ministros de su gobierno, Jeroen Dijsselbloem \u00a0presidente del Eurogrupo, Werner Hoyer \u00a0presidente del Banco Europeo de Inversiones, \u00a0\u00c1ngel Gurr\u00eda \u00a0secretario general de la OCDE, \u00a0Agust\u00edn Carstens \u00a0gobernador del Banco de M\u00e9xico, Pablo Isla, C\u00e9sar Alierta, Ignacio S\u00e1nchez Gal\u00e1n y Francisco Gonz\u00e1lez,\u00a0presidentes de Inditex, Telef\u00f3nica, Iberdrola y BBVA, \u00a0Francisco Jos\u00e9 Riberas, Jos\u00e9 Llad\u00f3 y Carlos Palacio Oriol, \u00a0presidentes de Gestamp, T\u00e9cnicas Reunidas y Talgo, \u00a0Jorge Sendagorta \u00a0presidente de Sener Ingenier\u00eda y Sistem, \u00a0el lehendakari \u00a0I\u00f1igo Urkullu y el alcalde de Bilbao I\u00f1aki Azkuna entre otros. Tambi\u00e9n \u00a0se espera la presencia del rey Juan Carlos.<\/p>\n<p>Estos representantes de la Troika , formada por la Comisi\u00f3n, el Banco Central Europeo (BCE) , el Fondo Monetario Internacional (FMI)) y las multinacionales, \u00a0son los que ostentan la verdadera gesti\u00f3n del planeta y delegan en los gobiernos la aplicaci\u00f3n de sus directrices. <b>El poder de la troika se ejerce de manera an\u00f3nima, imperceptible, \u00a0intocable y coercitiva.<\/b><\/p>\n<p><b><\/b>Su pol\u00edtica es el ultraliberalismo, \u00a0al servicio de una ideolog\u00eda que esclaviza la econom\u00eda,\u00a0 con el objetivo de obtener megabeneficios cada vez m\u00e1s r\u00e1pidos y descomunales para una minor\u00eda. <b>Su f\u00f3rmula es la eliminaci\u00f3n de las reglamentaciones que dificulten la acumulaci\u00f3n de beneficios, la privatizaci\u00f3n de los servicios p\u00fablicos y el recorte dr\u00e1stico de los fondos asignados a programas sociales<\/b>. Dicen que no hay alternativa a la econom\u00eda de mercado, lo que es completamente mentira. Ellos practican la econom\u00eda \u00a0especulativa y destructiva, lo que se opone a la econom\u00eda productiva y creadora de empleo.<\/p>\n<p>Entre las medidas asumidas por el poder pol\u00edtico est\u00e1 \u00a0la de combatir el \u00abd\u00e9ficit p\u00fablico\u00bb y lo hacen recortando servicios que dicen no son rentables y por lo tanto no se aprovechan para sacar beneficios privados. Sin embargo,\u00e9stos son los gastos verdaderamente \u00a0esenciales, \u00a0que revierten en la sociedad y garantizan \u00a0la educaci\u00f3n \u00f3 la sanidad p\u00fablica, de lo que dependen el\u00a0 porvenir y supervivencia de cualquier civilizaci\u00f3n.<\/p>\n<p>Nos piden que nos adaptemos a la econom\u00eda de mercado, a la competitividad. \u00a0Nos piden el sacrificio de todas las personas\u00a0 para reducir el d\u00e9ficit p\u00fablico, es decir la destrucci\u00f3n met\u00f3dica de las infraestructuras esenciales y la supresi\u00f3n de las conquistas sociales. Nos piden que seamos competitivos y es la excusa\u00a0 para que aceptemos la sangr\u00eda\u00a0 continua de puestos de trabajo, del deterioro de las condiciones de trabajo y de las bajadas de los salarios<\/p>\n<p>Las consecuencias de esta pol\u00edtica es el aumento galopante del paro, de la pobreza y de la exclusi\u00f3n social. Toda una estrategia para forzar la sumisi\u00f3n y la aceptaci\u00f3n de cualquier tarea, a cualquier precio, durante el tiempo que sea y en las condiciones que sean, es decir el trabajo basura, donde se vive trabajando por debajo del umbral de pobreza.<\/p>\n<p>Para la ciudadan\u00eda los representantes de estas Instituciones Internacionales, son \u00abpersonas non gratas\u00bb, responsables de millones de muertos por el hambre y las guerras, el paro galopante, la corrupci\u00f3n, la desaparici\u00f3n o empeoramiento de los derechos sociales, laborales, asistenciales y de las libertades fundamentales.<\/p>\n<p>\u00a1\u00a1Recib\u00e1moslas como se merecen!!<\/p>\n","protected":false},"excerpt":{"rendered":"<p style=\"text-align: justify\">Organizada por el Ejecutivo espa\u00f1ol contar\u00e1 con la colaboraci\u00f3n del Gobierno Vasco, a la misma asistir\u00e1n \u00a0la directora del Fondo Monetario Internacional (FMI), Christine Lagarde, los comisarios europeos de Asuntos Econ\u00f3micos, Comercio y Competitividad, Olli Rehn, Karel de Gucht , Mariano Rajoy y dos ministros de su gobierno, Jeroen Dijsselbloem \u00a0presidente del Eurogrupo, Werner Hoyer \u00a0presidente del Banco Europeo de Inversiones, \u00a0\u00c1ngel Gurr\u00eda \u00a0secretario general de la OCDE, \u00a0Agust\u00edn Carstens \u00a0gobernador del Banco de M\u00e9xico, Pablo Isla, C\u00e9sar Alierta, Ignacio S\u00e1nchez Gal\u00e1n y Francisco Gonz\u00e1lez,\u00a0presidentes de Inditex, Telef\u00f3nica, Iberdrola y BBVA, \u00a0Francisco Jos\u00e9 Riberas, Jos\u00e9 Llad\u00f3 y Carlos Palacio Oriol, \u00a0presidentes de Gestamp, T\u00e9cnicas Reunidas y Talgo, \u00a0Jorge Sendagorta \u00a0presidente de Sener Ingenier\u00eda y Sistem, \u00a0el lehendakari \u00a0I\u00f1igo Urkullu y el alcalde de Bilbao I\u00f1aki Azkuna entre otros. Tambi\u00e9n \u00a0se espera la presencia del rey Juan Carlos.<\/p>\n<p style=\"text-align: justify\">Estos representantes de la Troika , formada por la Comisi\u00f3n, el Banco Central Europeo (BCE) , el Fondo Monetario Internacional (FMI)) y las multinacionales, \u00a0son los que ostentan la verdadera gesti\u00f3n del planeta y delegan en los gobiernos la aplicaci\u00f3n de sus directrices.\u00a0<b>El poder de la troika se ejerce de manera an\u00f3nima, imperceptible, \u00a0intocable y coercitiva.<\/b><\/p>\n<p style=\"text-align: justify\"><b><\/b>Su pol\u00edtica es el ultraliberalismo, \u00a0al servicio de una ideolog\u00eda que esclaviza la econom\u00eda,\u00a0 con el objetivo de obtener megabeneficios cada vez m\u00e1s r\u00e1pidos y descomunales para una minor\u00eda.\u00a0<b>Su f\u00f3rmula es la eliminaci\u00f3n de las reglamentaciones que dificulten la acumulaci\u00f3n de beneficios, la privatizaci\u00f3n de los servicios p\u00fablicos y el recorte dr\u00e1stico de los fondos asignados a programas sociales<\/b>. Dicen que no hay alternativa a la econom\u00eda de mercado, lo que es completamente mentira. Ellos practican la econom\u00eda \u00a0especulativa y destructiva, lo que se opone a la econom\u00eda productiva y creadora de empleo.<\/p>\n","protected":false},"author":12,"featured_media":0,"comment_status":"open","ping_status":"closed","sticky":false,"template":"","format":"standard","meta":{"footnotes":"","_links_to":"","_links_to_target":""},"categories":[13],"tags":[],"class_list":["post-8198","post","type-post","status-publish","format-standard","hentry","category-temas"],"publishpress_future_action":{"enabled":false,"date":"2026-05-06 22:43:44","action":"change-status","newStatus":"draft","terms":[],"taxonomy":"category","extraData":[]},"publishpress_future_workflow_manual_trigger":{"enabledWorkflows":[]},"_links":{"self":[{"href":"https:\/\/www.cgt-lkn.org\/bizkaia\/wp-json\/wp\/v2\/posts\/8198","targetHints":{"allow":["GET"]}}],"collection":[{"href":"https:\/\/www.cgt-lkn.org\/bizkaia\/wp-json\/wp\/v2\/posts"}],"about":[{"href":"https:\/\/www.cgt-lkn.org\/bizkaia\/wp-json\/wp\/v2\/types\/post"}],"author":[{"embeddable":true,"href":"https:\/\/www.cgt-lkn.org\/bizkaia\/wp-json\/wp\/v2\/users\/12"}],"replies":[{"embeddable":true,"href":"https:\/\/www.cgt-lkn.org\/bizkaia\/wp-json\/wp\/v2\/comments?post=8198"}],"version-history":[{"count":0,"href":"https:\/\/www.cgt-lkn.org\/bizkaia\/wp-json\/wp\/v2\/posts\/8198\/revisions"}],"wp:attachment":[{"href":"https:\/\/www.cgt-lkn.org\/bizkaia\/wp-json\/wp\/v2\/media?parent=8198"}],"wp:term":[{"taxonomy":"category","embeddable":true,"href":"https:\/\/www.cgt-lkn.org\/bizkaia\/wp-json\/wp\/v2\/categories?post=8198"},{"taxonomy":"post_tag","embeddable":true,"href":"https:\/\/www.cgt-lkn.org\/bizkaia\/wp-json\/wp\/v2\/tags?post=8198"}],"curies":[{"name":"wp","href":"https:\/\/api.w.org\/{rel}","templated":true}]}}