{"id":8123,"date":"2014-02-14T18:42:45","date_gmt":"2014-02-14T17:42:45","guid":{"rendered":"http:\/\/www.cgt-lkn.org\/bizkaia\/?p=8123"},"modified":"2014-02-14T18:42:45","modified_gmt":"2014-02-14T17:42:45","slug":"la-plataforma-gune-denuncia-el-aumento-de-la-pobreza-con-una-cadena-humana-en-bilbao","status":"publish","type":"post","link":"https:\/\/www.cgt-lkn.org\/bizkaia\/archivos\/8123","title":{"rendered":"La plataforma GUNE denuncia el aumento de la pobreza con una cadena humana en Bilbao."},"content":{"rendered":"<p><a href=\"https:\/\/www.cgt-lkn.org\/bizkaia\/wp-content\/uploads\/sites\/21\/2014\/02\/P1000835.jpg\"><img loading=\"lazy\" decoding=\"async\" class=\"alignleft  wp-image-8124\" style=\"margin-top: 5px;margin-bottom: 5px\" alt=\"P1000835\" src=\"https:\/\/www.cgt-lkn.org\/bizkaia\/wp-content\/uploads\/sites\/21\/2014\/02\/P1000835.jpg\" width=\"250\" height=\"200\" \/><\/a>Varios cientos\u00a0 de personas han participado esta ma\u00f1ana en una cadena\u00a0 desde la Plaza Moyua hasta la sede del Gobierno Vasco, con el lema \u00a0\u00abNos arrastran al empobrecimiento y la precariedad\u00bb, para denunciar el incremento de la pobreza, cuyas cifras no dejan de crecer, con un m\u00e1ximo hist\u00f3rico del mes de diciembre de 63.082 personas, \u00a0preceptores de la Renta de garant\u00eda de ingreso (RGI).<\/p>\n<p>En la lectura del comunicado final se ha denunciado la reforma el C\u00f3digo Penal, en este momento se encuentra en el Congreso, que va a seguir castigando a los grupos m\u00e1s excluidos. Un reforma que supone un cambio de modelo, donde lo importante no es lo que hayas hecho sino qui\u00e9n eres y de qu\u00e9 recursos dispones.<\/p>\n<p>Esta reforma va suponer un desarrollo enorme de las medidas de seguridad, que son restricciones que se imponen tras haber cometido un delito, pero no en funci\u00f3n de lo hecho, sino de la peligrosidad. Se aumenta los casos en los que se pueden imponer y el tiempo de duraci\u00f3n. Pueden ser de internamiento, de libertad vigilada o de expulsi\u00f3n.<\/p>\n<p>El concepto de peligrosidad da pi\u00e9 a la arbitrariedad y a las \u201csospechas\u201d sobre ciertos grupos de personas<span style=\"text-decoration: underline\">.<\/span> Lo sufrir\u00e1n quienes contesten al sistema, pero muy especialmente las personas con enfermedades mentales, que podr\u00e1n permanecer encerradas en previsi\u00f3n de que puedan cometer delitos en el futuro. Penas m\u00e1s duras a las personas extranjeras, que podr\u00e1n ser expulsadas incluso teniendo papeles. El top manta volver\u00e1 a ser delito.<\/p>\n<p>A pesar de que el Estado espa\u00f1ol tiene una de los ratios de personas en prisi\u00f3n por habitantes m\u00e1s altos de Europa y de delitos por habitante m\u00e1s bajos, a pesar de que las c\u00e1rceles est\u00e1n llenas de personas con problemas mentales y de drogas y con problem\u00e1ticas sociales, con esta reforma que se est\u00e1 tramitando se ampl\u00eda la brecha social y se extiende la criminalizaci\u00f3n a espacios de la vida cotidiana de las personas y de los colectivos que sobreviven, se apoyan y se expresan libremente.<\/p>\n","protected":false},"excerpt":{"rendered":"<p><a href=\"https:\/\/www.cgt-lkn.org\/bizkaia\/wp-content\/uploads\/sites\/21\/2014\/02\/P1000835.jpg\"><img loading=\"lazy\" decoding=\"async\" class=\"alignleft\" style=\"margin-top: 5px;margin-bottom: 5px\" alt=\"P1000835\" src=\"https:\/\/www.cgt-lkn.org\/bizkaia\/wp-content\/uploads\/sites\/21\/2014\/02\/P1000835.jpg\" width=\"250\" height=\"200\" \/><\/a><\/p>\n<p style=\"text-align: justify\">Varios cientos\u00a0 de personas han participado esta ma\u00f1ana en una cadena\u00a0 desde la Plaza Moyua hasta la sede del Gobierno Vasco, con el lema \u00a0\u00abNos arrastran al empobrecimiento y la precariedad\u00bb, para denunciar el incremento de la pobreza, cuyas cifras no dejan de crecer, con un m\u00e1ximo hist\u00f3rico del mes de diciembre de 63.082 personas, \u00a0preceptores de la Renta de garant\u00eda de ingreso (RGI).<\/p>\n<p style=\"text-align: justify\">En la lectura del comunicado final se ha denunciado la reforma el C\u00f3digo Penal, en este momento se encuentra en el Congreso, que va a seguir castigando a los grupos m\u00e1s excluidos. Un reforma que supone un cambio de modelo, donde lo importante no es lo que hayas hecho sino qui\u00e9n eres y de qu\u00e9 recursos dispones.<\/p>\n<p style=\"text-align: justify\">Esta reforma va suponer un desarrollo enorme de las medidas de seguridad, que son restricciones que se imponen tras haber cometido un delito, pero no en funci\u00f3n de lo hecho, sino de la peligrosidad. Se aumenta los casos en los que se pueden imponer y el tiempo de duraci\u00f3n. Pueden ser de internamiento, de libertad vigilada o de expulsi\u00f3n.<\/p>\n","protected":false},"author":12,"featured_media":0,"comment_status":"open","ping_status":"closed","sticky":false,"template":"","format":"standard","meta":{"footnotes":"","_links_to":"","_links_to_target":""},"categories":[8,15],"tags":[],"class_list":["post-8123","post","type-post","status-publish","format-standard","hentry","category-movilizaciones","category-social"],"publishpress_future_action":{"enabled":false,"date":"2026-05-07 10:16:14","action":"change-status","newStatus":"draft","terms":[],"taxonomy":"category","extraData":[]},"publishpress_future_workflow_manual_trigger":{"enabledWorkflows":[]},"_links":{"self":[{"href":"https:\/\/www.cgt-lkn.org\/bizkaia\/wp-json\/wp\/v2\/posts\/8123","targetHints":{"allow":["GET"]}}],"collection":[{"href":"https:\/\/www.cgt-lkn.org\/bizkaia\/wp-json\/wp\/v2\/posts"}],"about":[{"href":"https:\/\/www.cgt-lkn.org\/bizkaia\/wp-json\/wp\/v2\/types\/post"}],"author":[{"embeddable":true,"href":"https:\/\/www.cgt-lkn.org\/bizkaia\/wp-json\/wp\/v2\/users\/12"}],"replies":[{"embeddable":true,"href":"https:\/\/www.cgt-lkn.org\/bizkaia\/wp-json\/wp\/v2\/comments?post=8123"}],"version-history":[{"count":0,"href":"https:\/\/www.cgt-lkn.org\/bizkaia\/wp-json\/wp\/v2\/posts\/8123\/revisions"}],"wp:attachment":[{"href":"https:\/\/www.cgt-lkn.org\/bizkaia\/wp-json\/wp\/v2\/media?parent=8123"}],"wp:term":[{"taxonomy":"category","embeddable":true,"href":"https:\/\/www.cgt-lkn.org\/bizkaia\/wp-json\/wp\/v2\/categories?post=8123"},{"taxonomy":"post_tag","embeddable":true,"href":"https:\/\/www.cgt-lkn.org\/bizkaia\/wp-json\/wp\/v2\/tags?post=8123"}],"curies":[{"name":"wp","href":"https:\/\/api.w.org\/{rel}","templated":true}]}}