{"id":7091,"date":"2013-10-27T13:19:41","date_gmt":"2013-10-27T12:19:41","guid":{"rendered":"http:\/\/www.cgt-lkn.org\/bizkaia\/?p=7091"},"modified":"2013-10-27T13:19:41","modified_gmt":"2013-10-27T12:19:41","slug":"tras-el-escandalo-de-las-escuchas-la-ue-amenaza-con-romper-las-negociaciones-con-los-eeuu-del-tratado-comercial-transatlantico-tafta-que-es-lo-que-se-esta-negociando","status":"publish","type":"post","link":"https:\/\/www.cgt-lkn.org\/bizkaia\/archivos\/7091","title":{"rendered":"Tras el esc\u00e1ndalo de las escuchas, la UE amenaza con romper las negociaciones con los EEUU del Tratado Comercial transatl\u00e1ntico (TAFTA). \u00bfQu\u00e9 es lo que se est\u00e1 negociando?"},"content":{"rendered":"<p><a href=\"https:\/\/www.cgt-lkn.org\/bizkaia\/?attachment_id=7093\" rel=\"attachment wp-att-7093\"><img loading=\"lazy\" decoding=\"async\" class=\"alignleft  wp-image-7093\" style=\"margin-top: 5px;margin-bottom: 5px\" alt=\"affiche-tafta-96545\" src=\"https:\/\/www.cgt-lkn.org\/bizkaia\/wp-content\/uploads\/sites\/21\/2013\/10\/affiche-tafta-96545.jpg\" width=\"250\" height=\"200\" \/><\/a>En los temas comerciales, los Estados europeos transfieren sus competencias a la Comisi\u00f3n Europea, la cual negocia en nombre de los Veintiocho pa\u00edses miembros. Los gobiernos dan un man\u00addato de negociaci\u00f3n a la Comisi\u00f3n, y \u00e9s\u00adta fija los objetivos para alcanzar y los intereses europeos que defender.<\/p>\n<p>El mandato para las negociaciones del Tratado de Libre Comercio Transatl\u00e1ntico (TAFTA) fue aprobado el pasado 14 de junio, pero no fue da\u00addo a conocer ni al Parlamento Europeo ni a las opiniones p\u00fablicas. Se supone que es un documento secreto que esta\u00adblece el margen de maniobra que tendr\u00e1 la Comisi\u00f3n durante los meses de nego\u00adciaci\u00f3n, en cuestiones muy sensibles pa\u00adra el modelo de desarrollo europeo.<\/p>\n<p>El TAFTA es un tratado de una importancia estrat\u00e9gica porque si se aceptan las exigencias de Washington, la UE ten\u00addr\u00e1 que renunciar a varias de sus pol\u00edti\u00adcas y afectar\u00e1n a sectores en\u00adteros de la econom\u00eda. Pues se trata, ni m\u00e1s ni menos, que de transformar la zo\u00adna euro-atl\u00e1ntica en una inmensa \u00e1rea de libre comercio.<\/p>\n<p>El tratado se usar\u00e1 para eliminar regulaciones sociales, laborales y ambientales que hasta la fecha han protegido \u2013de forma desigual\u2013 ciertos derechos de las personas. <strong>El beneficio ser\u00e1 para las grandes empresas transnacionales<\/strong>. <strong>El objetivo de este pacto comerciales reducir los costes y retrasos innecesarios para las corporaciones\u2026\u201d<\/strong><\/p>\n<p><strong><\/strong>Corporaciones transnacionales de EE UU est\u00e1n haciendo mucho lobby para rebajar las normas laborales en Europa y deshacerse del Principio de Precauci\u00f3n (sobre el que se basan varias directivas ambientales como<strong> la que regula las sustancias qu\u00edmicas peligrosas o las normas de seguridad alimentaria, etc.), con el fin de aumentar sus exportaciones<\/strong>. As\u00ed, <strong>empresas energ\u00e9ticas tienen su vista puesto sobre la extracci\u00f3n de gas y petr\u00f3leo no convencional mediante la fractura hidr\u00e1ulica (fracking) y podr\u00edan usar estas negociaciones <\/strong>\u00a0para romper las prohibiciones logradas por las movilizaciones sociales.<\/p>\n<p>Estas negociaciones incluir\u00edan un cap\u00edtulo sobre inversiones, con el que empresas farmac\u00e9uticas y de servicios hospitalarios <strong>podr\u00edan impugnar legalmente las pol\u00edticas p\u00fablicas de salud, algo que ha pasado ya con otros tratados comerciales.<\/strong><\/p>\n<p><strong><\/strong>Una de las demandas claves de las patronales en todas las negaciones comerciales ha sido garantizar que la compra p\u00fablica (contratos de gobiernos locales, auton\u00f3micos, estatales) sean abiertos a la competici\u00f3n global, especialmente de cara a los recientes programas econ\u00f3micos que pretenden favorecer contratos con peque\u00f1as empresas locales frente a las empresas multinacionales como una v\u00eda de apoyar las econom\u00edas locales para recuperarse de la crisis financiera.<\/p>\n<p>El estudio de impacto de la Comisi\u00f3n Europeo sobre el futuro tratado comercial reconoce que sectores como la ganader\u00eda, fertilizantes, agrocombustibles y az\u00facar sufrir\u00e1n impactos negativos. Tambi\u00e9n bajar\u00edan los ingresos de industrias como la maquinaria electr\u00f3nica, equipos de transporte y metal\u00fargica, as\u00ed como los sectores de productos madereros y papel, servicios a las empresas y comunicaci\u00f3n con la consecuente p\u00e9rdida de puestos de trabajo.<\/p>\n<p>Una mayor exportaci\u00f3n de EEUU podr\u00eda agravar adem\u00e1s la divisi\u00f3n intra-europea entre los pa\u00edses \u201cricos\u201d y \u201cpobres\u201d. Resulta razonable concluir que las pol\u00edticas de liberalizaci\u00f3n comercial y de inversiones conllevan una p\u00e9rdida de empleos y derechos laborales, una mayor precarizaci\u00f3n y el aumento de desigualdades. Mientras <strong>la UE busque la subordinaci\u00f3n de sus leyes laborales a los intereses de las grandes empresas,<\/strong> es de esperar que el derecho a la sindicalizaci\u00f3n, la negociaci\u00f3n colectiva, el derecho a la huelga y otros derechos laborales sigan min\u00e1ndose.<\/p>\n","protected":false},"excerpt":{"rendered":"<p style=\"text-align: justify\">En los temas comerciales, los Estados europeos transfieren sus competencias a la Comisi\u00f3n Europea, la cual negocia en nombre de los Veintiocho pa\u00edses miembros. Los gobiernos dan un man\u00addato de negociaci\u00f3n a la Comisi\u00f3n, y \u00e9s\u00adta fija los objetivos para alcanzar y los intereses europeos que defender.<\/p>\n<p style=\"text-align: justify\">El mandato para las negociaciones del Tratado de Libre Comercio Transatl\u00e1ntico (TAFTA) fue aprobado el pasado 14 de junio, pero no fue da\u00addo a conocer ni al Parlamento Europeo ni a las opiniones p\u00fablicas. Se supone que es un documento secreto que esta\u00adblece el margen de maniobra que tendr\u00e1 la Comisi\u00f3n durante los meses de nego\u00adciaci\u00f3n, en cuestiones muy sensibles pa\u00adra el modelo de desarrollo europeo.<\/p>\n<p style=\"text-align: justify\">El TAFTA es un tratado de una importancia estrat\u00e9gica porque si se aceptan las exigencias de Washington, la UE ten\u00addr\u00e1 que renunciar a varias de sus pol\u00edti\u00adcas y afectar\u00e1n a sectores en\u00adteros de la econom\u00eda. Pues se trata, ni m\u00e1s ni menos, que de transformar la zo\u00adna euro-atl\u00e1ntica en una inmensa \u00e1rea de libre comercio.<\/p>\n","protected":false},"author":12,"featured_media":0,"comment_status":"open","ping_status":"closed","sticky":false,"template":"","format":"standard","meta":{"footnotes":"","_links_to":"","_links_to_target":""},"categories":[4,34],"tags":[],"class_list":["post-7091","post","type-post","status-publish","format-standard","hentry","category-crisis","category-economia"],"publishpress_future_action":{"enabled":false,"date":"2026-05-07 17:41:37","action":"change-status","newStatus":"draft","terms":[],"taxonomy":"category","extraData":[]},"publishpress_future_workflow_manual_trigger":{"enabledWorkflows":[]},"_links":{"self":[{"href":"https:\/\/www.cgt-lkn.org\/bizkaia\/wp-json\/wp\/v2\/posts\/7091","targetHints":{"allow":["GET"]}}],"collection":[{"href":"https:\/\/www.cgt-lkn.org\/bizkaia\/wp-json\/wp\/v2\/posts"}],"about":[{"href":"https:\/\/www.cgt-lkn.org\/bizkaia\/wp-json\/wp\/v2\/types\/post"}],"author":[{"embeddable":true,"href":"https:\/\/www.cgt-lkn.org\/bizkaia\/wp-json\/wp\/v2\/users\/12"}],"replies":[{"embeddable":true,"href":"https:\/\/www.cgt-lkn.org\/bizkaia\/wp-json\/wp\/v2\/comments?post=7091"}],"version-history":[{"count":0,"href":"https:\/\/www.cgt-lkn.org\/bizkaia\/wp-json\/wp\/v2\/posts\/7091\/revisions"}],"wp:attachment":[{"href":"https:\/\/www.cgt-lkn.org\/bizkaia\/wp-json\/wp\/v2\/media?parent=7091"}],"wp:term":[{"taxonomy":"category","embeddable":true,"href":"https:\/\/www.cgt-lkn.org\/bizkaia\/wp-json\/wp\/v2\/categories?post=7091"},{"taxonomy":"post_tag","embeddable":true,"href":"https:\/\/www.cgt-lkn.org\/bizkaia\/wp-json\/wp\/v2\/tags?post=7091"}],"curies":[{"name":"wp","href":"https:\/\/api.w.org\/{rel}","templated":true}]}}