{"id":4522,"date":"2013-02-05T12:12:09","date_gmt":"2013-02-05T11:12:09","guid":{"rendered":"http:\/\/www.cgt-lkn.org\/bizkaia\/?p=4522"},"modified":"2013-02-05T12:29:45","modified_gmt":"2013-02-05T11:29:45","slug":"concentracion-frente-al-parlamento-vasco-en-demanda-de-una-verdadera-soberania-popular","status":"publish","type":"post","link":"https:\/\/www.cgt-lkn.org\/bizkaia\/archivos\/4522","title":{"rendered":"Concentraci\u00f3n frente al Parlamento Vasco en demanda de una verdadera soberan\u00eda popular."},"content":{"rendered":"<p><a href=\"https:\/\/www.cgt-lkn.org\/bizkaia\/wp-content\/uploads\/sites\/21\/2013\/02\/IMG_5281.jpg\"><img loading=\"lazy\" decoding=\"async\" class=\"alignleft  wp-image-4523\" style=\"margin-top: 5px; margin-bottom: 5px;\" alt=\"IMG_5281\" src=\"https:\/\/www.cgt-lkn.org\/bizkaia\/wp-content\/uploads\/sites\/21\/2013\/02\/IMG_5281.jpg\" width=\"250\" height=\"200\" \/><\/a>Ayer frente al Parlamento Vasco, en v\u00edsperas de Santa \u00c1gueda, se hicieron resonar las makilas tradicionales\u00a0contra el suelo, convocados por el grupo de desobediencia civil \u201cANT\u00cdGONA\u201d, para demostrar simb\u00f3licamente que la soberan\u00eda reside en el pueblo, y que la clase pol\u00edtica debe atender las demandas del mismo.<\/p>\n<p>As\u00ed mismo el acto simboliza una llamada a la ciudadan\u00eda a que despierte de su letargo, que ya ha terminado el momento de quejarse y esperar pacientemente. Es el momento de exigir y de afirmar que la pol\u00edtica es cosa de todos y de todas, porque cada persona es sujeto pol\u00edtico. Todos y todas debemos participar en pol\u00edtica, porque participar en pol\u00edtica significa construir sociedad y tenemos que construir la sociedad que queremos entre todos y todas.<\/p>\n<p>Las personas concentradas exigieron a quienes est\u00e1n en el Parlamento y en el Gobierno Vasco que cumplan las decisiones que el pueblo est\u00e1 demandando todos los d\u00edas en las calles y que creen las herramientas efectivas para desarrollar una verdadera soberan\u00eda popular. Porque la diferencia entre exigir y pedir es muy sencilla: o nos hacen caso y nos dan las herramientas democr\u00e1ticas para poder construir la sociedad que queremos o seremos nosotros y nosotras los que las tomemos.<\/p>\n<p>\u201cDESOBEDIENTZIA\u201d, fue el grito m\u00e1s coreado por las personas presentes, denunciando que este sistema no funciona y ya no es posible que nos sigan enga\u00f1ando. Uno de los portavoces lanz\u00f3 al aire las siguientes preguntas: \u00bfQui\u00e9n puede decir que un sistema que pone en la calle a cientos de miles de personas a la vez que se acumulan millones de viviendas vac\u00edas es un sistema que funciona? \u00bfQui\u00e9n puede aceptar que se nos exija trabajar m\u00e1s horas y durante m\u00e1s a\u00f1os de nuestra vida cuando millones de personas no pueden acceder a un empleo? \u00bfQui\u00e9n puede decir que vivimos en un sistema justo cuando las grandes empresas y las grandes fortunas siguen aumentando sus beneficios mientras aumenta la pobreza en cientos de miles de familias?<\/p>\n<p>Otra de las portavoces del grupo se\u00f1al\u00f3:\u00a0\u00abSabemos de sobra que este sistema no funciona y que tenemos que cambiarlo. Pero tenemos que cambiarlo entre todos y todas y tenemos que cambiarlo nos dejen o no. Porque ante medidas pol\u00edticas y leyes injustas, el deber del pueblo es desobedecer. Por eso, tomamos la iniciativa pol\u00edtica y les decimos a nuestros pol\u00edticos: cada vez que vay\u00e1is a tomar decisiones pol\u00edticas en contra del pueblo, vendremos a pararos los pies y cada vez que intent\u00e9is aplicar esas decisiones ileg\u00edtimas, las desobedeceremos\u00bb.<\/p>\n<p>&nbsp;<\/p>\n<p>&nbsp;<\/p>\n<p>&nbsp;<\/p>\n","protected":false},"excerpt":{"rendered":"<p style=\"text-align: justify;\"><a href=\"https:\/\/www.cgt-lkn.org\/bizkaia\/wp-content\/uploads\/sites\/21\/2013\/02\/IMG_5281.jpg\"><img loading=\"lazy\" decoding=\"async\" class=\"alignleft\" style=\"margin-top: 5px; margin-bottom: 5px;\" alt=\"IMG_5281\" src=\"https:\/\/www.cgt-lkn.org\/bizkaia\/wp-content\/uploads\/sites\/21\/2013\/02\/IMG_5281.jpg\" width=\"250\" height=\"200\" \/><\/a>Ayer frente al Parlamento Vasco, en v\u00edsperas de Santa \u00c1gueda, se hicieron resonar las makilas tradicionales contra el suelo, convocados por el grupo de desobediencia civil \u201cANT\u00cdGONA\u201d, para demostrar simb\u00f3licamente que la soberan\u00eda reside en el pueblo, y que la clase pol\u00edtica debe atender las demandas del mismo.<\/p>\n<p style=\"text-align: justify;\">As\u00ed mismo el acto simboliza una llamada a la ciudadan\u00eda a que despierte de su letargo, que ya ha terminado el momento de quejarse y esperar pacientemente. Es el momento de exigir y de afirmar que la pol\u00edtica es cosa de todos y de todas, porque cada persona es sujeto pol\u00edtico. Todos y todas debemos participar en pol\u00edtica, porque participar en pol\u00edtica significa construir sociedad y tenemos que construir la sociedad que queremos entre todos y todas.<\/p>\n","protected":false},"author":12,"featured_media":0,"comment_status":"open","ping_status":"closed","sticky":false,"template":"","format":"standard","meta":{"footnotes":"","_links_to":"","_links_to_target":""},"categories":[8],"tags":[],"class_list":["post-4522","post","type-post","status-publish","format-standard","hentry","category-movilizaciones"],"publishpress_future_action":{"enabled":false,"date":"2026-05-07 15:47:29","action":"change-status","newStatus":"draft","terms":[],"taxonomy":"category","extraData":[]},"publishpress_future_workflow_manual_trigger":{"enabledWorkflows":[]},"_links":{"self":[{"href":"https:\/\/www.cgt-lkn.org\/bizkaia\/wp-json\/wp\/v2\/posts\/4522","targetHints":{"allow":["GET"]}}],"collection":[{"href":"https:\/\/www.cgt-lkn.org\/bizkaia\/wp-json\/wp\/v2\/posts"}],"about":[{"href":"https:\/\/www.cgt-lkn.org\/bizkaia\/wp-json\/wp\/v2\/types\/post"}],"author":[{"embeddable":true,"href":"https:\/\/www.cgt-lkn.org\/bizkaia\/wp-json\/wp\/v2\/users\/12"}],"replies":[{"embeddable":true,"href":"https:\/\/www.cgt-lkn.org\/bizkaia\/wp-json\/wp\/v2\/comments?post=4522"}],"version-history":[{"count":0,"href":"https:\/\/www.cgt-lkn.org\/bizkaia\/wp-json\/wp\/v2\/posts\/4522\/revisions"}],"wp:attachment":[{"href":"https:\/\/www.cgt-lkn.org\/bizkaia\/wp-json\/wp\/v2\/media?parent=4522"}],"wp:term":[{"taxonomy":"category","embeddable":true,"href":"https:\/\/www.cgt-lkn.org\/bizkaia\/wp-json\/wp\/v2\/categories?post=4522"},{"taxonomy":"post_tag","embeddable":true,"href":"https:\/\/www.cgt-lkn.org\/bizkaia\/wp-json\/wp\/v2\/tags?post=4522"}],"curies":[{"name":"wp","href":"https:\/\/api.w.org\/{rel}","templated":true}]}}