{"id":2528,"date":"2012-03-20T11:00:53","date_gmt":"2012-03-20T10:00:53","guid":{"rendered":"http:\/\/www.cgt-lkn.org\/bizkaia\/?p=2528"},"modified":"2012-10-28T19:03:15","modified_gmt":"2012-10-28T18:03:15","slug":"manifiesto-del-m15m-m15mren-manifestua-29m","status":"publish","type":"post","link":"https:\/\/www.cgt-lkn.org\/bizkaia\/archivos\/2528","title":{"rendered":"MANIFIESTO del M15M &#8211; M15Mren MANIFESTUA: 29M"},"content":{"rendered":"<p><center><strong><a name=\"eusk\"><\/a><\/strong><\/center><center><object width=\"560\" height=\"315\" classid=\"clsid:d27cdb6e-ae6d-11cf-96b8-444553540000\" codebase=\"http:\/\/download.macromedia.com\/pub\/shockwave\/cabs\/flash\/swflash.cab#version=6,0,40,0\"><param name=\"allowFullScreen\" value=\"true\" \/><param name=\"allowscriptaccess\" value=\"always\" \/><param name=\"src\" value=\"http:\/\/www.youtube.com\/v\/xiZEc5n-GdQ?version=3&amp;hl=es_ES&amp;rel=0\" \/><param name=\"allowfullscreen\" value=\"true\" \/><embed width=\"560\" height=\"315\" type=\"application\/x-shockwave-flash\" src=\"http:\/\/www.youtube.com\/v\/xiZEc5n-GdQ?version=3&amp;hl=es_ES&amp;rel=0\" allowFullScreen=\"true\" allowscriptaccess=\"always\" allowfullscreen=\"true\" \/><\/object><\/center><\/p>\n<div>\n<p style=\"text-align: center;\"><strong><span style=\"text-decoration: underline;\">M15Mren MANIFESTUA MARTXOAREN 29ko LANUZTEA ETA MOBILIZAZIO OROKORRA babesteko <\/span> <a href=\"#cast\">(en castellano)<\/a><\/strong><\/p>\n<p style=\"text-align: justify;\">M15M herritar ekimena da,<strong> GIZARTE ALDAKETA<\/strong>ren alde borrokatu nahi duen pertsona ororen partaidetzara irekia. Martxoaren 29an Greba Orokorra egiteko deialdiaren aurrean, sindikatuen erantzukizunari dei egiten die Bizkaiko M15Mk, eta deialdi <strong>BATERATUA<\/strong> aldarrikatzen, langile guztiak \u2014ahalik eta sektore gehienekoak\u2014 elkar daitezen eta lan- eta gizarte-mobilizazio zabala lor dadin.<\/p>\n<p style=\"text-align: justify;\">Duela lau urtetik hona, benetako \u201cEstatu-kolpeak\u201d burutu dituzte merkatuek eta euren txerpolariek, lan- eta gizarte-eskubideen eta askatasunen aurka. Espainiako Estatuko gobernuek 2,4 milioi lanpostu deuseztatzen utzi dute, 5,3 lagun langabezian egoten eta horietatik 1,3, prestaziorik gabe. <strong>Enplegu publikoa sortzeko inbertsio publiko handiak <\/strong>barne hartuko dituzten politika globalak ezarri behar dira, funtsezko arloetan: komunitatearen aldeko zerbitzuetatik energia berriztagarrietara; klima-aldaketaren aurkako borrokatik oinarrizko gizarte-sektoreetara.<\/p>\n<p style=\"text-align: justify;\">Gainera, onartu egin da enpresariek zigorrik ez jasotzea, soldatapekoak eta pentsiodunak pobretzea, 11,5 milioi lagunek hilean 1.000 eurotik beherako ordainsaria jasotzea&#8230; Enplegua eskuratzeko aukerarik ez dagoen bitartean, <strong>Oinarrizko Errentari <\/strong>eutsi behar zaio.<\/p>\n<h3 style=\"text-align: justify;\">Finantza-sistema 300.000 milioi eurorekin finantzatu edota abalatu egin da, hain zuzen ere, ondasun higiezinetarako kredituetan eta arrisku handiko funtsetan egindako iruzurrak eta bidegabekeriak \u201csaneatzeko\u201d. Aldi berean, arazo ekonomiko larriak dituzten milaka familia kaleratu egin dira, inolako aukerarik edo laguntzarik eskaini gabe. Ekonomia- eta finantza-jarduera kontrolatu eta onbideratu behar da, bai eta 1980tik aurrera pribatizatutako enpresa eta zerbitzu ugariak sozializatu ere. Horretarako, beharrezkoa da Banku Publikoa.<\/h3>\n<p style=\"text-align: justify;\">Gizartearen kohesioaren oinarri sozialak hautsi egin dira: gehiengoa pobretu eta prekarizatu egin da eta, hartara, gizarte-desberdintasuna ikaragarri areagotu. \u201cGizarte-bidegabekeriaren erregimena\u201d jarri da indarrean. Zerga-iruzurrak baliabide ugari kentzen dizkio kolektibitateari, eta enplegua kaltetzen du. Baliabide publikoak finantza-ministerioaren esku utzi behar dira, herritarren kontrolpean, iruzur horren kontra eraginkortasunez borrokatzeko. Emaitzak jendarteratu behar dira, eta errudunak gogor zigortu.<\/p>\n<p style=\"text-align: justify;\"><strong>LAN ERREFORMA<\/strong>ren aurkako jarrera da geurea. Lan-erreformarekin, pertsonak erabili eta botatzeko salgaiak balira bezala erabil daitezke, eskubide guztiak jabeentzako dira eta. Askoz ere merkeago kaleratu ahal izango dituzte langileak, nahi dutenean eta inori kontuak eman gabe. Kalitatezko lana ordezkatzeko aprobetxatuko dute, eta, horren ordez, lan prekarioa ezarriko. Ordutegiak, txandak, denborak lan egiteko moduak eta soldatak nahieran aldatu ahal izango dituzte.<\/p>\n<p style=\"text-align: justify;\">\u00a0<\/p>\n<p style=\"text-align: justify;\">Erreformak <strong>negoziazio kolektiboaren arauak ezabatzen dituelako,<\/strong> bai eta hitzarmenen iraungipen-eza eta EEEak aldez aurretik baimentzea ere; sektore publikoko langileak kaleratu ahal izango direlako, eta langabeei zerbitzu publikoetako lanak egitera behartuko dituztelako; 30 urtera arteko gazteentzako kontratu-modalitate bat aurreikusten delako, urtebeteko probaldia izango duena eta langabezia-prestazioarekiko bateragarria izango dena eta subsidiorik jasotzen ez dutenak betiko langabeziara kondenatuko dituena. <strong>Enplegu finkoa<\/strong> berreskuratu behar da, <strong>kalitatezkoa eta eskubideduna.<\/strong><\/p>\n<p style=\"text-align: justify;\">Sistema anker honen interes ekonomiko eta politikoek, krisialdia sortarazi duten arrazoien gainean ekin eta <strong>ekoizpen-, banaketa- eta kontsumo-eredua aldatu<\/strong> eta, hartara, planeta honetako bizitza iraunkorrago egin ordez, doitzeko eta gastuak murrizteko politikak aplikatzen dituzte, eta horien zama ahulenen, etorkinen, gazteen, emakumeen, pentsiodunen eta soldatapekoen sorbalden gainean ezartzen.<\/p>\n<p style=\"text-align: justify;\">Europan boterea duten organismoetako teknokratak, NMF, Mundu Bankua eta multinazionaletako <em>lobby<\/em>ak, gobernuekin elkar hartuta, Europako herri pobreenetako herritar xeheak itotzen dituen aurrekontu-, zerga- eta moneta-politika ezartzen ari dira. Horrenbestez, <strong>BEHARREZKOA DA EGOERA HORRI ERANTZUN GLOBALA EMATEA,<\/strong> kapitalaren logika hautsi eta gizartean aldaketa erradikala gauzatze aldera.<\/p>\n<p style=\"text-align: justify;\"><strong>GOBERNUAK LAN ERREFORMA INPOSATU DU. SUMINDUOK ERANTZUN EGITEN DUGU: LAN ERREFORMAREN AURKA, BORROKA DEZAGUN DUINTASUNAREN ALDE. %99 GARA.<\/strong><\/p>\n<p style=\"text-align: justify;\" align=\"center\"><a name=\"cast\"><\/a><\/p>\n<p><center><object width=\"560\" height=\"315\" classid=\"clsid:d27cdb6e-ae6d-11cf-96b8-444553540000\" codebase=\"http:\/\/download.macromedia.com\/pub\/shockwave\/cabs\/flash\/swflash.cab#version=6,0,40,0\"><param name=\"allowFullScreen\" value=\"true\" \/><param name=\"allowscriptaccess\" value=\"always\" \/><param name=\"src\" value=\"http:\/\/www.youtube.com\/v\/6TmUfWYN0rU?version=3&amp;hl=es_ES&amp;rel=0\" \/><param name=\"allowfullscreen\" value=\"true\" \/><embed width=\"560\" height=\"315\" type=\"application\/x-shockwave-flash\" src=\"http:\/\/www.youtube.com\/v\/6TmUfWYN0rU?version=3&amp;hl=es_ES&amp;rel=0\" allowFullScreen=\"true\" allowscriptaccess=\"always\" allowfullscreen=\"true\" \/><\/object><\/center><\/p>\n<p style=\"text-align: justify;\" align=\"center\">\u00a0<\/p>\n<\/div>\n<p style=\"text-align: center;\"><strong><span style=\"text-decoration: underline;\">MANIFIESTO del M15M en apoyo al PARO Y MOVILIZACI\u00d3N GENERAL del 29 de MARZO.<\/span> <a href=\"#eusk\">(Euskeraz)<\/a><\/strong><\/p>\n<p style=\"text-align: justify;\">EL M15M es una iniciativa ciudadana que est\u00e1 abierta a la participaci\u00f3n de todas las personas que quieran luchar por un <strong>CAMBIO SOCIAL. <\/strong>Ante la convocatoria de Huelga General para el 29 de Marzo, el M15M de Bizkaia hace un llamamiento a la responsabilidad sindical, apoyando la convocatoria <strong>UNITARIA<\/strong> donde se facilite el encuentro entre todas las personas trabajadoras, del mayor \u00e1mbito posible, apostando por una amplia movilizaci\u00f3n laboral y social.<\/p>\n<p style=\"text-align: justify;\">Desde hace cuatro a\u00f1os, se est\u00e1n produciendo aut\u00e9nticos \u201cGolpes de Estado\u201d de los mercados y sus mercaderes contra los derechos laborales, sociales y las libertades. Los Gobiernos, en el estado Espa\u00f1ol, han consentido la destrucci\u00f3n de 2,4 millones de empleos, el paro de 5,3 millones de personas, de los cuales 1,3 millones carecen de prestaci\u00f3n. Hay que imponer pol\u00edticas globales que incluyan <strong>inversiones p\u00fablicas masivas para la creaci\u00f3n de empleo p\u00fablico<\/strong> en \u00e1reas claves que abarcan de los servicios comunitarios a las energ\u00edas renovables, de la lucha contra el cambio clim\u00e1tico a los sectores sociales b\u00e1sicos.<\/p>\n<p style=\"text-align: justify;\">Se ha permitido la m\u00e1s absoluta impunidad de los empresarios, en el empobrecimiento de las personas asalariadas y pensionistas, con una poblaci\u00f3n de 11,5 millones de personas las cuales no llegan a percibir 1.000 euros al mes. Mientras no exista posibilidad de empleo, hay que mantener la <strong>Renta B\u00e1sica.<\/strong><\/p>\n<h3 style=\"text-align: justify;\">Se han financiado y\/o avalado m\u00e1s de 300.000 millones de euros al sistema financiero para \u201csanear\u201d sus fraudes y tropel\u00edas, cometidas sobre cr\u00e9ditos inmobiliarios y fondos de altos riesgos, mientras se desahucia a miles de familias con graves problemas econ\u00f3micas y sin ninguna oportunidad o ayuda. Hay que recuperar la capacidad de controlar y orientar la actividad econ\u00f3mica, financiera y socializar las numerosas empresas y servicios privatizados desde 1980, para lo cual es necesaria la Banca P\u00fablica.<\/h3>\n<p style=\"text-align: justify;\">Se han roto las bases sociales de cohesi\u00f3n de la sociedad, empobreciendo y precarizando a la mayor\u00eda y aumentando exponencialmente la desigualdad social. Se ha instaurado un \u201cr\u00e9gimen de injusticia social\u201d. El <strong>fraude fiscal<\/strong> priva a la colectividad de medios considerables y act\u00faa contra el empleo. Los medios p\u00fablicos consecuentes deben ponerse al servicio del ministerio de finanzas con control de la ciudadan\u00eda para luchar eficazmente contra ese fraude. Los resultados deben hacerse p\u00fablicos y sancionar severamente a los culpables.<\/p>\n<p style=\"text-align: justify;\">Nos posicionamos en contra de la <strong>REFORMA LABORAL<\/strong>, donde las personas pueden ser tratadas como mercanc\u00eda de usar y tirar, ya que todos los derechos son para la patronal. Podr\u00e1n despedir mucho m\u00e1s barato, cuando quieran y sin dar cuentas a nadie. Aprovechar\u00e1n para cambiar el trabajo de calidad por trabajo precario. Podr\u00e1n modificar a su antojo los horarios, los turnos, los tiempos, las formas de trabajo y los salarios.<\/p>\n<p style=\"text-align: justify;\">\u00a0<\/p>\n<p style=\"text-align: justify;\">Porque la reforma <strong>elimina las normas de la negociaci\u00f3n colectiva,<\/strong> la no caducidad de los convenios y la autorizaci\u00f3n previa en los EREs; porque los trabajadores del sector p\u00fablico podr\u00e1n ser despedidos y los desempleados obligados a desarrollar trabajos de servicio p\u00fablico; porque se decreta una nueva modalidad de contrato para j\u00f3venes hasta 30 a\u00f1os, con un periodo de prueba de 1 a\u00f1o, compatible con la percepci\u00f3n del desempleo que condena al paro perpetuo a las personas que no cobran el subsidio. Hay que recuperar el <strong>empleo fijo, de calidad y con derechos.<\/strong><\/p>\n<p style=\"text-align: justify;\">Los intereses econ\u00f3micos y pol\u00edticos de este sistema antihumano, en vez de actuar sobre las causas que han originado la crisis, <strong>cambiando de modelo de producci\u00f3n, distribuci\u00f3n y consumo<\/strong> para hacer m\u00e1s sostenible la vida en este planeta, aplican pol\u00edticas de ajuste y reducci\u00f3n del gasto donde a los m\u00e1s d\u00e9biles, inmigrantes, j\u00f3venes, mujeres, pensionistas y asalariados se les hace recaer el peso de la misma.<\/p>\n<p style=\"text-align: justify;\">Los tecn\u00f3cratas de los organismos del poder en Europa, junto con el FMI y el Banco Mundial y los \u201clobbys\u201d de las multinacionales, de acuerdo con los gobiernos, est\u00e1n imponiendo una pol\u00edtica presupuestaria, fiscal y monetaria, que est\u00e1 asfixiando a las clases populares de los pa\u00edses m\u00e1s pobres de Europa, por lo que es <strong>NECESARIA UNA RESPUESTA GLOBAL <\/strong>para romper con la l\u00f3gica del capital y realizar un cambio radical de la sociedad.<\/p>\n<p style=\"text-align: justify;\"><strong>EL GOBIERNO IMPONE LA REFORMA LABORAL. L@S INDIGNAD@S RESPONDEMOS: CONTRA LA REFORMA LABORAL LUCHEMOS POR LA DIGNIDAD. SOMOS EL 99%<\/strong>.<\/p>\n<p style=\"text-align: justify;\"><a href=\"#eusk\">(Euskeraz)<\/a><\/p>\n<p style=\"text-align: justify;\" align=\"center\"><a href=\"http:\/\/m15mbizkaia.net\/\" target=\"_blank\"><span style=\"font-family: Times New Roman;\">M15Mbizkaia.net<\/span><\/a><\/p>\n","protected":false},"excerpt":{"rendered":"<p><center><strong>M15Mren MANIFESTUA MARTXOAREN 29ko LANUZTEA ETA MOBILIZAZIO OROKORRA babesteko <a href=\"https:\/\/www.cgt-lkn.org\/bizkaia\/?p=2528#eusk\">(Euskeraz)<\/a><\/strong><\/center><center><strong>MANIFIESTO del M15M en apoyo al PARO Y MOVILIZACI\u00d3N GENERAL del 29 de MARZO. <a href=\"https:\/\/www.cgt-lkn.org\/bizkaia\/?p=2528#cast\">(en castellano)<\/a><\/strong><\/center><center><strong><\/strong>\u00a0<\/center><\/p>\n<table border=\"0\" cellspacing=\"5\" align=\"center\">\n<tbody>\n<tr>\n<td><object width=\"360\" height=\"214\" classid=\"clsid:d27cdb6e-ae6d-11cf-96b8-444553540000\" codebase=\"http:\/\/download.macromedia.com\/pub\/shockwave\/cabs\/flash\/swflash.cab#version=6,0,40,0\"><param name=\"allowFullScreen\" value=\"true\" \/><param name=\"allowscriptaccess\" value=\"always\" \/><param name=\"src\" value=\"http:\/\/www.youtube.com\/v\/xiZEc5n-GdQ?version=3&amp;hl=es_ES&amp;rel=0\" \/><param name=\"allowfullscreen\" value=\"true\" \/><embed width=\"360\" height=\"214\" type=\"application\/x-shockwave-flash\" src=\"http:\/\/www.youtube.com\/v\/xiZEc5n-GdQ?version=3&amp;hl=es_ES&amp;rel=0\" allowFullScreen=\"true\" allowscriptaccess=\"always\" allowfullscreen=\"true\" \/><\/object><\/td>\n<td>\u00a0<object width=\"354\" height=\"214\" classid=\"clsid:d27cdb6e-ae6d-11cf-96b8-444553540000\" codebase=\"http:\/\/download.macromedia.com\/pub\/shockwave\/cabs\/flash\/swflash.cab#version=6,0,40,0\"><param name=\"allowFullScreen\" value=\"true\" \/><param name=\"allowscriptaccess\" value=\"always\" \/><param name=\"src\" value=\"http:\/\/www.youtube.com\/v\/6TmUfWYN0rU?version=3&amp;hl=es_ES&amp;rel=0\" \/><param name=\"allowfullscreen\" value=\"true\" \/><embed width=\"354\" height=\"214\" type=\"application\/x-shockwave-flash\" src=\"http:\/\/www.youtube.com\/v\/6TmUfWYN0rU?version=3&amp;hl=es_ES&amp;rel=0\" allowFullScreen=\"true\" allowscriptaccess=\"always\" allowfullscreen=\"true\" \/><\/object><\/td>\n<\/tr>\n<\/tbody>\n<\/table>\n<p><center><\/center><center>\u00a0<\/center><\/p>\n<p>&nbsp;<\/p>\n<p>&nbsp;<\/p>\n","protected":false},"author":57,"featured_media":0,"comment_status":"open","ping_status":"closed","sticky":false,"template":"","format":"standard","meta":{"footnotes":"","_links_to":"","_links_to_target":""},"categories":[4,8],"tags":[111,30,28],"class_list":["post-2528","post","type-post","status-publish","format-standard","hentry","category-crisis","category-movilizaciones","tag-crisis","tag-huelga-general","tag-reformas-laborales"],"publishpress_future_action":{"enabled":false,"date":"2026-05-07 13:46:53","action":"change-status","newStatus":"draft","terms":[],"taxonomy":"category","extraData":[]},"publishpress_future_workflow_manual_trigger":{"enabledWorkflows":[]},"_links":{"self":[{"href":"https:\/\/www.cgt-lkn.org\/bizkaia\/wp-json\/wp\/v2\/posts\/2528","targetHints":{"allow":["GET"]}}],"collection":[{"href":"https:\/\/www.cgt-lkn.org\/bizkaia\/wp-json\/wp\/v2\/posts"}],"about":[{"href":"https:\/\/www.cgt-lkn.org\/bizkaia\/wp-json\/wp\/v2\/types\/post"}],"author":[{"embeddable":true,"href":"https:\/\/www.cgt-lkn.org\/bizkaia\/wp-json\/wp\/v2\/users\/57"}],"replies":[{"embeddable":true,"href":"https:\/\/www.cgt-lkn.org\/bizkaia\/wp-json\/wp\/v2\/comments?post=2528"}],"version-history":[{"count":0,"href":"https:\/\/www.cgt-lkn.org\/bizkaia\/wp-json\/wp\/v2\/posts\/2528\/revisions"}],"wp:attachment":[{"href":"https:\/\/www.cgt-lkn.org\/bizkaia\/wp-json\/wp\/v2\/media?parent=2528"}],"wp:term":[{"taxonomy":"category","embeddable":true,"href":"https:\/\/www.cgt-lkn.org\/bizkaia\/wp-json\/wp\/v2\/categories?post=2528"},{"taxonomy":"post_tag","embeddable":true,"href":"https:\/\/www.cgt-lkn.org\/bizkaia\/wp-json\/wp\/v2\/tags?post=2528"}],"curies":[{"name":"wp","href":"https:\/\/api.w.org\/{rel}","templated":true}]}}