{"id":24580,"date":"2026-04-28T19:49:42","date_gmt":"2026-04-28T17:49:42","guid":{"rendered":"https:\/\/www.cgt-lkn.org\/bizkaia\/?p=24580"},"modified":"2026-04-28T19:49:42","modified_gmt":"2026-04-28T17:49:42","slug":"1-de-mayo-maiatzak-1a","status":"publish","type":"post","link":"https:\/\/www.cgt-lkn.org\/bizkaia\/archivos\/24580","title":{"rendered":"1 de Mayo \/ Maiatzak 1a"},"content":{"rendered":"<div data-slate-node=\"element\" data-slate-type=\"html-block-node\" data-slate-category=\"block-node\" data-slate-path=\"0-2-0-0-0-4\" data-slate-node-id=\"IneEuaKdPGI5JAlF0sDEf\" data-slate-block=\"HtmlBlockNode\"><span data-slate-node=\"text\"><span class=\"\" data-placeholder=\"Escriba '\/' para comandos\" data-slate-leaf=\"true\">Tal y como se ha celebrado en las \u00faltimas ocasiones, este a\u00f1o volvemos a convocar a nuestra afiliaci\u00f3n, conjuntamente con los sindicatos ESK, STEILAS y BAT, a la manifestaci\u00f3n del d\u00eda 1 de Mayo.<\/span><\/span><\/div>\n<div data-slate-node=\"element\" data-slate-type=\"html-block-node\" data-slate-category=\"block-node\" data-slate-path=\"0-2-0-0-0-5\" data-slate-node-id=\"MYISH1JTVf8yLKxOZZviq\" data-slate-block=\"HtmlBlockNode\"><\/div>\n<div data-slate-node=\"element\" data-slate-type=\"html-block-node\" data-slate-category=\"block-node\" data-slate-path=\"0-2-0-0-0-6\" data-slate-node-id=\"Azivju8dErxj61aDISRT9\" data-slate-block=\"HtmlBlockNode\"><span data-slate-node=\"text\"><span class=\"\" data-placeholder=\"Escriba '\/' para comandos\" data-slate-leaf=\"true\"><strong>La manifestaci\u00f3n partir\u00e1 a las 11:30 de la antigua cafeter\u00eda Toledo<\/strong> (esquina de Gregorio de la Revilla con Gran V\u00eda) y terminar\u00e1 en la plaza Santiago, donde tras el acto final, haremos una degustaci\u00f3n de pintxos.<\/span><\/span><\/div>\n<div data-slate-node=\"element\" data-slate-type=\"html-block-node\" data-slate-category=\"block-node\" data-slate-path=\"0-2-0-0-0-7\" data-slate-node-id=\"67XTeZpz4lSaKHgFYxI7a\" data-slate-block=\"HtmlBlockNode\"><\/div>\n<div data-slate-node=\"element\" data-slate-type=\"html-block-node\" data-slate-category=\"block-node\" data-slate-path=\"0-2-0-0-0-8\" data-slate-node-id=\"cjoconxFYXhVf_Xdzdog9\" data-slate-block=\"HtmlBlockNode\"><span data-slate-node=\"element\" data-slate-inline=\"true\" data-slate-type=\"html-node\" data-slate-category=\"inline-text\" data-slate-path=\"0-2-0-0-0-8-1\" data-slate-node-id=\"xpbi0BkI_21yYEOt59D0-\" data-slate-block=\"HtmlNode\"><span class=\"\" data-placeholder=\"Escriba '\/' para comandos\" data-slate-leaf=\"true\"><strong>Quedaremos a las 10:30 en la sede del sindicato<\/strong><\/span><\/span><span data-slate-node=\"text\"><span class=\"\" data-placeholder=\"Escriba '\/' para comandos\" data-slate-leaf=\"true\">, en calle Bailen 7, s\u00f3tano, dptos. 2, 3, 4 y 6 para acudir conjuntamente.<\/span><\/span><\/div>\n<div data-slate-node=\"element\" data-slate-type=\"html-block-node\" data-slate-category=\"block-node\" data-slate-path=\"0-2-0-0-0-9\" data-slate-node-id=\"_eBJ0ujhBRMJBMaWYKyPE\" data-slate-block=\"HtmlBlockNode\"><\/div>\n<div data-slate-node=\"element\" data-slate-type=\"html-block-node\" data-slate-category=\"block-node\" data-slate-path=\"0-2-0-0-0-10\" data-slate-node-id=\"nmTPAZqZOqFRqQ3L5l-ZF\" data-slate-block=\"HtmlBlockNode\"><span data-slate-node=\"text\"><span class=\"\" data-placeholder=\"Escriba '\/' para comandos\" data-slate-leaf=\"true\">El lema de este a\u00f1o es: \u00ab1 DE MAYO ANARCOSINDICALISTA, FRENTE A LA EXTREMA DERECHA\u00bb.<\/span><\/span><\/div>\n<div data-slate-node=\"element\" data-slate-type=\"html-block-node\" data-slate-category=\"block-node\" data-slate-path=\"0-2-0-0-0-10\" data-slate-node-id=\"nmTPAZqZOqFRqQ3L5l-ZF\" data-slate-block=\"HtmlBlockNode\">\n<hr \/>\n<div data-slate-node=\"element\" data-slate-type=\"html-block-node\" data-slate-category=\"block-node\" data-slate-path=\"0-2-0-0-0-23\" data-slate-node-id=\"KVelW3ya1sEIDZyYSfo3z\" data-slate-block=\"HtmlBlockNode\"><span data-slate-node=\"text\"><span class=\"\" data-placeholder=\"Escriba '\/' para comandos\" data-slate-leaf=\"true\">Aurten ere gure afiliazioari Maiatzaren 1an ESK, STEILAS eta BAT sindikatuekin batera ospatuko dugun manifestaziora deitzen zaituztegu. <\/span><\/span><\/div>\n<div data-slate-node=\"element\" data-slate-type=\"html-block-node\" data-slate-category=\"block-node\" data-slate-path=\"0-2-0-0-0-23\" data-slate-node-id=\"KVelW3ya1sEIDZyYSfo3z\" data-slate-block=\"HtmlBlockNode\"><\/div>\n<div data-slate-node=\"element\" data-slate-type=\"html-block-node\" data-slate-category=\"block-node\" data-slate-path=\"0-2-0-0-0-25\" data-slate-node-id=\"RfRMmgxS1gbAs-pA7y63w\" data-slate-block=\"HtmlBlockNode\"><span data-slate-node=\"text\"><span class=\"\" data-placeholder=\"Escriba '\/' para comandos\" data-slate-leaf=\"true\"><strong>Hau 11:30etan antzinako<\/strong> Toledo kafetegian hasiko da, Gregorio de la Revilla eta Gran Via kaleak elkartzen diren puntuan. Santiago plazan amaituko da, non azkeneko ekitaldia amaitzerakoan, pintxo dastatzea antolatu dugu.<\/span><\/span><\/div>\n<div data-slate-node=\"element\" data-slate-type=\"html-block-node\" data-slate-category=\"block-node\" data-slate-path=\"0-2-0-0-0-26\" data-slate-node-id=\"bSKCAapwtjkbuSM51fOLD\" data-slate-block=\"HtmlBlockNode\"><\/div>\n<div data-slate-node=\"element\" data-slate-type=\"html-block-node\" data-slate-category=\"block-node\" data-slate-path=\"0-2-0-0-0-27\" data-slate-node-id=\"hfE5Mj13VzEgpR9L-X7PQ\" data-slate-block=\"HtmlBlockNode\"><span data-slate-node=\"text\"><span class=\"\" data-placeholder=\"Escriba '\/' para comandos\" data-slate-leaf=\"true\"><strong>CGTren partetik goazenok, 10:30etan<\/strong> sindikatuaren sedean elkartuko gara, Bailen Kalearen 7, -1 solairuan, 2, 3, 4 eta 6 bulegoetan, denok batera elkartze puntura abiatzeko.<\/span><\/span><\/div>\n<div data-slate-node=\"element\" data-slate-type=\"html-block-node\" data-slate-category=\"block-node\" data-slate-path=\"0-2-0-0-0-28\" data-slate-node-id=\"geqQHN2ibJ5zzRlco0HhY\" data-slate-block=\"HtmlBlockNode\"><\/div>\n<div data-slate-node=\"element\" data-slate-type=\"html-block-node\" data-slate-category=\"block-node\" data-slate-path=\"0-2-0-0-0-29\" data-slate-node-id=\"alD4mrG9e0-KaL-p3KrR_\" data-slate-block=\"HtmlBlockNode\"><span data-slate-node=\"text\"><span class=\"\" data-placeholder=\"Escriba '\/' para comandos\" data-slate-leaf=\"true\">Aurtengo lema \u00abMAIATZAK 1a ANARKOSINDIKALISTA, ESKUIN MUTURRAREN AURKA\u00bb da.<\/span><\/span><\/div>\n<div data-slate-node=\"element\" data-slate-type=\"html-block-node\" data-slate-category=\"block-node\" data-slate-path=\"0-2-0-0-0-30\" data-slate-node-id=\"PQ4B6hLDfQGfF6uWQQ10K\" data-slate-block=\"HtmlBlockNode\"><\/div>\n<div data-slate-node=\"element\" data-slate-type=\"html-block-node\" data-slate-category=\"block-node\" data-slate-path=\"0-2-0-0-0-31\" data-slate-node-id=\"NikYZymTeOHQs4iNldrET\" data-slate-block=\"HtmlBlockNode\"><span data-slate-node=\"text\"><span class=\"\" data-placeholder=\"Escriba '\/' para comandos\" data-slate-leaf=\"true\">Zurekin hor elkartzea espero dugu.<\/span><\/span><\/div>\n<div data-slate-node=\"element\" data-slate-type=\"html-block-node\" data-slate-category=\"block-node\" data-slate-path=\"0-2-0-0-0-31\" data-slate-node-id=\"NikYZymTeOHQs4iNldrET\" data-slate-block=\"HtmlBlockNode\">\n<p style=\"text-align: center\"><span style=\"font-size: 14pt\"><strong>Para recibir las noticias \u00fanete a nuestro canal de <a href=\"https:\/\/t.me\/cgtlknbizkaia\" target=\"_blank\" rel=\"noopener\">Telegram<\/a><\/strong><\/span><\/p>\n<h2><a href=\"https:\/\/t.me\/cgtlknbizkaia\"><img loading=\"lazy\" decoding=\"async\" class=\"alignnone size-medium wp-image-24207 aligncenter\" src=\"https:\/\/www.cgt-lkn.org\/bizkaia\/wp-content\/uploads\/sites\/21\/3021\/01\/Canal-Telegram-CGT-Euskal-Herria-300x223.jpg\" alt=\"\" width=\"300\" height=\"223\" srcset=\"https:\/\/www.cgt-lkn.org\/bizkaia\/wp-content\/uploads\/sites\/21\/3021\/01\/Canal-Telegram-CGT-Euskal-Herria-300x223.jpg 300w, https:\/\/www.cgt-lkn.org\/bizkaia\/wp-content\/uploads\/sites\/21\/3021\/01\/Canal-Telegram-CGT-Euskal-Herria-585x434.jpg 585w, https:\/\/www.cgt-lkn.org\/bizkaia\/wp-content\/uploads\/sites\/21\/3021\/01\/Canal-Telegram-CGT-Euskal-Herria.jpg 600w\" sizes=\"auto, (max-width: 300px) 100vw, 300px\" \/><\/a><\/h2>\n<h2 class=\"titulo-h2\" style=\"text-align: center\"><a href=\"https:\/\/www.cgt-lkn.org\/bizkaia\/contacta\/redes-sociales\">\u00a1S\u00edguenos en nuestras redes sociales!<\/a><\/h2>\n<p><a href=\"https:\/\/www.cgt-lkn.org\/bizkaia\/contacta\/redes-sociales\"><img loading=\"lazy\" decoding=\"async\" class=\"size-full wp-image-23655 aligncenter\" src=\"https:\/\/www.cgt-lkn.org\/bizkaia\/wp-content\/uploads\/sites\/21\/3021\/01\/REDES-sociales.jpeg\" alt=\"\" width=\"300\" height=\"168\" \/><\/a><\/p>\n<p style=\"text-align: center\"><a href=\"https:\/\/www.cgt-lkn.org\/afiliar\/public\/#!\/\"><strong>AFILIATE.<\/strong><\/a><\/p>\n<p><img loading=\"lazy\" decoding=\"async\" class=\"size-medium wp-image-24362 aligncenter\" src=\"https:\/\/www.cgt-lkn.org\/bizkaia\/wp-content\/uploads\/sites\/21\/3021\/01\/elige-afiliate-CGT-LKN-212x300.jpg\" alt=\"\" width=\"212\" height=\"300\" srcset=\"https:\/\/www.cgt-lkn.org\/bizkaia\/wp-content\/uploads\/sites\/21\/3021\/01\/elige-afiliate-CGT-LKN-212x300.jpg 212w, https:\/\/www.cgt-lkn.org\/bizkaia\/wp-content\/uploads\/sites\/21\/3021\/01\/elige-afiliate-CGT-LKN.jpg 565w\" sizes=\"auto, (max-width: 212px) 100vw, 212px\" \/><\/p>\n<\/div>\n<\/div>\n","protected":false},"excerpt":{"rendered":"<p><span data-slate-node=\"text\"><span class=\"\" data-placeholder=\"Escriba '\/' para comandos\" data-slate-leaf=\"true\"><strong>Hau 11:30etan antzinako<\/strong> Toledo kafetegian hasiko da, Gregorio de la Revilla eta Gran Via kaleak elkartzen diren puntuan. Santiago plazan amaituko da, non azkeneko ekitaldia amaitzerakoan, pintxo dastatzea antolatu dugu.<\/span><\/span><\/p>\n","protected":false},"author":6,"featured_media":24581,"comment_status":"closed","ping_status":"closed","sticky":false,"template":"","format":"standard","meta":{"footnotes":"","_links_to":"","_links_to_target":""},"categories":[131,8],"tags":[443],"class_list":["post-24580","post","type-post","status-publish","format-standard","has-post-thumbnail","hentry","category-1-de-mayo","category-movilizaciones","tag-1-mayo"],"publishpress_future_action":{"enabled":false,"date":"2026-05-05 23:41:11","action":"change-status","newStatus":"draft","terms":[],"taxonomy":"category","extraData":[]},"publishpress_future_workflow_manual_trigger":{"enabledWorkflows":[]},"_links":{"self":[{"href":"https:\/\/www.cgt-lkn.org\/bizkaia\/wp-json\/wp\/v2\/posts\/24580","targetHints":{"allow":["GET"]}}],"collection":[{"href":"https:\/\/www.cgt-lkn.org\/bizkaia\/wp-json\/wp\/v2\/posts"}],"about":[{"href":"https:\/\/www.cgt-lkn.org\/bizkaia\/wp-json\/wp\/v2\/types\/post"}],"author":[{"embeddable":true,"href":"https:\/\/www.cgt-lkn.org\/bizkaia\/wp-json\/wp\/v2\/users\/6"}],"replies":[{"embeddable":true,"href":"https:\/\/www.cgt-lkn.org\/bizkaia\/wp-json\/wp\/v2\/comments?post=24580"}],"version-history":[{"count":2,"href":"https:\/\/www.cgt-lkn.org\/bizkaia\/wp-json\/wp\/v2\/posts\/24580\/revisions"}],"predecessor-version":[{"id":24583,"href":"https:\/\/www.cgt-lkn.org\/bizkaia\/wp-json\/wp\/v2\/posts\/24580\/revisions\/24583"}],"wp:featuredmedia":[{"embeddable":true,"href":"https:\/\/www.cgt-lkn.org\/bizkaia\/wp-json\/wp\/v2\/media\/24581"}],"wp:attachment":[{"href":"https:\/\/www.cgt-lkn.org\/bizkaia\/wp-json\/wp\/v2\/media?parent=24580"}],"wp:term":[{"taxonomy":"category","embeddable":true,"href":"https:\/\/www.cgt-lkn.org\/bizkaia\/wp-json\/wp\/v2\/categories?post=24580"},{"taxonomy":"post_tag","embeddable":true,"href":"https:\/\/www.cgt-lkn.org\/bizkaia\/wp-json\/wp\/v2\/tags?post=24580"}],"curies":[{"name":"wp","href":"https:\/\/api.w.org\/{rel}","templated":true}]}}