{"id":24576,"date":"2026-04-28T17:21:13","date_gmt":"2026-04-28T15:21:13","guid":{"rendered":"https:\/\/www.cgt-lkn.org\/bizkaia\/?p=24576"},"modified":"2026-04-28T17:22:16","modified_gmt":"2026-04-28T15:22:16","slug":"video-concentracion-por-la-aplicacion-de-los-coeficientes-reductores-2","status":"publish","type":"post","link":"https:\/\/www.cgt-lkn.org\/bizkaia\/archivos\/24576","title":{"rendered":"V\u00eddeo: Concentraci\u00f3n por la aplicaci\u00f3n de los coeficientes reductores"},"content":{"rendered":"<p style=\"text-align: center\"><a href=\"http:\/\/youtube.com\/shorts\/MHa54Kzijz8?is=mmjWLBVslf-CNcXj\"><strong>VER VIDEO<\/strong><\/a><\/p>\n<p style=\"text-align: center\"><a href=\"http:\/\/youtube.com\/shorts\/MHa54Kzijz8?is=mmjWLBVslf-CNcXj\">https:\/\/youtube.com\/shorts\/MHa54Kzijz8?is=mmjWLBVslf-CNcXj<\/a><\/p>\n<p>CGT-LKN Bizkaia se ha concentrado hoy en Bilbao, d\u00eda internacional de la salud y la seguridad en el trabajo, para exigir la aplicaci\u00f3n, cuando antes, del Real Decreto 1698\/2011 sobre coeficientes reductores, en la edad de jubilaci\u00f3n en trabajos de naturaleza penosa, t\u00f3xica, peligrosa o insalubre por considerar, que existen sectores productivos en los que los \u00edndices de mortalidad y morbilidad son escandalosos.<\/p>\n<p>En este sentido, CGT-LKN Bizkaia, exige a los partidos pol\u00edticos, un compromiso serio para que este Real Decreto que fue aprobado en un Consejo de Ministros de Zapatero en 2011, sea haga efectivo de una vez por todas. CGT-LKN Bizkaia considera que desde la aprobaci\u00f3n de este decreto han sido numerosas empresas las que han solicitado su aplicaci\u00f3n sin \u00e9xito<\/p>\n<p>Desde CGT-LKN Bizkaia entienden que la no aplicaci\u00f3n de este Real Decreto deja en una situaci\u00f3n de desamparo a much\u00edsimas personas trabajadoras de este pa\u00eds, que adem\u00e1s se juegan la vida en lugares t\u00f3xicos o insalubres mientras trabajan. En este sentido, la CGT considera que esto fomenta el terrorismo patronal sin ning\u00fan tipo de duda y recuerda que anualmente m\u00e1s de 700 personas dejan la vida en el tajo, en el Estado.<\/p>\n<p>En otro orden de cosas, y ante la pasividad demostrada ante este asunto, CGT-LKN Bizkaia se seguir\u00e1 movilizando por la aplicaci\u00f3n del RD 1698\/2011, ya que el sindicato considera que la salud est\u00e1 por encima de todo y no se parar\u00e1 hasta lograr su aplicaci\u00f3n. Adem\u00e1s se insiste que es necesaria una mayor inversi\u00f3n econ\u00f3mica en prevenci\u00f3n y recalcan que la salud de las personas trabajadoras no puede depender del pol\u00edtico o de la formaci\u00f3n de turno que gobierne en cada momento.<\/p>\n<p style=\"text-align: center\"><span style=\"font-size: 14pt\"><strong>Para recibir las noticias \u00fanete a nuestro canal de <a href=\"https:\/\/t.me\/cgtlknbizkaia\" target=\"_blank\" rel=\"noopener\">Telegram<\/a><\/strong><\/span><\/p>\n<h2><a href=\"https:\/\/t.me\/cgtlknbizkaia\"><img loading=\"lazy\" decoding=\"async\" class=\"alignnone size-medium wp-image-24207 aligncenter\" src=\"https:\/\/www.cgt-lkn.org\/bizkaia\/wp-content\/uploads\/sites\/21\/3021\/01\/Canal-Telegram-CGT-Euskal-Herria-300x223.jpg\" alt=\"\" width=\"300\" height=\"223\" srcset=\"https:\/\/www.cgt-lkn.org\/bizkaia\/wp-content\/uploads\/sites\/21\/3021\/01\/Canal-Telegram-CGT-Euskal-Herria-300x223.jpg 300w, https:\/\/www.cgt-lkn.org\/bizkaia\/wp-content\/uploads\/sites\/21\/3021\/01\/Canal-Telegram-CGT-Euskal-Herria-585x434.jpg 585w, https:\/\/www.cgt-lkn.org\/bizkaia\/wp-content\/uploads\/sites\/21\/3021\/01\/Canal-Telegram-CGT-Euskal-Herria.jpg 600w\" sizes=\"auto, (max-width: 300px) 100vw, 300px\" \/><\/a><\/h2>\n<h2 class=\"titulo-h2\" style=\"text-align: center\"><a href=\"https:\/\/www.cgt-lkn.org\/bizkaia\/contacta\/redes-sociales\">\u00a1S\u00edguenos en nuestras redes sociales!<\/a><\/h2>\n<p><a href=\"https:\/\/www.cgt-lkn.org\/bizkaia\/contacta\/redes-sociales\"><img loading=\"lazy\" decoding=\"async\" class=\"size-full wp-image-23655 aligncenter\" src=\"https:\/\/www.cgt-lkn.org\/bizkaia\/wp-content\/uploads\/sites\/21\/3021\/01\/REDES-sociales.jpeg\" alt=\"\" width=\"300\" height=\"168\" \/><\/a><\/p>\n<p style=\"text-align: center\"><a href=\"https:\/\/www.cgt-lkn.org\/afiliar\/public\/#!\/\"><strong>AFILIATE.<\/strong><\/a><\/p>\n<p style=\"text-align: left\"><a href=\"https:\/\/www.cgt-lkn.org\/afiliar\/public\/#!\/\"><img loading=\"lazy\" decoding=\"async\" class=\"alignnone wp-image-24300 aligncenter\" src=\"https:\/\/www.cgt-lkn.org\/bizkaia\/wp-content\/uploads\/sites\/21\/3021\/01\/afiliazioa-afiliate-CGT-LKN-web-213x300.jpg\" alt=\"\" width=\"274\" height=\"386\" srcset=\"https:\/\/www.cgt-lkn.org\/bizkaia\/wp-content\/uploads\/sites\/21\/3021\/01\/afiliazioa-afiliate-CGT-LKN-web-213x300.jpg 213w, https:\/\/www.cgt-lkn.org\/bizkaia\/wp-content\/uploads\/sites\/21\/3021\/01\/afiliazioa-afiliate-CGT-LKN-web.jpg 568w\" sizes=\"auto, (max-width: 274px) 100vw, 274px\" \/><\/a><\/p>\n<p>#salud<\/p>\n<p>#CoeficienteReductor<\/p>\n<p>#CGT<\/p>\n<p>#jubilacion<\/p>\n<p>#Gobierno<\/p>\n","protected":false},"excerpt":{"rendered":"<p>Desde CGT-LKN Bizkaia entienden que la no aplicaci\u00f3n de este Real Decreto deja en una situaci\u00f3n de desamparo a much\u00edsimas personas trabajadoras de este pa\u00eds, que adem\u00e1s se juegan la vida en lugares t\u00f3xicos o insalubres mientras trabajan. En este sentido, la CGT considera que esto fomenta el terrorismo patronal sin ning\u00fan tipo de duda y recuerda que anualmente m\u00e1s de 700 personas dejan la vida en el tajo, en el Estado.<\/p>\n","protected":false},"author":6,"featured_media":18449,"comment_status":"closed","ping_status":"closed","sticky":false,"template":"","format":"standard","meta":{"footnotes":"","_links_to":"","_links_to_target":""},"categories":[334,277,19],"tags":[369,348],"class_list":["post-24576","post","type-post","status-publish","format-standard","has-post-thumbnail","hentry","category-accion-sindical-agitacion","category-destacado","category-salud-laboral","tag-coeficientes-reductores","tag-jubilacion"],"publishpress_future_action":{"enabled":false,"date":"2026-05-07 10:15:56","action":"change-status","newStatus":"draft","terms":[],"taxonomy":"category","extraData":[]},"publishpress_future_workflow_manual_trigger":{"enabledWorkflows":[]},"_links":{"self":[{"href":"https:\/\/www.cgt-lkn.org\/bizkaia\/wp-json\/wp\/v2\/posts\/24576","targetHints":{"allow":["GET"]}}],"collection":[{"href":"https:\/\/www.cgt-lkn.org\/bizkaia\/wp-json\/wp\/v2\/posts"}],"about":[{"href":"https:\/\/www.cgt-lkn.org\/bizkaia\/wp-json\/wp\/v2\/types\/post"}],"author":[{"embeddable":true,"href":"https:\/\/www.cgt-lkn.org\/bizkaia\/wp-json\/wp\/v2\/users\/6"}],"replies":[{"embeddable":true,"href":"https:\/\/www.cgt-lkn.org\/bizkaia\/wp-json\/wp\/v2\/comments?post=24576"}],"version-history":[{"count":3,"href":"https:\/\/www.cgt-lkn.org\/bizkaia\/wp-json\/wp\/v2\/posts\/24576\/revisions"}],"predecessor-version":[{"id":24579,"href":"https:\/\/www.cgt-lkn.org\/bizkaia\/wp-json\/wp\/v2\/posts\/24576\/revisions\/24579"}],"wp:featuredmedia":[{"embeddable":true,"href":"https:\/\/www.cgt-lkn.org\/bizkaia\/wp-json\/wp\/v2\/media\/18449"}],"wp:attachment":[{"href":"https:\/\/www.cgt-lkn.org\/bizkaia\/wp-json\/wp\/v2\/media?parent=24576"}],"wp:term":[{"taxonomy":"category","embeddable":true,"href":"https:\/\/www.cgt-lkn.org\/bizkaia\/wp-json\/wp\/v2\/categories?post=24576"},{"taxonomy":"post_tag","embeddable":true,"href":"https:\/\/www.cgt-lkn.org\/bizkaia\/wp-json\/wp\/v2\/tags?post=24576"}],"curies":[{"name":"wp","href":"https:\/\/api.w.org\/{rel}","templated":true}]}}