{"id":24263,"date":"2025-02-03T20:15:01","date_gmt":"2025-02-03T19:15:01","guid":{"rendered":"https:\/\/www.cgt-lkn.org\/bizkaia\/?p=24263"},"modified":"2025-02-03T20:15:01","modified_gmt":"2025-02-03T19:15:01","slug":"islandia-aprobo-la-semana-de-4-dias-en-2019-mas-de-5-anos-despues-se-han-cumplido-todas-las-predicciones-que-alertaba-la-generacion-z","status":"publish","type":"post","link":"https:\/\/www.cgt-lkn.org\/bizkaia\/archivos\/24263","title":{"rendered":"Islandia aprob\u00f3 la semana de 4 d\u00edas en 2019. M\u00e1s de 5 a\u00f1os despu\u00e9s se han cumplido todas las predicciones que alertaba la Generaci\u00f3n Z"},"content":{"rendered":"<p>FUENTE: https:\/\/www.3djuegos.com\/3djuegos-trivia\/noticias\/islandia-aprobo-semana-4-dias-2019-5-anos-despues-se-han-cumplido-todas-predicciones-que-alertaba-generacion-z<\/p>\n<p>Una de las grandes causas que ha abrazado la\u00a0<strong>Generaci\u00f3n Z<\/strong>\u00a0para cambiar nuestro d\u00eda a d\u00eda ha sido la\u00a0<strong>jornada laboral de cuatro d\u00edas<\/strong>. Tras m\u00e1s de 5 a\u00f1os en los que el 90% de los trabajadores redujeron su semana laboral de 40 a 36 horas,\u00a0<strong>Islandia\u00a0<\/strong>se ha convertido en el mejor ejemplo de lo que la\u00a0<a class=\"text-outboundlink\" href=\"https:\/\/www.3djuegos.com\/3djuegos-trivia\/noticias\/generacion-z-no-persigue-teletrabajo-sueldo-ceo-su-tendencia-se-llama-ambicion-silenciosa-problemon-para-empresas\" data-vars-post-title=\"La Generaci\u00f3n Z no persigue ni el teletrabajo ni el sueldo de un CEO, su tendencia se llama ambici\u00f3n silenciosa y es un problem\u00f3n para las empresas\" data-vars-post-url=\"https:\/\/www.3djuegos.com\/3djuegos-trivia\/noticias\/generacion-z-no-persigue-teletrabajo-sueldo-ceo-su-tendencia-se-llama-ambicion-silenciosa-problemon-para-empresas\" data-mrf-link=\"https:\/\/www.3djuegos.com\/3djuegos-trivia\/noticias\/generacion-z-no-persigue-teletrabajo-sueldo-ceo-su-tendencia-se-llama-ambicion-silenciosa-problemon-para-empresas\"><u>Generaci\u00f3n Z<\/u><\/a>\u00a0defend\u00eda con su propuesta.<\/p>\n<p data-mrf-recirculation=\"Article links\">Lo que empez\u00f3 como una prueba piloto en 2015 con algo m\u00e1s\u00a0<a href=\"https:\/\/www.eldiario.es\/internacional\/theguardian\/reduccion-semana-laboral-gran-exito-islandia-cambiado-vida-familia_129_11840463.html\" rel=\"noopener, noreferrer\" data-mrf-link=\"https:\/\/www.eldiario.es\/internacional\/theguardian\/reduccion-semana-laboral-gran-exito-islandia-cambiado-vida-familia_129_11840463.html\">un 1% de la poblaci\u00f3n de Islandia<\/a>, alrededor de 2.500 trabajadores, se tradujo en el apoyo del 86% de los empleados involucrados. En 2019 se formalizaba la adopci\u00f3n oficial de la\u00a0<strong>semana de cuatro d\u00edas laborales<\/strong>\u00a0que, desde entonces, no ha dejado de crecer.<\/p>\n<h2>Islandia frente a la semana de cuatro d\u00edas laborales<\/h2>\n<p data-mrf-recirculation=\"Article links\">Pese a que no se aprob\u00f3 como una ley general, s\u00ed se pusieron en marcha los acuerdos necesarios para que los trabajadores pudiesen negociar las semanas de cuatro d\u00edas o alternativas en forma de reducciones de horas. Todo lo que defiende\u00a0<a class=\"text-outboundlink\" href=\"https:\/\/www.3djuegos.com\/tecnologia\/noticias\/generacion-z-cree-haber-encontrado-solucion-a-su-problema-productividad-81-pide-saltar-a-jornada-laboral-cuatro-dias\" data-vars-post-title=\"La Generaci\u00f3n Z cree haber encontrado la soluci\u00f3n a su problema de productividad. El 81% pide saltar a la jornada laboral de cuatro d\u00edas\" data-vars-post-url=\"https:\/\/www.3djuegos.com\/tecnologia\/noticias\/generacion-z-cree-haber-encontrado-solucion-a-su-problema-productividad-81-pide-saltar-a-jornada-laboral-cuatro-dias\" data-mrf-link=\"https:\/\/www.3djuegos.com\/tecnologia\/noticias\/generacion-z-cree-haber-encontrado-solucion-a-su-problema-productividad-81-pide-saltar-a-jornada-laboral-cuatro-dias\">el 81% de los j\u00f3venes de la Generaci\u00f3n Z<\/a>\u00a0se ha ido confirmando punto por punto.<\/p>\n<div class=\"ad-box\" data-google-query-id=\"CNLA5M6aqIsDFR0-BgAdP2QaWg\">Los miedos iniciales de\u00a0<strong>Islandia\u00a0<\/strong>eran los mismos que se han visto en otras pruebas como las de\u00a0<a class=\"text-outboundlink\" href=\"https:\/\/www.3djuegos.com\/3djuegos-trivia\/noticias\/alemania-ha-probado-semana-4-dias-tiene-claro-su-veredicto-73-empresas-piden-cambio-generacion-z-se-ha-salido-suya\" data-vars-post-title=\"Alemania ha probado la semana de 4 d\u00edas y tiene claro su veredicto: el 73% de las empresas piden el cambio. La Generaci\u00f3n Z se ha salido con la suya\" data-vars-post-url=\"https:\/\/www.3djuegos.com\/3djuegos-trivia\/noticias\/alemania-ha-probado-semana-4-dias-tiene-claro-su-veredicto-73-empresas-piden-cambio-generacion-z-se-ha-salido-suya\" data-mrf-link=\"https:\/\/www.3djuegos.com\/3djuegos-trivia\/noticias\/alemania-ha-probado-semana-4-dias-tiene-claro-su-veredicto-73-empresas-piden-cambio-generacion-z-se-ha-salido-suya\">la semana laboral de 4 d\u00edas en Alemania<\/a>. Preocupaba el impacto en la productividad, los costes adicionales que comportar\u00eda la medida, y la adaptaci\u00f3n para poder cumplir con las expectativas de lo que se hac\u00eda hasta el momento.<\/div>\n<div data-google-query-id=\"CNLA5M6aqIsDFR0-BgAdP2QaWg\">\n<p data-mrf-recirculation=\"Article links\">Desafiando esas preocupaciones iniciales, la jornada laboral de cuatro d\u00edas de Islandia ha resultado ser el ejemplo perfecto de que, frente a la productividad, el ritmo se ha mantenido igual o incluso ha mejorado. La clave est\u00e1 en otro de los aspectos clave que destaca la\u00a0<strong>Generaci\u00f3n Z<\/strong>, el c\u00f3mo la salud mental es capaz de revolucionar nuestra forma de trabajar.<\/p>\n<p data-mrf-recirculation=\"Article links\">Seg\u00fan los informes islandeses, gran parte del \u00e9xito de la adopci\u00f3n entre ese\u00a0<a href=\"https:\/\/autonomy.work\/wp-content\/uploads\/sites\/21\/2021\/06\/ICELAND_4DW.pdf\" rel=\"noopener, noreferrer\" data-mrf-link=\"https:\/\/autonomy.work\/wp-content\/uploads\/sites\/21\/2021\/06\/ICELAND_4DW.pdf\">86% de los empleados<\/a>\u00a0est\u00e1 en c\u00f3mo la reducci\u00f3n del estr\u00e9s se ha traducido en un\u00a0<strong>mayor bienestar para los trabajadores<\/strong>. La clave est\u00e1 en que, promoviendo una mayor igualdad de g\u00e9nero, e invitando a los hombres a involucrarse m\u00e1s en la vida familiar, la flexibilidad en los horarios ha permitido que las personas se adapten mejor a su d\u00eda a d\u00eda.<\/p>\n<h2>La tecnolog\u00eda como la clave del \u00e9xito en la semana de 4 d\u00edas<\/h2>\n<p data-mrf-recirculation=\"Article links\">A la hora de alcanzar ese \u00e9xito respecto a la\u00a0<strong>semana laboral de cuatro d\u00edas<\/strong>\u00a0ha sido clave que, a diferencia de otros pa\u00edses como B\u00e9lgica, donde la jornada reducida implica que se compensen los d\u00edas no trabajados con m\u00e1s horas durante el resto de la semana, en Islandia se mantengan las\u00a0<strong>mismas condiciones y salarios<\/strong>\u00a0pese a la reducci\u00f3n. Sin embargo, no ha sido lo \u00fanico que ha facilitado ese tr\u00e1nsito.<\/p>\n<p data-mrf-recirculation=\"Article links\">Durante los \u00faltimos a\u00f1os el gobierno island\u00e9s ha convertido en parte de su bandera una digitalizaci\u00f3n de empresas y servicios p\u00fablicos que, ofreciendo incentivos para sumar nuevas tecnolog\u00edas a sus procesos, han demostrado una notable mejora en la eficiencia de sus trabajadores.<\/p>\n<p data-mrf-recirculation=\"Article links\">Islandia ofrece una de las\u00a0<a href=\"https:\/\/worldpopulationreview.com\/country-rankings\/internet-speeds-by-country\" rel=\"noopener, noreferrer\" data-mrf-link=\"https:\/\/worldpopulationreview.com\/country-rankings\/internet-speeds-by-country\">infraestructuras de internet m\u00e1s s\u00f3lidas y avanzadas<\/a>\u00a0no s\u00f3lo de Europa, sino del mundo, lo que facilitando conexiones r\u00e1pidas y estables a lo largo y ancho de su territorio, incluso en zonas rurales, ha permitido que la productividad no decaiga tras adoptarse medidas adicionales como el apoyo al\u00a0<strong>trabajo en remoto<\/strong>.<\/p>\n<p data-mrf-recirculation=\"Article links\">Sus j\u00f3venes de la\u00a0<strong>Generaci\u00f3n Z<\/strong>, adem\u00e1s, se han criado en un entorno en el que la\u00a0<a href=\"https:\/\/islandinnovation.co\/articles\/island-schools-leading-global-educational-innovation\/\" rel=\"noopener, noreferrer\" data-mrf-link=\"https:\/\/islandinnovation.co\/articles\/island-schools-leading-global-educational-innovation\/\">tecnolog\u00eda en las aulas<\/a>\u00a0ha ido creciendo exponencialmente, lo que implica que al llegar el momento de sumarse a ese entorno laboral digitalizado, la adaptaci\u00f3n sea mucho m\u00e1s r\u00e1pida y f\u00e1cil para todos.<\/p>\n<p style=\"text-align: center;\"><strong>NOS UNEN MUCHOS CRITERIOS:<\/strong><\/p>\n<p style=\"text-align: center;\"><strong><span style=\"color: #ff00ff;\">SIN ATADURAS<\/span>, <span style=\"color: #0000ff;\">DIGNIDAD LABORAL<\/span>,<\/strong><\/p>\n<p style=\"text-align: center;\"><strong><span style=\"color: #339966;\">DEFENSA DEL EMPLEO<\/span>, <span style=\"color: #ffcc99;\">TRANSPARENCIA<\/span>,<\/strong><\/p>\n<p style=\"text-align: center;\"><span style=\"color: #ff0000;\"><strong>REDISTRIBUCI\u00d3N DE LA RIQUEZA<\/strong><\/span>,<\/p>\n<p style=\"text-align: center;\"><span style=\"font-size: 14pt;\"><b>PINCHA <a href=\"https:\/\/www.cgt-lkn.org\/afiliar\/public\/#!\/\">AQU\u00cd<\/a> PARA AFILIARTE<\/b><\/span><\/p>\n<p style=\"text-align: center;\"><span style=\"font-size: 14pt;\"><strong>Para recibir las noticias \u00fanete a nuestro canal de <a href=\"https:\/\/t.me\/cgtlknbizkaia\" target=\"_blank\" rel=\"noopener\">Telegram<\/a><\/strong><\/span><\/p>\n<h2><a href=\"https:\/\/t.me\/cgtlknbizkaia\"><img loading=\"lazy\" decoding=\"async\" class=\"alignnone size-medium wp-image-24207 aligncenter\" src=\"https:\/\/www.cgt-lkn.org\/bizkaia\/wp-content\/uploads\/sites\/21\/3021\/01\/Canal-Telegram-CGT-Euskal-Herria-300x223.jpg\" alt=\"\" width=\"300\" height=\"223\" srcset=\"https:\/\/www.cgt-lkn.org\/bizkaia\/wp-content\/uploads\/sites\/21\/3021\/01\/Canal-Telegram-CGT-Euskal-Herria-300x223.jpg 300w, https:\/\/www.cgt-lkn.org\/bizkaia\/wp-content\/uploads\/sites\/21\/3021\/01\/Canal-Telegram-CGT-Euskal-Herria-585x434.jpg 585w, https:\/\/www.cgt-lkn.org\/bizkaia\/wp-content\/uploads\/sites\/21\/3021\/01\/Canal-Telegram-CGT-Euskal-Herria.jpg 600w\" sizes=\"auto, (max-width: 300px) 100vw, 300px\" \/><\/a><\/h2>\n<h2 class=\"titulo-h2\" style=\"text-align: center;\"><a href=\"https:\/\/www.cgt-lkn.org\/bizkaia\/contacta\/redes-sociales\">\u00a1S\u00edguenos en nuestras redes sociales!<\/a><\/h2>\n<p><a href=\"https:\/\/www.cgt-lkn.org\/bizkaia\/contacta\/redes-sociales\"><img loading=\"lazy\" decoding=\"async\" class=\"size-full wp-image-23655 aligncenter\" src=\"https:\/\/www.cgt-lkn.org\/bizkaia\/wp-content\/uploads\/sites\/21\/3021\/01\/REDES-sociales.jpeg\" alt=\"\" width=\"300\" height=\"168\" \/><\/a><\/p>\n<p>&nbsp;<\/p>\n<p style=\"text-align: left;\"><img loading=\"lazy\" decoding=\"async\" class=\"size-medium wp-image-23786 aligncenter\" src=\"https:\/\/www.cgt-lkn.org\/bizkaia\/wp-content\/uploads\/sites\/21\/3021\/01\/El-rey-nunca-lo-haria-afiliate-a-CGT-223x300.jpg\" alt=\"\" width=\"223\" height=\"300\" srcset=\"https:\/\/www.cgt-lkn.org\/bizkaia\/wp-content\/uploads\/sites\/21\/3021\/01\/El-rey-nunca-lo-haria-afiliate-a-CGT-223x300.jpg 223w, https:\/\/www.cgt-lkn.org\/bizkaia\/wp-content\/uploads\/sites\/21\/3021\/01\/El-rey-nunca-lo-haria-afiliate-a-CGT-585x787.jpg 585w, https:\/\/www.cgt-lkn.org\/bizkaia\/wp-content\/uploads\/sites\/21\/3021\/01\/El-rey-nunca-lo-haria-afiliate-a-CGT.jpg 595w\" sizes=\"auto, (max-width: 223px) 100vw, 223px\" \/><\/p>\n<\/div>\n","protected":false},"excerpt":{"rendered":"<p>FUENTE: https:\/\/www.3djuegos.com\/3djuegos-trivia\/noticias\/islandia-aprobo-semana-4-dias-2019-5-anos-despues-se-han-cumplido-todas-predicciones-que-alertaba-generacion-z Una de las grandes causas que ha abrazado la\u00a0Generaci\u00f3n Z\u00a0para cambiar nuestro d\u00eda a d\u00eda ha sido la\u00a0jornada<\/p>\n","protected":false},"author":171,"featured_media":24264,"comment_status":"closed","ping_status":"closed","sticky":false,"template":"","format":"standard","meta":{"footnotes":"","_links_to":"","_links_to_target":""},"categories":[126,34,46,537,343,15],"tags":[825,712,826],"class_list":["post-24263","post","type-post","status-publish","format-standard","has-post-thumbnail","hentry","category-debates","category-economia","category-laboral","category-noticias-reparto-del-trabajo","category-sanidad-sectores","category-social","tag-generacion-z","tag-reducion-jornada","tag-semana-laboral-de-cuatro-dias"],"publishpress_future_action":{"enabled":false,"date":"2026-05-07 03:05:34","action":"change-status","newStatus":"draft","terms":[],"taxonomy":"category","extraData":[]},"publishpress_future_workflow_manual_trigger":{"enabledWorkflows":[]},"_links":{"self":[{"href":"https:\/\/www.cgt-lkn.org\/bizkaia\/wp-json\/wp\/v2\/posts\/24263","targetHints":{"allow":["GET"]}}],"collection":[{"href":"https:\/\/www.cgt-lkn.org\/bizkaia\/wp-json\/wp\/v2\/posts"}],"about":[{"href":"https:\/\/www.cgt-lkn.org\/bizkaia\/wp-json\/wp\/v2\/types\/post"}],"author":[{"embeddable":true,"href":"https:\/\/www.cgt-lkn.org\/bizkaia\/wp-json\/wp\/v2\/users\/171"}],"replies":[{"embeddable":true,"href":"https:\/\/www.cgt-lkn.org\/bizkaia\/wp-json\/wp\/v2\/comments?post=24263"}],"version-history":[{"count":1,"href":"https:\/\/www.cgt-lkn.org\/bizkaia\/wp-json\/wp\/v2\/posts\/24263\/revisions"}],"predecessor-version":[{"id":24265,"href":"https:\/\/www.cgt-lkn.org\/bizkaia\/wp-json\/wp\/v2\/posts\/24263\/revisions\/24265"}],"wp:featuredmedia":[{"embeddable":true,"href":"https:\/\/www.cgt-lkn.org\/bizkaia\/wp-json\/wp\/v2\/media\/24264"}],"wp:attachment":[{"href":"https:\/\/www.cgt-lkn.org\/bizkaia\/wp-json\/wp\/v2\/media?parent=24263"}],"wp:term":[{"taxonomy":"category","embeddable":true,"href":"https:\/\/www.cgt-lkn.org\/bizkaia\/wp-json\/wp\/v2\/categories?post=24263"},{"taxonomy":"post_tag","embeddable":true,"href":"https:\/\/www.cgt-lkn.org\/bizkaia\/wp-json\/wp\/v2\/tags?post=24263"}],"curies":[{"name":"wp","href":"https:\/\/api.w.org\/{rel}","templated":true}]}}