{"id":24094,"date":"2024-09-10T08:28:51","date_gmt":"2024-09-10T06:28:51","guid":{"rendered":"https:\/\/www.cgt-lkn.org\/bizkaia\/?p=24094"},"modified":"2025-01-15T15:37:02","modified_gmt":"2025-01-15T14:37:02","slug":"apertura-en-barakaldo-del-punto-informacion-sobre-derechos-y-prestaciones-sociales","status":"publish","type":"post","link":"https:\/\/www.cgt-lkn.org\/bizkaia\/archivos\/24094","title":{"rendered":"Apertura en Barakaldo del \u00abPunto Informaci\u00f3n sobre derechos y prestaciones sociales\u00bb."},"content":{"rendered":"<div align=\"center\"><img loading=\"lazy\" decoding=\"async\" class=\"alignnone wp-image-24095\" src=\"https:\/\/www.cgt-lkn.org\/bizkaia\/wp-content\/uploads\/sites\/21\/2024\/09\/Ubicacion-Punto-Informacion-sobre-derechos-y-prestaciones-sociales-212x300.jpg\" alt=\"\" width=\"513\" height=\"726\" srcset=\"https:\/\/www.cgt-lkn.org\/bizkaia\/wp-content\/uploads\/sites\/21\/2024\/09\/Ubicacion-Punto-Informacion-sobre-derechos-y-prestaciones-sociales-212x300.jpg 212w, https:\/\/www.cgt-lkn.org\/bizkaia\/wp-content\/uploads\/sites\/21\/2024\/09\/Ubicacion-Punto-Informacion-sobre-derechos-y-prestaciones-sociales.jpg 430w\" sizes=\"auto, (max-width: 513px) 100vw, 513px\" \/><\/div>\n<div align=\"center\"><\/div>\n<div class=\"x_ydp52a4e65cyiv7101308491ydp3abdaf6MsoNormal\" align=\"center\"><b><u><span lang=\"ES-TRAD\">No te quedes sin derechos!!!<\/span><\/u><\/b><\/div>\n<div class=\"x_ydp52a4e65cyiv7101308491ydp3abdaf6MsoNormal\" align=\"left\"><b><u><span lang=\"ES-TRAD\">\u00a0<\/span><\/u><\/b><\/div>\n<div class=\"x_ydp52a4e65cyiv7101308491ydp3abdaf6MsoNormal\"><span lang=\"ES-TRAD\">\u25ba<b>Un a\u00f1o m\u00e1s<\/b>\u00a0<b>levanta la persiana este lugar de asesoramiento sobre las prestaciones gestionadas por el Servicio Vasco de Empleo-Lanbide, el SEPE, la Seguridad Social o los recursos municipales:\u00a0<\/b>Renta de Garant\u00eda de Ingresos, Ingreso M\u00ednimo Vital, Renta Complementaria de Ingresos de Trabajo, Complemento de Pensiones, Prestaci\u00f3n Complementaria de Vivienda, Ayudas de Emergencia, Ayudas Econ\u00f3micas Municipales, Ayudas para la Inserci\u00f3n Social, subsidios por desempleo&#8230;<\/span><\/div>\n<div class=\"x_ydp52a4e65cyiv7101308491ydp3abdaf6MsoNormal\"><span lang=\"ES-TRAD\">\u00a0<\/span><\/div>\n<div class=\"x_ydp52a4e65cyiv7101308491ydp3abdaf6MsoNormal\" align=\"center\"><b><u><span lang=\"ES-TRAD\">MURRIZKETARIK EZ<\/span><\/u><\/b><\/div>\n<div class=\"x_ydp52a4e65cyiv7101308491ydp3abdaf6MsoNormal\" align=\"left\"><b><u><span lang=\"ES-TRAD\">\u00a0<\/span><\/u><\/b><\/div>\n<div class=\"x_ydp52a4e65cyiv7101308491ydp3abdaf6MsoNormal\"><span lang=\"ES-TRAD\">\u25ba<b>Para anunciar esta nueva apertura<\/b>\u00a0despu\u00e9s del par\u00e9ntesis estival\u00a0<b>hemos editado cientos de carteles y 30.000 hojas informativas que se distribuir\u00e1n por los domicilios<\/b>,\u00a0<b>plazas y paradas de metro de la localidad.<br \/>\n<\/b><\/span><\/div>\n<div class=\"x_ydp52a4e65cyiv7101308491ydp3abdaf6MsoNormal\"><span lang=\"ES-TRAD\"><b>\u00a0<\/b><\/span><\/div>\n<div class=\"x_ydp52a4e65cyiv7101308491ydp3abdaf6MsoNormal\" align=\"center\"><b><u><span lang=\"ES-TRAD\">Informazio faltagatik&#8230;<\/span><\/u><\/b><\/div>\n<div class=\"x_ydp52a4e65cyiv7101308491ydp3abdaf6MsoNormal\" align=\"left\"><b><u><span lang=\"ES-TRAD\">\u00a0<\/span><\/u><\/b><\/div>\n<div class=\"x_ydp52a4e65cyiv7101308491ydp3abdaf6MsoNormal\"><b><span lang=\"ES-TRAD\">\u25baAstelehen honetan, irailaren 9an, irekiko ditu ateak Barakaldon Gizarte Prestazioei buruzko Informazio Guneak.\u00a0<\/span><\/b><span lang=\"ES-TRAD\">Astelehenero goizeko 11etatik eguerdiko ordu 1era herriko familiek dituzten eskubide sozialei buruzko orientazioa eta informazioa emango da.<\/span><\/div>\n<div class=\"x_ydp52a4e65cyiv7101308491ydp3abdaf6MsoNormal\"><span lang=\"ES-TRAD\">\u00a0<\/span><\/div>\n<div class=\"x_ydp52a4e65cyiv7101308491ydp3abdaf6MsoNormal\"><b><span lang=\"ES-TRAD\">\u2022<\/span><\/b><span lang=\"ES-TRAD\">Salaketa gune hau 1997ko azaroaren 17an inauguratu zen; eta<b>\u00a0bertatik 17.100 familia igaro dira 27 urte hauetan. Aurreko ikasturtean 934 familia hurbildu ziren.<\/b><\/span><\/div>\n<div class=\"x_ydp52a4e65cyiv7101308491ydp3abdaf6MsoNormal\"><span lang=\"ES-TRAD\"><b>\u00a0<\/b><\/span><\/div>\n<div class=\"x_ydp52a4e65cyiv7101308491ydp3abdaf6MsoNormal\" align=\"center\"><b><u><span lang=\"ES-TRAD\">Ez geratu eskubiderik gabe!!!<\/span><\/u><\/b><\/div>\n<div class=\"x_ydp52a4e65cyiv7101308491ydp3abdaf6MsoNormal\" align=\"left\"><b><u><span lang=\"ES-TRAD\">\u00a0<\/span><\/u><\/b><\/div>\n<div class=\"x_ydp52a4e65cyiv7101308491ydp3abdaf6MsoNormal\"><b><span lang=\"ES-TRAD\">\u25baBeste urte batez, Lanbide-Euskal Enplegu Zerbitzuak, SEPEk, Gizarte Segurantzak edo udal-baliabideek kudeatutako gizarte prestazioei buruzko aholkularitza leku honetan pertsiana altxatuko da:\u00a0<\/span><\/b><span lang=\"ES-TRAD\">diru-sarrerak Bermatzeko Errenta, Bizitzeko Gutxieneko Diru-sarrera, Laneko Diru-sarrerak Osatzeko Errenta, Pentsioen Osagarria, Etxebizitzarako Prestazio Osagarria, Larrialdietarako Laguntzak, Udal Laguntza Ekonomikoak, Langabetuentzako Subsidioak eta Gizarteratzeko Laguntzak.<\/span><\/div>\n<div class=\"x_ydp52a4e65cyiv7101308491ydp3abdaf6MsoNormal\"><span lang=\"ES-TRAD\">\u00a0<\/span><\/div>\n<div class=\"x_ydp52a4e65cyiv7101308491ydp3abdaf6MsoNormal\" align=\"center\"><b><u><span lang=\"ES-TRAD\">MURRIZKETARIK EZ<\/span><\/u><\/b><\/div>\n<div class=\"x_ydp52a4e65cyiv7101308491ydp3abdaf6MsoNormal\" align=\"left\"><b><u><span lang=\"ES-TRAD\">\u00a0<\/span><\/u><\/b><\/div>\n<div class=\"x_ydp52a4e65cyiv7101308491ydp3abdaf6MsoNormal\"><span lang=\"ES-TRAD\">\u25baUdako etenaldiaren ondoren<b>\u00a0irekiera berri hau iragartzeko ehunka kartel eta 30.000 informazio orri argitaratu ditugu\u00a0<\/b>eta herriko etxeetan, plazetan eta metro geltokietan banatuko dira.<\/span><\/div>\n<div class=\"x_ydp52a4e65cyiv7101308491ydp3abdaf6MsoNormal\"><span lang=\"ES-TRAD\">\u00a0<\/span><\/div>\n<div class=\"x_ydp52a4e65cyiv7101308491ydp7da2d1f1signature\">\n<div dir=\"ltr\">\n<div dir=\"ltr\">\n<div>\n<div align=\"center\">BERRI-OTXOAK<br \/>\n(Plataforma Contra la Exclusi\u00f3n Social y Por los Derechos Sociales)<\/div>\n<\/div>\n<\/div>\n<div align=\"left\"><span style=\"font-size: small;\"><a href=\"http:\/\/www.nodo50.org\/berri_otxoak\/\" target=\"_blank\" rel=\"nofollow noopener noreferrer\" data-auth=\"NotApplicable\" data-linkindex=\"0\">www.nodo50.org\/berri_otxoak<\/a><\/span><\/div>\n<div align=\"left\"><span style=\"font-size: small;\">Informazio bulegoa\u00a0<a href=\"http:\/\/berrietxea@nodo50.org\/\" target=\"_blank\" rel=\"nofollow noopener noreferrer\" data-auth=\"NotApplicable\" data-linkindex=\"1\">berrietxea@nodo50.org<\/a>\u00a0oficina de informaci\u00f3n<\/span><\/div>\n<\/div>\n<\/div>\n","protected":false},"excerpt":{"rendered":"<p><b>Un a\u00f1o m\u00e1s en Barakaldo sus puertas el \u201cPunto de Informaci\u00f3n sobre las Prestaciones Sociales\u201d.<\/b>\u00a0Todos los lunes -de 11 de la ma\u00f1ana a 1 del mediod\u00eda- se orientar\u00e1 sobre los derechos sociales que asisten a las familias de la localidad.<\/p>\n","protected":false},"author":171,"featured_media":24096,"comment_status":"closed","ping_status":"closed","sticky":false,"template":"","format":"standard","meta":{"footnotes":"","_links_to":"","_links_to_target":""},"categories":[411,22,34,53,101,15],"tags":[806],"class_list":["post-24094","post","type-post","status-publish","format-standard","has-post-thumbnail","hentry","category-accion-social","category-berri-otxoak","category-economia","category-ezkerraldea","category-informacion-prestaciones-sociales","category-social","tag-informacion-sobre-derechos-y-prestaciones-sociales"],"publishpress_future_action":{"enabled":false,"date":"2026-05-10 13:09:32","action":"change-status","newStatus":"draft","terms":[],"taxonomy":"category","extraData":[]},"publishpress_future_workflow_manual_trigger":{"enabledWorkflows":[]},"_links":{"self":[{"href":"https:\/\/www.cgt-lkn.org\/bizkaia\/wp-json\/wp\/v2\/posts\/24094","targetHints":{"allow":["GET"]}}],"collection":[{"href":"https:\/\/www.cgt-lkn.org\/bizkaia\/wp-json\/wp\/v2\/posts"}],"about":[{"href":"https:\/\/www.cgt-lkn.org\/bizkaia\/wp-json\/wp\/v2\/types\/post"}],"author":[{"embeddable":true,"href":"https:\/\/www.cgt-lkn.org\/bizkaia\/wp-json\/wp\/v2\/users\/171"}],"replies":[{"embeddable":true,"href":"https:\/\/www.cgt-lkn.org\/bizkaia\/wp-json\/wp\/v2\/comments?post=24094"}],"version-history":[{"count":1,"href":"https:\/\/www.cgt-lkn.org\/bizkaia\/wp-json\/wp\/v2\/posts\/24094\/revisions"}],"predecessor-version":[{"id":24097,"href":"https:\/\/www.cgt-lkn.org\/bizkaia\/wp-json\/wp\/v2\/posts\/24094\/revisions\/24097"}],"wp:featuredmedia":[{"embeddable":true,"href":"https:\/\/www.cgt-lkn.org\/bizkaia\/wp-json\/wp\/v2\/media\/24096"}],"wp:attachment":[{"href":"https:\/\/www.cgt-lkn.org\/bizkaia\/wp-json\/wp\/v2\/media?parent=24094"}],"wp:term":[{"taxonomy":"category","embeddable":true,"href":"https:\/\/www.cgt-lkn.org\/bizkaia\/wp-json\/wp\/v2\/categories?post=24094"},{"taxonomy":"post_tag","embeddable":true,"href":"https:\/\/www.cgt-lkn.org\/bizkaia\/wp-json\/wp\/v2\/tags?post=24094"}],"curies":[{"name":"wp","href":"https:\/\/api.w.org\/{rel}","templated":true}]}}