{"id":24048,"date":"2024-06-11T13:32:20","date_gmt":"2024-06-11T11:32:20","guid":{"rendered":"https:\/\/www.cgt-lkn.org\/bizkaia\/?p=24048"},"modified":"2024-10-05T09:27:22","modified_gmt":"2024-10-05T07:27:22","slug":"convocatoria-a-manifestarse-este-15-de-junio-contra-la-precariedad-y-los-recortes-en-la-margen-izquierda","status":"publish","type":"post","link":"https:\/\/www.cgt-lkn.org\/bizkaia\/archivos\/24048","title":{"rendered":"Convocatoria a manifestarse este 15 de junio contra la precariedad y los recortes en la Margen Izquierda"},"content":{"rendered":"<p><iframe loading=\"lazy\" title=\"Ezkerraldea contra la precariedad y el gasto militar\" width=\"700\" height=\"394\" src=\"https:\/\/www.youtube.com\/embed\/5-yN-IHvNXU?feature=oembed\" frameborder=\"0\" allow=\"accelerometer; autoplay; clipboard-write; encrypted-media; gyroscope; picture-in-picture; web-share\" referrerpolicy=\"strict-origin-when-cross-origin\" allowfullscreen><\/iframe><\/p>\n<div>Asociaciones feministas, colectivos sociales, organizaciones de pensionistas y sindicatos convocan a manifestarse este s\u00e1bado 15 de junio contra la precariedad, los recortes, el gasto militar y la reivindicaci\u00f3n de recursos p\u00fablicos y cuidados dignos en la Margen Izquierda<a name=\"more\"><\/a><\/div>\n<div><\/div>\n<div>\u2022 Manifestaci\u00f3n que comenzar\u00e1 el pr\u00f3ximo s\u00e1bado 15 de junio a las 12.00 horas desde la Plaza del Kasko de Sestao para recorrer las localidades de Margen Izquierda de Sestao, Portugalete y Santurtzi<\/div>\n<div><\/div>\n<div>\u2022 La iniciativa que se desarrollar\u00e1 bajo el lema \u00ab\u00a1Marcha de izquierda! Contra la precariedad y el gasto militar\u00bb<\/div>\n<div><\/div>\n<div>\u2022 Con esta manifestaci\u00f3n se pretende denunciar la escasez de vidas y las dificultades para llegar a final de mes para varios miles de familias de la Margen Izquierda; la feminizaci\u00f3n de la pobreza; el aumento de situaciones de precarizaci\u00f3n laboral; la imposibilidad de acceso a una vivienda digna o el aumento de los desahucios en Ezkerraldea<\/div>\n<div><\/div>\n<div>MANIFIESTO<\/div>\n<div><\/div>\n<div style=\"text-align: center;\"><strong>\u00a1EN LA MARCHA DE IZQUIERDA!<\/strong><\/div>\n<div style=\"text-align: center;\"><strong>CONTRA LA PRECARIEDAD Y EL GASTO MILITAR\u00a0<\/strong><\/div>\n<div><\/div>\n<div>Cuatro a\u00f1os despu\u00e9s de la pandemia, y a pesar de que \u00e9sta puso m\u00e1s que en evidencia los fallos de este sistema capitalista y neoliberal, las pol\u00edticas tanto a nivel del Pa\u00eds Vasco, del Estado espa\u00f1ol, incluso a nivel europeo, lo he hecho nada m\u00e1s que reforzarla deriva hacia lo que estamos acostumbrados. La pandemia signific\u00f3 un respiro, y podr\u00eda servir para considerar de una vez por todas la fragilidad de la vida como un elemento indispensable a la hora de hacer pol\u00edtica. En cambio, nos encontramos con una nueva fase de acumulaci\u00f3n de capital. Esto es lo que caracteriza la fase belicista que estamos viviendo, con el genocidio del pueblo palestino y la persistencia de la guerra de Ucrania. La respuesta de los poderes pol\u00edticos a estas masacres es el aumento del gasto militar hasta l\u00edmites nunca antes vistos, sin dejar de ser tibios ante la urgente necesidad de un alto el fuego, especialmente en Palestina.<\/div>\n<div><\/div>\n<div>El militarismo tiene impactos desastrosos no s\u00f3lo en los territorios. El aumento del gasto militar se refleja en los recortes sociales que seguimos sufriendo tambi\u00e9n en la izquierda. La clase trabajadora necesita medidas que realmente pongan la vida en el centro, garantizando el derecho a una vivienda digna, el acceso a una educaci\u00f3n y atenci\u00f3n m\u00e9dica p\u00fablicas de calidad, un sistema de atenci\u00f3n p\u00fablica y salarios y pensiones decentes para todas las personas. En cambio, una vez m\u00e1s, y como es habitual en las pol\u00edticas p\u00fablicas, se vuelve a apostar por la privatizaci\u00f3n de los recursos p\u00fablicos, algo que la poblaci\u00f3n de izquierda ha sufrido y sigue sufriendo. A esto se suma la incesante subida de los precios y el aumento de la desigualdad, que hace que d\u00eda a d\u00eda sea m\u00e1s complicado para las personas que viven a este lado de la r\u00eda, donde las dificultades para llegar al final de mes son cada vez mayores.<\/div>\n<div><\/div>\n<div>Nos encontramos en un momento adem\u00e1s del auge de los discursos de ultraderecha que est\u00e1n cayendo en los distintos territorios del que no somos ajenos en la regi\u00f3n; Hemos visto un aumento especialmente de la xenofobia y el racismo en nuestras calles, discriminaci\u00f3n que han sufrido las personas de origen extranjero que viven en nuestros pueblos, y especialmente aquellas que se encuentran en situaci\u00f3n de calle. Tambi\u00e9n asistimos a una creciente criminalizaci\u00f3n de la pobreza, con registros diarios en los hogares de las personas que reciben asistencia social. Por ello exigimos un trato de respeto, dignidad y garant\u00eda de derechos.<\/div>\n<div class=\"google-auto-placed ap_container\">\n<div id=\"aswift_7_host\"><iframe loading=\"lazy\" id=\"aswift_7\" tabindex=\"0\" title=\"Anuncio\" src=\"https:\/\/googleads.g.doubleclick.net\/pagead\/ads?npa=1&amp;gdpr=1&amp;gdpr_consent=CQAC8MAQAC8MAEsACBESA4EoAP_gAEPgAAiQINJB7D7FbSFCwH5zaLsAMAhHRsCAQoQAAASBAmABQAKQIAQCgkAQFASgBAACAAAAICZBIQIECAAACUAAQAAAAAAEAAAAAAAIIAAAgAEAAAAIAAACAAAAEAAIAAAAEAAAmAgAAIIACAAAhAAAAAAAAAAAAAAAAgAAAAAAAAAAAAAAAAAAAQOhQD2F2K2kKFkPCmQWYAQBCijYEAhQAAAAkCBIAAgAUgQAgFIIAgAIFAAAAAAAAAQEgCQAAQABAAAIACgAAAAAAIAAAAAAAQQAAAAAIAAAAAAAAEAAAAAAAQAAAAIAABEhCAAQQAEAAAAAAAQAAAAAAAAAAABAAA&amp;addtl_consent=2~70.89.93.108.122.149.196.259.311.313.323.358.415.449.486.494.495.540.574.609.827.864.981.1029.1048.1051.1095.1097.1126.1205.1211.1276.1301.1365.1415.1423.1449.1570.1577.1598.1651.1716.1735.1753.1765.1870.1878.1889.1958.2072.2253.2299.2357.2373.2415.2506.2526.2568.2571.2575.2624.2677~dv.&amp;client=ca-pub-9343718946785457&amp;output=html&amp;h=280&amp;adk=1417008236&amp;adf=914621187&amp;pi=t.aa~a.2455716771~i.20~rp.4&amp;daaos=1718052875505&amp;w=702&amp;abgtt=3&amp;fwrn=4&amp;fwrnh=100&amp;lmt=1718100067&amp;num_ads=1&amp;rafmt=1&amp;armr=3&amp;sem=mc&amp;pwprc=4893912949&amp;ad_type=text_image&amp;format=702x280&amp;url=https%3A%2F%2Fbarakaldodigital.blogspot.com%2F2024%2F06%2Fconvocan-manifestarse-este-15-de-junio.html&amp;host=ca-host-pub-1556223355139109&amp;fwr=0&amp;pra=3&amp;rh=176&amp;rw=702&amp;rpe=1&amp;resp_fmts=3&amp;wgl=1&amp;fa=27&amp;uach=WyJXaW5kb3dzIiwiMTAuMC4wIiwieDg2IiwiIiwiMTI1LjAuNjQyMi4xNDIiLG51bGwsMCxudWxsLCI2NCIsW1siR29vZ2xlIENocm9tZSIsIjEyNS4wLjY0MjIuMTQyIl0sWyJDaHJvbWl1bSIsIjEyNS4wLjY0MjIuMTQyIl0sWyJOb3QuQS9CcmFuZCIsIjI0LjAuMC4wIl1dLDBd&amp;dt=1718104993881&amp;bpp=1&amp;bdt=4289&amp;idt=-M&amp;shv=r20240605&amp;mjsv=m202406060101&amp;ptt=9&amp;saldr=aa&amp;abxe=1&amp;cookie_enabled=1&amp;eoidce=1&amp;prev_fmts=0x0%2C728x280%2C702x280%2C702x280%2C336x280%2C336x280&amp;nras=2&amp;correlator=1400405609870&amp;frm=20&amp;pv=1&amp;ga_vid=1177521326.1718104990&amp;ga_sid=1718104993&amp;ga_hid=263766848&amp;ga_fc=1&amp;u_tz=120&amp;u_his=4&amp;u_h=768&amp;u_w=1366&amp;u_ah=728&amp;u_aw=1366&amp;u_cd=24&amp;u_sd=1&amp;dmc=4&amp;adx=141&amp;ady=2095&amp;biw=1349&amp;bih=607&amp;scr_x=0&amp;scr_y=400&amp;eid=44759876%2C44759927%2C44759837%2C95334510%2C95334527%2C95334572%2C95334820%2C95334053%2C31078663%2C31078665%2C31078668%2C31078670&amp;oid=2&amp;pvsid=2745896735123891&amp;tmod=818117018&amp;uas=3&amp;nvt=1&amp;ref=https%3A%2F%2Fwww.google.com%2F&amp;fc=1408&amp;brdim=0%2C0%2C0%2C0%2C1366%2C0%2C1366%2C728%2C1366%2C607&amp;vis=1&amp;rsz=%7C%7Cs%7C&amp;abl=NS&amp;cms=1&amp;fu=128&amp;bc=31&amp;bz=1&amp;td=1&amp;psd=W251bGwsbnVsbCxudWxsLDNd&amp;nt=1&amp;ifi=8&amp;uci=a!8&amp;btvi=4&amp;fsb=1&amp;dtd=13\" name=\"aswift_7\" width=\"702\" height=\"0\" frameborder=\"0\" marginwidth=\"0\" marginheight=\"0\" scrolling=\"no\" sandbox=\"allow-forms allow-popups allow-popups-to-escape-sandbox allow-same-origin allow-scripts allow-top-navigation-by-user-activation\" data-google-container-id=\"a!8\" aria-label=\"Anuncio\" data-google-query-id=\"CJ63ru-304YDFcuifwQdxpMINg\" data-load-complete=\"true\" data-mce-fragment=\"1\"><\/iframe><\/div>\n<p>No podemos olvidar que el 30 de noviembre la huelga general feminista puso sobre la mesa elementos indispensables en relaci\u00f3n a avanzar hacia un sistema de cuidados p\u00fablico y comunitario. Necesitamos tambi\u00e9n avanzar hacia un sistema de cuidados m\u00e1s responsable, y al que tengamos acceso todos y todas, para lo que ser\u00e1 necesario que adem\u00e1s sea p\u00fablico, universal y gratuito. Sin olvidar a las trabajadoras del hogar que sufren la mayor explotaci\u00f3n dentro de la escala de precariedad, sigue siendo fundamental avanzar en sus derechos laborales.<\/p>\n<\/div>\n<div>En este contexto, la movilizaci\u00f3n es esencial. Seguiremos luchando contra el capital desde nuestras organizaciones y movimientos sociales hasta lograr un nuevo marco en el que la vida digna de todas las personas est\u00e9 en el centro de cada decisi\u00f3n, y este a\u00f1o pondremos especial \u00e9nfasis en la urgencia de detener el genocidio en Palestina.<\/div>\n<div><\/div>\n<div><strong>El s\u00e1bado 15 de junio, a las 12:00 horas<\/strong> queremos unirnos a nuestras luchas. Tenemos nueva fecha en la Plaza del Kasko de Sestao, desde donde un a\u00f1o m\u00e1s arrancar\u00e1 la MARCHA CONTRA EL PRECARIADO, LAS BANDAS SOCIALES Y EL GASTO MILITAR 2024.<\/div>\n<div><\/div>\n<div style=\"text-align: center;\"><strong>\u00a1AL CENTRO DE LA VIDA DE TODOS!<\/strong><\/div>\n<div><\/div>\n<div>COLECTIVOS SOCIALES Y TRADICIONES DE LOS M\u00c1RGENES DE IZQUIERDA<\/div>\n<div><\/div>\n<div><\/div>\n<div><strong>COLECTIVOS SOCIALES<\/strong> DE IZQUIERDA:<\/div>\n<div>Movimiento de Pensionados de Margen Izquierda y Zona Minera; BOPA (Plataforma de Barakaldo en defensa de la salud p\u00fablica); SOPA (Plataforma Sestao en defensa de la salud p\u00fablica); Berri-Otxos (Barakaldo); Centro de Asesoramiento a la Mujer, Argitan (Barakaldo); Centro de Asesor\u00eda a la Mujer de Sestao, Neba-Neba; Emari (Sestao), Marimatraka (Santurtzi); Barakaldo Naturala, Marcha de Ecologistas; Sol; La izquierda con Palestina; IKAMA; Agharas (Asociaci\u00f3n Imazighen de Bizkaia); Centro Cultural de Mamariga; Ernai Izquierda; KAKITZAT (Coordinadora Antimilitarista); Centro Juvenil La Kelo (Santurtzi); Casa de la Juventud Sastraka (Portugalete); Oficina de Derechos Sociales de Santurtzi.<\/div>\n<div><\/div>\n<div><\/div>\n<div>SINDICATOS: ELA, LAB, STEILAS, ESK, CNT y CGT-LKN.<\/div>\n<div><\/div>\n<div><\/div>\n<div>Asociaciones feministas, colectivos sociales, organizaciones de pensionistas y sindicatos de izquierda han apelado a los medios de comunicaci\u00f3n.<\/div>\n<div><\/div>\n<div>\u2022La iniciativa que se desarrollar\u00e1 bajo el lema \u00ab\u00a1Izquierda en marcha! Contra la precariedad y el gasto militar\u00bb.<\/div>\n<div><\/div>\n<div>\u2022La manifestaci\u00f3n: el s\u00e1bado 15 de junio, a las 12.00 horas, partir\u00e1 desde la plaza Kasko, Sestao. Cruzar por la izquierda las localidades de Sestao, Portugalete y Santurtzi.<\/div>\n<div><\/div>\n<div>\u2022 A trav\u00e9s de esta movilizaci\u00f3n quieren denunciar: el gasto militar, el alto coste de la vida y las dificultades de cientos de familias de Eskerralade para llegar a fin de mes: la feminizaci\u00f3n de la pobreza; aumento de las situaciones laborales precarias; la imposibilidad de adquirir una vivienda digna y el aumento del n\u00famero de personas sin hogar<\/div>\n<div><\/div>\n<div><img loading=\"lazy\" decoding=\"async\" class=\"alignnone wp-image-24050 aligncenter\" src=\"https:\/\/www.cgt-lkn.org\/bizkaia\/wp-content\/uploads\/sites\/21\/2024\/06\/Ezkerraldean-martxan-rueda-de-prensa-300x169.jpg\" alt=\"\" width=\"566\" height=\"319\" srcset=\"https:\/\/www.cgt-lkn.org\/bizkaia\/wp-content\/uploads\/sites\/21\/2024\/06\/Ezkerraldean-martxan-rueda-de-prensa-300x169.jpg 300w, https:\/\/www.cgt-lkn.org\/bizkaia\/wp-content\/uploads\/sites\/21\/2024\/06\/Ezkerraldean-martxan-rueda-de-prensa-585x330.jpg 585w, https:\/\/www.cgt-lkn.org\/bizkaia\/wp-content\/uploads\/sites\/21\/2024\/06\/Ezkerraldean-martxan-rueda-de-prensa.jpg 600w\" sizes=\"auto, (max-width: 566px) 100vw, 566px\" \/><\/div>\n<div><\/div>\n<div style=\"text-align: center;\"><strong>\u00a1LA IZQUIERDA EN MARCHA!<\/strong><\/div>\n<div style=\"text-align: center;\"><strong>CONTRA LA PRECARIEDAD Y EL GASTO MILITAR<\/strong><\/div>\n<div><\/div>\n<div>Cuatro a\u00f1os despu\u00e9s de la pandemia, y aunque la pandemia dej\u00f3 claras las fallas de aquel sistema capitalista y neoliberal, las pol\u00edticas a nivel del Pa\u00eds Vasco, del Estado espa\u00f1ol y a nivel europeo, no han hecho m\u00e1s que reforzar la deriva a la que estamos acostumbrados. La pandemia trajo una cibern\u00e9tica, y por una vez sirvi\u00f3 para considerar la fragilidad de la vida como un elemento esencial para hacer pol\u00edtica. Por otro lado, nos encontramos con una nueva fase de acumulaci\u00f3n de capital. A esto hay que sumar la fase de guerra que vivimos, con el genocidio del pueblo palestino y la duraci\u00f3n de la Guerra de Ucrania. La respuesta de los poderes pol\u00edticos a estas masacres es aumentar el gasto militar hasta l\u00edmites nunca antes vistos; Mientras tanto, siguen siendo tibios ante la necesidad de pedir un alto el fuego, especialmente en Palestina.<\/div>\n<div><\/div>\n<div>El militarismo tiene impactos desafortunados no s\u00f3lo en los territorios. El aumento del gasto militar se refleja en los recortes sociales que tambi\u00e9n estamos sufriendo en la izquierda. Los trabajadores debemos tomar medidas para dar realmente vida al centro, para garantizar el derecho a una vivienda digna, a tener educaci\u00f3n y sanidad p\u00fablica y de calidad, a tener un sistema p\u00fablico de cuidados y a tener salarios y pensiones dignos para todas las personas. Una vez m\u00e1s, y como es habitual en las pol\u00edticas p\u00fablicas, se opta por la privatizaci\u00f3n de los recursos p\u00fablicos, que la gente de izquierda sufri\u00f3 y ha sufrido. A ellos hay que sumar el aumento constante de los precios y el aumento de la desigualdad. Como resultado, la vida diaria se vuelve cada vez m\u00e1s dif\u00edcil para las personas que viven en ese lado de la r\u00eda, ya que aumentan las dificultades para llegar a fin de mes.<\/div>\n<div><\/div>\n<div>Estamos en un momento en el que los discursos de la ultraderecha han aumentado en territorios que no est\u00e1n fuera de la regi\u00f3n; hemos visto un aumento de la xenofobia y el racismo en nuestras calles en particular, y las personas de origen extranjero residentes en nuestros pueblos y, en particular, las que se encuentran en situaci\u00f3n de calle han sufrido esta discriminaci\u00f3n. Asistimos a una creciente criminalizaci\u00f3n de la pobreza y hay registros diarios en los hogares de las personas que reciben asistencia social. Por eso exigimos respeto, dignidad y garant\u00eda de derechos.<\/div>\n<div><\/div>\n<div>No podemos olvidar que la huelga general feminista del 30 de noviembre puso sobre la mesa elementos esenciales para avanzar hacia un sistema de cuidados p\u00fablicos y comunitarios. Adem\u00e1s, debemos avanzar hacia un sistema de atenci\u00f3n m\u00e1s receptivo, y todos podemos llegar a ese sistema; para eso ser\u00e1 necesario adem\u00e1s de p\u00fablico, universal y gratuito. Sin olvidar a los trabajadores dom\u00e9sticos, son los m\u00e1s explotados en la escala de precariedad y sigue siendo crucial promover sus derechos laborales.<\/div>\n<div><\/div>\n<div>En este contexto, la movilizaci\u00f3n es esencial. Seguiremos luchando contra el capital a trav\u00e9s de nuestras organizaciones y movimientos sociales, hasta lograr un nuevo marco donde la vida digna de todas las personas est\u00e9 en el centro de cada decisi\u00f3n, y este a\u00f1o prestaremos especial atenci\u00f3n a la necesidad de detener el genocidio. en Palestina.<\/div>\n<div><\/div>\n<div>Queremos unirnos a nuestras batallas el s\u00e1bado 15 de junio a las 12:00 horas. Tenemos otra reuni\u00f3n en la plaza Kasko de Sestao, y un a\u00f1o m\u00e1s partir\u00e1 desde all\u00ed la MARCHA DE 2024 CONTRA LAS PRECARIEDADES, LAS REDUCCIONES SOCIALES Y EL GASTO MILITAR.<\/div>\n<div><\/div>\n<div style=\"text-align: center;\"><strong>\u00a1AL CENTRO DE LA VIDA DE TODOS!<\/strong><\/div>\n<div><\/div>\n<div>ACTIVIDADES SOCIALES Y SINDICALES DE LA IZQUIERDA<\/div>\n<div><\/div>\n<div><strong>COLECTIVOS SOCIALES<\/strong> DE IZQUIERDA:<\/div>\n<div>Movimiento de Izquierda y Pensionados Mineros; BOPA (Barakaldo para la Salud P\u00fablica); SOPA (Sestao de Salud P\u00fablica); Berri-Otxos (Barakaldo); \u00abArgitan, Casa de Consejer\u00eda para Mujeres\u00bb; Centro de Orientaci\u00f3n Maternal Neba-Neba (Sestao); Emari (Sestao), Marimatraka (Santurtzi); Baracaldo Natural; Ecologistas en marcha; Sol; La izquierda con Palestina; IKAMA; Agharas (la asociaci\u00f3n Imazigh de Bizkaia); Centro Cultural de Mamariga; Ernai Izquierda; KAKITZAT (Coordinaci\u00f3n Antimilitarista); Centro Juvenil La Kelo (Santurtzi); Casa de la Juventud Sastraka (Portugalete); \u201cOficina de Prestaciones Sociales\u201d (Santurtzi).<\/div>\n<div><\/div>\n<div><\/div>\n<div>SINDICATOS: ELA, LAB, STEILAS, ESK, CNT y CGT-LKN.<\/div>\n<div>\n<p style=\"text-align: center;\"><strong>NOS UNEN MUCHOS CRITERIOS:<\/strong><\/p>\n<p style=\"text-align: center;\"><strong><span style=\"color: #ff00ff;\">SIN ATADURAS<\/span>, <span style=\"color: #0000ff;\">DIGNIDAD LABORAL<\/span>,<\/strong><\/p>\n<p style=\"text-align: center;\"><strong><span style=\"color: #339966;\">DEFENSA DEL EMPLEO<\/span>, <span style=\"color: #ffcc99;\">TRANSPARENCIA<\/span>,<\/strong><\/p>\n<p style=\"text-align: center;\"><span style=\"color: #ff0000;\"><strong>REDISTRIBUCI\u00d3N DE LA RIQUEZA<\/strong><\/span>,<\/p>\n<p style=\"text-align: center;\"><span style=\"font-size: 14pt;\"><strong>Para recibir las noticias \u00fanete a nuestro canal de <a href=\"https:\/\/t.me\/cgtlknbizkaia\" target=\"_blank\" rel=\"noopener\">Telegram<\/a><\/strong><\/span><\/p>\n<p><a href=\"https:\/\/t.me\/cgtlknbizkaia\"><img loading=\"lazy\" decoding=\"async\" class=\"aligncenter wp-image-19213 size-medium\" src=\"https:\/\/www.cgt-lkn.org\/bizkaia\/wp-content\/uploads\/sites\/21\/2020\/04\/Telegram-CGT-LKN-Bizkaia-300x166.jpg\" alt=\"\" width=\"300\" height=\"166\" srcset=\"https:\/\/www.cgt-lkn.org\/bizkaia\/wp-content\/uploads\/sites\/21\/2020\/04\/Telegram-CGT-LKN-Bizkaia-300x166.jpg 300w, https:\/\/www.cgt-lkn.org\/bizkaia\/wp-content\/uploads\/sites\/21\/2020\/04\/Telegram-CGT-LKN-Bizkaia-200x111.jpg 200w, https:\/\/www.cgt-lkn.org\/bizkaia\/wp-content\/uploads\/sites\/21\/2020\/04\/Telegram-CGT-LKN-Bizkaia-400x221.jpg 400w, https:\/\/www.cgt-lkn.org\/bizkaia\/wp-content\/uploads\/sites\/21\/2020\/04\/Telegram-CGT-LKN-Bizkaia.jpg 600w\" sizes=\"auto, (max-width: 300px) 100vw, 300px\" \/><\/a><\/p>\n<h2 class=\"titulo-h2\" style=\"text-align: center;\"><a href=\"https:\/\/www.cgt-lkn.org\/bizkaia\/contacta\/redes-sociales\">\u00a1S\u00edguenos en nuestras redes sociales!<\/a><\/h2>\n<p><a href=\"https:\/\/www.cgt-lkn.org\/bizkaia\/contacta\/redes-sociales\"><img loading=\"lazy\" decoding=\"async\" class=\"size-full wp-image-23655 aligncenter\" src=\"https:\/\/www.cgt-lkn.org\/bizkaia\/wp-content\/uploads\/sites\/21\/3021\/01\/REDES-sociales.jpeg\" alt=\"\" width=\"300\" height=\"168\" \/><\/a><\/p>\n<p>&nbsp;<\/p>\n<p style=\"text-align: center;\"><span style=\"font-size: 14pt;\"><b>PINCHA <a href=\"https:\/\/www.cgt-lkn.org\/afiliar\/public\/#!\/\">AQU\u00cd<\/a> PARA AFILIARTE<\/b><\/span><\/p>\n<p><a href=\"https:\/\/www.cgt-lkn.org\/afiliar\/public\/#!\/\"><img loading=\"lazy\" decoding=\"async\" class=\"aligncenter wp-image-20248 size-medium\" src=\"https:\/\/www.cgt-lkn.org\/bizkaia\/wp-content\/uploads\/sites\/21\/2020\/07\/Afiliacio\u00a6\u00fcn-204x300.jpg\" alt=\"\" width=\"204\" height=\"300\" srcset=\"https:\/\/www.cgt-lkn.org\/bizkaia\/wp-content\/uploads\/sites\/21\/2020\/07\/Afiliacio\u00a6\u00fcn-204x300.jpg 204w, https:\/\/www.cgt-lkn.org\/bizkaia\/wp-content\/uploads\/sites\/21\/2020\/07\/Afiliacio\u00a6\u00fcn-300x441.jpg 300w, https:\/\/www.cgt-lkn.org\/bizkaia\/wp-content\/uploads\/sites\/21\/2020\/07\/Afiliacio\u00a6\u00fcn.jpg 544w\" sizes=\"auto, (max-width: 204px) 100vw, 204px\" \/><\/a><\/p>\n<\/div>\n<p>&nbsp;<\/p>\n","protected":false},"excerpt":{"rendered":"<p>La manifestaci\u00f3n: el s\u00e1bado 15 de junio, a las 12.00 horas, partir\u00e1 desde la plaza Kasko, Sestao. Cruzar por la izquierda las localidades de Sestao, Portugalete y Santurtzi.<\/p>\n","protected":false},"author":171,"featured_media":24049,"comment_status":"closed","ping_status":"closed","sticky":false,"template":"","format":"standard","meta":{"footnotes":"","_links_to":"","_links_to_target":""},"categories":[411,41,61,53,117,15],"tags":[433,264],"class_list":["post-24048","post","type-post","status-publish","format-standard","has-post-thumbnail","hentry","category-accion-social","category-agitacion","category-antimilitarismo","category-ezkerraldea","category-politica","category-social","tag-gasto-militar","tag-precariedad"],"publishpress_future_action":{"enabled":false,"date":"2026-05-09 04:18:39","action":"change-status","newStatus":"draft","terms":[],"taxonomy":"category","extraData":[]},"publishpress_future_workflow_manual_trigger":{"enabledWorkflows":[]},"_links":{"self":[{"href":"https:\/\/www.cgt-lkn.org\/bizkaia\/wp-json\/wp\/v2\/posts\/24048","targetHints":{"allow":["GET"]}}],"collection":[{"href":"https:\/\/www.cgt-lkn.org\/bizkaia\/wp-json\/wp\/v2\/posts"}],"about":[{"href":"https:\/\/www.cgt-lkn.org\/bizkaia\/wp-json\/wp\/v2\/types\/post"}],"author":[{"embeddable":true,"href":"https:\/\/www.cgt-lkn.org\/bizkaia\/wp-json\/wp\/v2\/users\/171"}],"replies":[{"embeddable":true,"href":"https:\/\/www.cgt-lkn.org\/bizkaia\/wp-json\/wp\/v2\/comments?post=24048"}],"version-history":[{"count":3,"href":"https:\/\/www.cgt-lkn.org\/bizkaia\/wp-json\/wp\/v2\/posts\/24048\/revisions"}],"predecessor-version":[{"id":24054,"href":"https:\/\/www.cgt-lkn.org\/bizkaia\/wp-json\/wp\/v2\/posts\/24048\/revisions\/24054"}],"wp:featuredmedia":[{"embeddable":true,"href":"https:\/\/www.cgt-lkn.org\/bizkaia\/wp-json\/wp\/v2\/media\/24049"}],"wp:attachment":[{"href":"https:\/\/www.cgt-lkn.org\/bizkaia\/wp-json\/wp\/v2\/media?parent=24048"}],"wp:term":[{"taxonomy":"category","embeddable":true,"href":"https:\/\/www.cgt-lkn.org\/bizkaia\/wp-json\/wp\/v2\/categories?post=24048"},{"taxonomy":"post_tag","embeddable":true,"href":"https:\/\/www.cgt-lkn.org\/bizkaia\/wp-json\/wp\/v2\/tags?post=24048"}],"curies":[{"name":"wp","href":"https:\/\/api.w.org\/{rel}","templated":true}]}}