{"id":23965,"date":"2024-04-23T17:16:45","date_gmt":"2024-04-23T15:16:45","guid":{"rendered":"https:\/\/www.cgt-lkn.org\/bizkaia\/?p=23965"},"modified":"2024-04-23T17:16:45","modified_gmt":"2024-04-23T15:16:45","slug":"28-de-abril-dia-mundial-de-la-seguridad-y-salud-en-el-trabajo-2","status":"publish","type":"post","link":"https:\/\/www.cgt-lkn.org\/bizkaia\/archivos\/23965","title":{"rendered":"28 de abril, D\u00eda Mundial de la Seguridad y Salud en el Trabajo"},"content":{"rendered":"<p>\u00a1NO SOMOS N\u00daMEROS!<\/p>\n<p>Desde el pasado mes de octubre, la CGT estamos recorriendo diferentes localidades del Estado espa\u00f1ol llevando a cabo una Campa\u00f1a Confederal bajo el lema\u00a0<strong>\u00abSINIESTRALIDAD LABORAL, NO SOMOS N\u00daMEROS\u00bb<\/strong>, con la que denunciamos los preocupantes datos de accidentabilidad y mortalidad existentes en el \u00e1mbito laboral de todos los territorios.<\/p>\n<p>Desde Zamora hasta Cornell\u00e0, pasando por Calatayud y Alc\u00e1zar de San Juan, hemos podido comprobar que, aunque las realidades laborales sean diferentes, las cifras de siniestralidad laboral son comunes y sobre todo alarmantes, quedando clara la dejaci\u00f3n, el poco inter\u00e9s y la insuficiente inversi\u00f3n que los diferentes gobiernos y empresas dedican a algo tan importante como es la Salud y la Seguridad en el puesto de trabajo.<\/p>\n<p>Este\u00a0<strong>28 de Abril, D\u00eda Mundial de la Seguridad y Salud en el Trabajo<\/strong>, ha de servir para continuar con esta lucha y para seguir exigiendo medidas inmediatas que frenen ya las cifras tan alarmantes en materia de accidentabilidad y muertes, unas cifras que reflejan que en el a\u00f1o 2023 las personas fallecidas mientras desarrollaban su trabajo ascendieron a 721, superando las 30.000 personas fallecidas en los \u00faltimos treinta a\u00f1os.<\/p>\n<p>Asimismo, la CGT denunciamos los preocupantes datos de accidentabilidad registrados durante el \u00faltimo a\u00f1o: los accidentes in itinere han aumentado de manera alarmante\u00a0<em>(casi un 9%)\u00a0<\/em>focalizando su aumento en sectores precarios como el comercio y la hosteler\u00eda. En lo referente a las causas de los accidentes laborales destaca que la primera sea el sobreesfuerzo f\u00edsico\u00a0<em>(casi un 30%)\u00a0<\/em>dejando claro que los infernales ritmos de trabajo que se est\u00e1n imponiendo tienen una incidencia directa y negativa sobre la salud.<\/p>\n<p>La clase trabajadora no podemos seguir permitiendo que las empresas nos traten como objetos de usar y tirar.\u00a0<strong>\u00a1NO SOMOS N\u00daMEROS!<\/strong>, somos personas, y exigir la m\u00e1xima seguridad, el cumplimiento estricto de la normativa en esta materia y su mejora en todos los centros de trabajo ha de ser lo primero por lo que como organizaci\u00f3n anarcosindicalista debemos luchar tanto en las empresas como frente a los Gobiernos.<\/p>\n<p style=\"text-align: center;\"><span style=\"font-size: 14pt;\"><strong>Para recibir las noticias \u00fanete a nuestro canal de <a href=\"https:\/\/t.me\/cgtlknbizkaia\" target=\"_blank\" rel=\"noopener\">Telegram<\/a><\/strong><\/span><\/p>\n<p><a href=\"https:\/\/t.me\/cgtlknbizkaia\"><img loading=\"lazy\" decoding=\"async\" class=\"aligncenter wp-image-19213 size-medium\" src=\"https:\/\/www.cgt-lkn.org\/bizkaia\/wp-content\/uploads\/sites\/21\/2020\/04\/Telegram-CGT-LKN-Bizkaia-300x166.jpg\" alt=\"\" width=\"300\" height=\"166\" srcset=\"https:\/\/www.cgt-lkn.org\/bizkaia\/wp-content\/uploads\/sites\/21\/2020\/04\/Telegram-CGT-LKN-Bizkaia-300x166.jpg 300w, https:\/\/www.cgt-lkn.org\/bizkaia\/wp-content\/uploads\/sites\/21\/2020\/04\/Telegram-CGT-LKN-Bizkaia-200x111.jpg 200w, https:\/\/www.cgt-lkn.org\/bizkaia\/wp-content\/uploads\/sites\/21\/2020\/04\/Telegram-CGT-LKN-Bizkaia-400x221.jpg 400w, https:\/\/www.cgt-lkn.org\/bizkaia\/wp-content\/uploads\/sites\/21\/2020\/04\/Telegram-CGT-LKN-Bizkaia.jpg 600w\" sizes=\"auto, (max-width: 300px) 100vw, 300px\" \/><\/a><\/p>\n<h2 class=\"titulo-h2\" style=\"text-align: center;\"><a href=\"https:\/\/www.cgt-lkn.org\/bizkaia\/contacta\/redes-sociales\">\u00a1S\u00edguenos en nuestras redes sociales!<\/a><\/h2>\n<p><a href=\"https:\/\/www.cgt-lkn.org\/bizkaia\/contacta\/redes-sociales\"><img loading=\"lazy\" decoding=\"async\" class=\"size-full wp-image-23655 aligncenter\" src=\"https:\/\/www.cgt-lkn.org\/bizkaia\/wp-content\/uploads\/sites\/21\/3021\/01\/REDES-sociales.jpeg\" alt=\"\" width=\"300\" height=\"168\" \/><\/a><\/p>\n<p style=\"text-align: center;\"><span style=\"font-size: 14pt;\"><b>PINCHA <a href=\"https:\/\/www.cgt-lkn.org\/afiliar\/public\/#!\/\">AQU\u00cd<\/a> PARA AFILIARTE<\/b><\/span><\/p>\n<p><a href=\"https:\/\/www.cgt-lkn.org\/afiliar\/public\/#!\/\"><img loading=\"lazy\" decoding=\"async\" class=\"aligncenter wp-image-20757 size-full\" src=\"https:\/\/www.cgt-lkn.org\/bizkaia\/wp-content\/uploads\/sites\/21\/2020\/12\/Afiliate-Adif-Renfe-CGT.png\" alt=\"\" width=\"267\" height=\"189\" \/><\/a><\/p>\n<hr \/>\n<p style=\"text-align: center;\"><span style=\"font-size: 14pt;\"><strong>Para recibir las noticias \u00fanete a nuestro canal de <a href=\"https:\/\/t.me\/cgtlknbizkaia\" target=\"_blank\" rel=\"noopener\">Telegram<\/a><\/strong><\/span><\/p>\n","protected":false},"excerpt":{"rendered":"<p>La clase trabajadora no podemos seguir permitiendo que las empresas nos traten como objetos de usar y tirar.\u00a0<strong>\u00a1NO SOMOS N\u00daMEROS!<\/strong>, somos personas, y exigir la m\u00e1xima seguridad, el cumplimiento estricto de la normativa en esta materia y su mejora en todos los centros de trabajo ha de ser lo primero por lo que como organizaci\u00f3n anarcosindicalista debemos luchar tanto en las empresas como frente a los Gobiernos.<\/p>\n","protected":false},"author":57,"featured_media":23966,"comment_status":"closed","ping_status":"closed","sticky":false,"template":"","format":"standard","meta":{"footnotes":"","_links_to":"","_links_to_target":""},"categories":[99,46,19],"tags":[190,414],"class_list":["post-23965","post","type-post","status-publish","format-standard","has-post-thumbnail","hentry","category-comunicados","category-laboral","category-salud-laboral","tag-salud-laboral","tag-seguridad"],"publishpress_future_action":{"enabled":false,"date":"2026-05-09 03:59:20","action":"change-status","newStatus":"draft","terms":[],"taxonomy":"category","extraData":[]},"publishpress_future_workflow_manual_trigger":{"enabledWorkflows":[]},"_links":{"self":[{"href":"https:\/\/www.cgt-lkn.org\/bizkaia\/wp-json\/wp\/v2\/posts\/23965","targetHints":{"allow":["GET"]}}],"collection":[{"href":"https:\/\/www.cgt-lkn.org\/bizkaia\/wp-json\/wp\/v2\/posts"}],"about":[{"href":"https:\/\/www.cgt-lkn.org\/bizkaia\/wp-json\/wp\/v2\/types\/post"}],"author":[{"embeddable":true,"href":"https:\/\/www.cgt-lkn.org\/bizkaia\/wp-json\/wp\/v2\/users\/57"}],"replies":[{"embeddable":true,"href":"https:\/\/www.cgt-lkn.org\/bizkaia\/wp-json\/wp\/v2\/comments?post=23965"}],"version-history":[{"count":3,"href":"https:\/\/www.cgt-lkn.org\/bizkaia\/wp-json\/wp\/v2\/posts\/23965\/revisions"}],"predecessor-version":[{"id":23970,"href":"https:\/\/www.cgt-lkn.org\/bizkaia\/wp-json\/wp\/v2\/posts\/23965\/revisions\/23970"}],"wp:featuredmedia":[{"embeddable":true,"href":"https:\/\/www.cgt-lkn.org\/bizkaia\/wp-json\/wp\/v2\/media\/23966"}],"wp:attachment":[{"href":"https:\/\/www.cgt-lkn.org\/bizkaia\/wp-json\/wp\/v2\/media?parent=23965"}],"wp:term":[{"taxonomy":"category","embeddable":true,"href":"https:\/\/www.cgt-lkn.org\/bizkaia\/wp-json\/wp\/v2\/categories?post=23965"},{"taxonomy":"post_tag","embeddable":true,"href":"https:\/\/www.cgt-lkn.org\/bizkaia\/wp-json\/wp\/v2\/tags?post=23965"}],"curies":[{"name":"wp","href":"https:\/\/api.w.org\/{rel}","templated":true}]}}