{"id":23877,"date":"2024-02-22T13:20:16","date_gmt":"2024-02-22T12:20:16","guid":{"rendered":"https:\/\/www.cgt-lkn.org\/bizkaia\/?p=23877"},"modified":"2024-04-23T17:13:37","modified_gmt":"2024-04-23T15:13:37","slug":"reparto-de-la-riqueza-trabajar-todas-repartir-los-trabajos-vivir-mejor","status":"publish","type":"post","link":"https:\/\/www.cgt-lkn.org\/bizkaia\/archivos\/23877","title":{"rendered":"Reparto de la riqueza Trabajar todas, repartir los trabajos, vivir mejor"},"content":{"rendered":"<p>Con m\u00e1s de 51.000 personas paradas en Navarra, muchas de ellas en situaci\u00f3n \u201cterminal\u201d (econ\u00f3micamente hablando), \u00bfqu\u00e9 le queda al sindicalismo? El sindicalismo naci\u00f3 como nace todo en la humanidad, por la necesidad del individuo de identificarse con un colectivo en similar situaci\u00f3n, para ejercer una mayor fuerza contra los poderes establecidos, para defender su vida y su trabajo con dignidad. La uni\u00f3n hace la fuerza.<\/p>\n<p>Cabe recordar, lo que ocurre con algunas personas migrantes, para las que perder el empleo supone en muchos casos quedarse en situaci\u00f3n irregular, lo que acarrea mayor vulnerabilidad, ya que pierden acceso a la prestaci\u00f3n social mas b\u00e1sica (Renta de Inclusi\u00f3n Social) o incluso el acceso a la asistencia sanitaria.<\/p>\n<p>Obviamente, los poderes juegan con las desigualdades para mantener adeptos. Unos salen perjudicados en diferente medida que otros. Los poderes siempre han actuado as\u00ed: \u201cdivide y vencer\u00e1s\u201d.<\/p>\n<p>El sindicalismo debe mantener como precepto la solidaridad entre trabajadoras y trabajadores, basado en el reparto del empleo (y, de paso, el resto de los trabajos: dom\u00e9stico, atenci\u00f3n a las personas), defendiendo con m\u00e1s fuerza que nunca la jornada laboral de 30 horas semanales, como manera de ir caminando hacia una sociedad m\u00e1s justa, una sociedad donde haya un reparto de la riqueza, una sociedad donde se valore el bien com\u00fan. La solidaridad entre trabajadores no deja de ser un arma de lucha contra los poderes, contra la situaci\u00f3n de crisis econ\u00f3mica propiciada por estos. La solidaridad es la premisa para la lucha obrera, y esta es la herramienta para las mejoras laborales y para el progreso social.<\/p>\n<p>\u00bfC\u00f3mo materializar esta Solidaridad? La solidaridad, a diferencia de la caridad, est\u00e1 basada en el apoyo mutuo. La solidaridad se materializa de distintas maneras dependiendo de la coyuntura y de las circunstancias hist\u00f3ricas; no hay un manual establecido sobre \u201cc\u00f3mo hacer solidaridad\u201d. Como sindicatos asumimos y apoyamos las propuestas de diversos colectivos sociales basadas en valores como el apoyo mutuo, la justicia social, el reparto del trabajo y de la riqueza, organizaci\u00f3n horizontal, &#8230;<\/p>\n<p>En estos momentos toca defender la renta b\u00e1sica de ciudadan\u00eda al alcance de cualquier persona, que junto al decrecimiento de la producci\u00f3n material (y del consumo correspondiente de bienes) y la reducci\u00f3n de la jornada con el correspondiente reparto de empleo, nos lleve a vivir una vida con dignidad. Como se plantea por los movimientos sociales con experiencia en crisis del capital en Sudam\u00e9rica, implantar el buen vivir, el cual se muestra en consonancia con un ecologismo m\u00e1s local. Exigimos la jornada laboral de 30 horas semanales. Entendemos que de esta manera avanzaremos en la lucha contra el paro e incrementaremos notablemente nuestra calidad de vida, dedicando menos de nuestro tiempo a trabajar, pudiendo emprender as\u00ed, otras tantas iniciativas personales o colectivas, que dibujen un escenario social mucho m\u00e1s participativo y aut\u00f3nomo.<\/p>\n<p>\u201cTrabajar todas, repartir los trabajos, trabajar menos, vivir mejor.\u201d<\/p>\n<div class=\"pf-content\">\n<h2 style=\"text-align: center;\"><strong>S\u00cdGUENOS<\/strong><\/h2>\n<h2 style=\"text-align: center;\"><a href=\"https:\/\/www.tiktok.com\/@cgt_lkn?is_from_webapp=1&amp;sender_device=pc\"><img loading=\"lazy\" decoding=\"async\" class=\"alignnone  wp-image-14812\" src=\"https:\/\/www.cgt-lkn.org\/wp-content\/uploads\/sites\/21\/5022\/08\/tiktok.png\" alt=\"\" width=\"148\" height=\"148\" \/><\/a><\/h2>\n<h2 style=\"text-align: center;\"><a href=\"https:\/\/www.facebook.com\/CgtEuskalHerria\"><img loading=\"lazy\" decoding=\"async\" class=\"wp-image-10809 aligncenter\" src=\"https:\/\/www.cgt-lkn.org\/wp-content\/uploads\/sites\/21\/2021\/04\/facebook.jpg\" alt=\"\" width=\"175\" height=\"99\" \/><\/a><\/h2>\n<p>&nbsp;<\/p>\n<p><a href=\"https:\/\/www.instagram.com\/cgt_eh\/\"><img loading=\"lazy\" decoding=\"async\" class=\" wp-image-10810 aligncenter\" src=\"https:\/\/www.cgt-lkn.org\/wp-content\/uploads\/sites\/21\/2021\/04\/instagram.jpg\" alt=\"\" width=\"169\" height=\"164\" data-rel=\"penci-gallery-image-content\" \/><\/a><\/p>\n<p><a href=\"https:\/\/twitter.com\/CGT_LKN_Bizkaia\"><img loading=\"lazy\" decoding=\"async\" class=\"aligncenter wp-image-10811 \" src=\"https:\/\/www.cgt-lkn.org\/wp-content\/uploads\/sites\/21\/2021\/04\/twitter-300x156.png\" alt=\"\" width=\"221\" height=\"115\" \/><\/a><\/p>\n<\/div>\n<p><a href=\"https:\/\/www.youtube.com\/@cgt_lkn\"><img loading=\"lazy\" decoding=\"async\" class=\" wp-image-15125 aligncenter\" src=\"https:\/\/www.cgt-lkn.org\/wp-content\/uploads\/sites\/21\/2024\/01\/youtube-300x300.png\" alt=\"\" width=\"190\" height=\"190\" \/><\/a><\/p>\n<p style=\"text-align: left;\"><a href=\"https:\/\/www.ivoox.com\/escuchar-audios-cgt-lkn-euskal-herria_al_162987_1.html?show=programs\"><img loading=\"lazy\" decoding=\"async\" class=\" wp-image-15127 aligncenter\" src=\"https:\/\/www.cgt-lkn.org\/wp-content\/uploads\/sites\/21\/2024\/01\/ivoox.png\" alt=\"\" width=\"203\" height=\"115\" \/><\/a><\/p>\n<p>&nbsp;<\/p>\n<div class=\"pf-content\">\n<p style=\"text-align: center;\"><a href=\"https:\/\/www.cgt-lkn.org\/pagina-ejemplo\/afiliate\"><img loading=\"lazy\" decoding=\"async\" class=\"alignnone size-medium wp-image-93\" src=\"https:\/\/www.cgt-lkn.org\/bizkaia\/teneco\/files\/2023\/01\/directos-al-corazon-del-sistema-afiliate-cgt.jpg\" alt=\"\" width=\"189\" height=\"267\" \/><\/a><\/p>\n<\/div>\n","protected":false},"excerpt":{"rendered":"<p>En estos momentos toca defender la renta b\u00e1sica de ciudadan\u00eda al alcance de cualquier persona, que junto al decrecimiento de la producci\u00f3n material (y del consumo correspondiente de bienes) y la reducci\u00f3n de la jornada con el correspondiente reparto de empleo, nos lleve a vivir una vida con dignidad.<\/p>\n","protected":false},"author":171,"featured_media":22129,"comment_status":"closed","ping_status":"closed","sticky":false,"template":"","format":"standard","meta":{"footnotes":"","_links_to":"","_links_to_target":""},"categories":[99,539,4,34,46,536,15],"tags":[625,712,519,280],"class_list":["post-23877","post","type-post","status-publish","format-standard","has-post-thumbnail","hentry","category-comunicados","category-comunicados-reparto-del-trabajo","category-crisis","category-economia","category-laboral","category-reparto-del-trabjao","category-social","tag-cuidados","tag-reducion-jornada","tag-reparto-de-la-riqueza","tag-reparto-trabajo"],"publishpress_future_action":{"enabled":false,"date":"2026-05-08 09:22:44","action":"change-status","newStatus":"draft","terms":[],"taxonomy":"category","extraData":[]},"publishpress_future_workflow_manual_trigger":{"enabledWorkflows":[]},"_links":{"self":[{"href":"https:\/\/www.cgt-lkn.org\/bizkaia\/wp-json\/wp\/v2\/posts\/23877","targetHints":{"allow":["GET"]}}],"collection":[{"href":"https:\/\/www.cgt-lkn.org\/bizkaia\/wp-json\/wp\/v2\/posts"}],"about":[{"href":"https:\/\/www.cgt-lkn.org\/bizkaia\/wp-json\/wp\/v2\/types\/post"}],"author":[{"embeddable":true,"href":"https:\/\/www.cgt-lkn.org\/bizkaia\/wp-json\/wp\/v2\/users\/171"}],"replies":[{"embeddable":true,"href":"https:\/\/www.cgt-lkn.org\/bizkaia\/wp-json\/wp\/v2\/comments?post=23877"}],"version-history":[{"count":1,"href":"https:\/\/www.cgt-lkn.org\/bizkaia\/wp-json\/wp\/v2\/posts\/23877\/revisions"}],"predecessor-version":[{"id":23878,"href":"https:\/\/www.cgt-lkn.org\/bizkaia\/wp-json\/wp\/v2\/posts\/23877\/revisions\/23878"}],"wp:featuredmedia":[{"embeddable":true,"href":"https:\/\/www.cgt-lkn.org\/bizkaia\/wp-json\/wp\/v2\/media\/22129"}],"wp:attachment":[{"href":"https:\/\/www.cgt-lkn.org\/bizkaia\/wp-json\/wp\/v2\/media?parent=23877"}],"wp:term":[{"taxonomy":"category","embeddable":true,"href":"https:\/\/www.cgt-lkn.org\/bizkaia\/wp-json\/wp\/v2\/categories?post=23877"},{"taxonomy":"post_tag","embeddable":true,"href":"https:\/\/www.cgt-lkn.org\/bizkaia\/wp-json\/wp\/v2\/tags?post=23877"}],"curies":[{"name":"wp","href":"https:\/\/api.w.org\/{rel}","templated":true}]}}