{"id":23830,"date":"2025-08-10T19:50:36","date_gmt":"2025-08-10T17:50:36","guid":{"rendered":"https:\/\/www.cgt-lkn.org\/bizkaia\/?p=23830"},"modified":"2025-09-20T09:49:16","modified_gmt":"2025-09-20T07:49:16","slug":"mutuas-el-negocio-de-la-salud","status":"publish","type":"post","link":"https:\/\/www.cgt-lkn.org\/bizkaia\/archivos\/23830","title":{"rendered":"Mutuas: El Negocio de la Salud"},"content":{"rendered":"<p>&nbsp;<\/p>\n<p><iframe loading=\"lazy\" title=\"Mutuas_ El Negocio de la Salud\" width=\"700\" height=\"394\" src=\"https:\/\/www.youtube.com\/embed\/NKj8SXAZ09I?feature=oembed\" frameborder=\"0\" allow=\"accelerometer; autoplay; clipboard-write; encrypted-media; gyroscope; picture-in-picture; web-share\" referrerpolicy=\"strict-origin-when-cross-origin\" allowfullscreen><\/iframe><\/p>\n<p>&nbsp;<\/p>\n<p>En defensa del sistema p\u00fablico de salud, integraci\u00f3n de las mutuas<\/p>\n<p><strong>\u00bfSab\u00edas que\u2026<\/strong> las Mutuas en el estado espa\u00f1ol invierten un 0,3% en prevenci\u00f3n mientras que en Alemania destinan un 10% de su presupuesto?<\/p>\n<p><strong> \u00bfSab\u00edas que\u2026<\/strong> es frecuente que, ilegalmente, las Mutuas deriven pruebas y tratamientos a centros privados, encareciendo su coste y financiando as\u00ed el negocio sanitario privado a costa del dinero p\u00fablico de las cotizaciones a la Seguridad Social?<\/p>\n<p><strong> \u00bfSab\u00edas que\u2026<\/strong> en mayo de 2023 se ha firmado el \u201cV Acuerdo por el Empleo y la Negociaci\u00f3n Colectiva\u201d(CCOO, UGT, CEOE y CEPYME) en el que se acuerda impulsar la atenci\u00f3n sanitaria por las mutuas a los da\u00f1os de traumatolog\u00eda de las\/os trabajadores apoyando as\u00ed el desmantelamiento progresivo del Sistema Sanitario p\u00fablico y convirti\u00e9ndose en valedores de la privatizaci\u00f3n de la sanidad impulsada por las mutuas?<\/p>\n<p><strong>\u00bfSab\u00edas que\u2026<\/strong> en este acuerdo nos venden la inmediatez en la realizaci\u00f3n de pruebas diagn\u00f3sticas de imagen y tratamiento de algunos da\u00f1os como una mejora, sin preocuparse de la prevenci\u00f3n frente a los riesgos laborales que con frecuencia los provocan?<\/p>\n<p><strong>\u00bfSab\u00edas que\u2026<\/strong> Mientras a las\/os trabajadores en activo nos reparan aceleradamente, nuestros familiares, personas desempleadas y nosotras mismas\/os cuando seamos pensionistas, dispondremos de menos recursos para que nuestra salud sea atendida?<\/p>\n<p><strong> \u00bfSab\u00edas que\u2026<\/strong> las empresas pueden contratar directamente la atenci\u00f3n de las accidentes y enfermedades profesionales con la Seguridad Social (INSS) o constituirse como autoaseguradora colaboradora con la Seguridad Social abandonando as\u00ed las mutuas?<\/p>\n<p><strong>\u00bfSab\u00edas que\u2026<\/strong> las mutualidades de funcionarias\/os (ISFAS, MUJEJU, MUFACE\u2026), ajenas a la Seguridad Social, son deficitarias y los presupuestos del Estado pagan todos los a\u00f1os sus d\u00e9ficits con dinero que va directamente a la atenci\u00f3n sanitaria privada?<\/p>\n<p><strong>Por todo lo anterior<\/strong> rechazamos la propuesta de convenio planteado por las mutuas y los contenidos del cap\u00edtulo VII del V-AENC, solicitamos la inclusi\u00f3n de todos sus empleados\/as p\u00fablicos en la autoaseguradora que existe abandonando la mutua y exigimos la aplicaci\u00f3n inmediata de la disposici\u00f3n final tercera de la Ley 14\/1986 General de Sanidad que establece que \u201cEl Gobierno, mediante Real Decreto, a propuesta conjunta de los Ministerios concernidos, dispondr\u00e1 que los centros, servicios y establecimientos sanitarios de las Mutuas de Accidentes\u201d, integr\u00e1ndolos en el Sistema P\u00fablico de Salud.<\/p>\n","protected":false},"excerpt":{"rendered":"<p><strong>\u00bfSab\u00edas que\u2026<\/strong> &#8211; el Estado espa\u00f1ol es el \u00fanico pa\u00eds occidental donde una entidad empresarial como es la Mutua tiene el poder de decidir inicialmente si una lesi\u00f3n o enfermedad tiene o no, el car\u00e1cter de laboral? &#8211; las Mutuas ocultan el origen laboral y minimizan la gravedad de la mayor parte de las enfermedades o accidentes profesionales? &#8211; las Mutuas solamente buscan cuando estamos de baja, la reincorporaci\u00f3n laboral lo antes posible para que seamos m\u00e1s productivos? &#8211; las Mutuas utilizan tratamientos de choque para nuestra r\u00e1pida vuelta trabajo, aunque no sean los m\u00e1s seguros, y realizan pruebas innecesarias frente a otras menos costosas y oportunas? &#8211; menos del 14% de las propuestas de alta de las Mutuas en casos de baja com\u00fan son adecuadas desde un punto de vista cl\u00ednico? &#8211; las Mutuas buscan acceder a nuestro historial cl\u00ednico del sistema p\u00fablico de salud. Esto facilitar\u00e1 el empe\u00f1o de las mutuas de buscar causas extra laborales para negar el origen de m\u00faltiples da\u00f1os derivados del trabajo?<\/p>\n","protected":false},"author":57,"featured_media":23832,"comment_status":"closed","ping_status":"closed","sticky":false,"template":"","format":"standard","meta":{"footnotes":"","_links_to":"","_links_to_target":""},"categories":[41,126,34,9,19,97,161,15,335],"tags":[590,604,775],"class_list":["post-23830","post","type-post","status-publish","format-standard","has-post-thumbnail","hentry","category-agitacion","category-debates","category-economia","category-multimedia","category-salud-laboral","category-sanidad","category-sectores","category-social","category-youtube","tag-mutuas","tag-osakidetza","tag-servicio-publico-de-salud"],"publishpress_future_action":{"enabled":false,"date":"2026-05-08 23:48:49","action":"change-status","newStatus":"draft","terms":[],"taxonomy":"category","extraData":[]},"publishpress_future_workflow_manual_trigger":{"enabledWorkflows":[]},"_links":{"self":[{"href":"https:\/\/www.cgt-lkn.org\/bizkaia\/wp-json\/wp\/v2\/posts\/23830","targetHints":{"allow":["GET"]}}],"collection":[{"href":"https:\/\/www.cgt-lkn.org\/bizkaia\/wp-json\/wp\/v2\/posts"}],"about":[{"href":"https:\/\/www.cgt-lkn.org\/bizkaia\/wp-json\/wp\/v2\/types\/post"}],"author":[{"embeddable":true,"href":"https:\/\/www.cgt-lkn.org\/bizkaia\/wp-json\/wp\/v2\/users\/57"}],"replies":[{"embeddable":true,"href":"https:\/\/www.cgt-lkn.org\/bizkaia\/wp-json\/wp\/v2\/comments?post=23830"}],"version-history":[{"count":2,"href":"https:\/\/www.cgt-lkn.org\/bizkaia\/wp-json\/wp\/v2\/posts\/23830\/revisions"}],"predecessor-version":[{"id":23833,"href":"https:\/\/www.cgt-lkn.org\/bizkaia\/wp-json\/wp\/v2\/posts\/23830\/revisions\/23833"}],"wp:featuredmedia":[{"embeddable":true,"href":"https:\/\/www.cgt-lkn.org\/bizkaia\/wp-json\/wp\/v2\/media\/23832"}],"wp:attachment":[{"href":"https:\/\/www.cgt-lkn.org\/bizkaia\/wp-json\/wp\/v2\/media?parent=23830"}],"wp:term":[{"taxonomy":"category","embeddable":true,"href":"https:\/\/www.cgt-lkn.org\/bizkaia\/wp-json\/wp\/v2\/categories?post=23830"},{"taxonomy":"post_tag","embeddable":true,"href":"https:\/\/www.cgt-lkn.org\/bizkaia\/wp-json\/wp\/v2\/tags?post=23830"}],"curies":[{"name":"wp","href":"https:\/\/api.w.org\/{rel}","templated":true}]}}