{"id":23781,"date":"2024-01-12T12:46:22","date_gmt":"2024-01-12T11:46:22","guid":{"rendered":"https:\/\/www.cgt-lkn.org\/bizkaia\/?p=23781"},"modified":"2024-01-18T11:17:24","modified_gmt":"2024-01-18T10:17:24","slug":"charla-mutuasel-negocio-de-la-salud","status":"publish","type":"post","link":"https:\/\/www.cgt-lkn.org\/bizkaia\/archivos\/23781","title":{"rendered":"Charla: Mutuas,el negocio de la salud"},"content":{"rendered":"<p style=\"text-align: center;\"><span style=\"font-size: 16pt;\"><strong>17 Enero 19h Clara Campoamor Kultur Etxea Barkaldo<\/strong><\/span><\/p>\n<p><strong>\u00bfSab\u00edas que\u2026<\/strong>&#8211;\u00a0\u00a0\u00a0\u00a0 el Estado espa\u00f1ol es el \u00fanico pa\u00eds occidental donde una entidad empresarial como es la Mutua tiene el poder de decidir inicialmente si una lesi\u00f3n o enfermedad tiene o no, el car\u00e1cter de laboral?<\/p>\n<p>&#8211;\u00a0\u00a0\u00a0\u00a0 las Mutuas ocultan el origen laboral y minimizan la gravedad de la mayor parte de las enfermedades o accidentes profesionales?<\/p>\n<p>&#8211;\u00a0\u00a0\u00a0\u00a0 las Mutuas solamente buscan cuando estamos de baja, la reincorporaci\u00f3n laboral lo antes posible para que seamos m\u00e1s productivos?<\/p>\n<p>&#8211;\u00a0\u00a0\u00a0\u00a0 las Mutuas utilizan tratamientos de choque para nuestra r\u00e1pida vuelta trabajo, aunque no sean los m\u00e1s seguros, y realizan pruebas innecesarias frente a otras menos costosas y oportunas?<\/p>\n<p>&#8211;\u00a0\u00a0\u00a0\u00a0 menos del 14% de las propuestas de alta de las Mutuas en casos de baja com\u00fan son adecuadas desde un punto de vista cl\u00ednico?<\/p>\n<p>&#8211;\u00a0\u00a0\u00a0\u00a0 las Mutuas buscan acceder a nuestro historial cl\u00ednico del sistema p\u00fablico de salud.\u00a0 Esto facilitar\u00e1 el empe\u00f1o de las mutuas de buscar causas extra laborales para negar el origen de m\u00faltiples da\u00f1os derivados del trabajo?<\/p>\n<p><strong>\u00bfSab\u00edas que\u2026<\/strong>las Mutuas en el estado espa\u00f1ol invierten un 0,3% en prevenci\u00f3n mientras que en Alemania destinan un 10% de su presupuesto?<\/p>\n<p><strong>\u00bfSab\u00edas que\u2026<\/strong>es frecuente que, ilegalmente, las Mutuas deriven pruebas y tratamientos a centros privados, encareciendo su coste y financiando as\u00ed el negocio sanitario privado a costa del dinero p\u00fablico de las cotizaciones a la Seguridad Social?<\/p>\n<p><strong>\u00bfSab\u00edas que\u2026<\/strong>en mayo de 2023 se ha firmado el \u201cV Acuerdo por el Empleo y la Negociaci\u00f3n Colectiva\u201d(CCOO, UGT, CEOE y CEPYME) en el que se acuerda impulsar la atenci\u00f3n sanitaria por las mutuas a los da\u00f1os de traumatolog\u00eda de las\/os trabajadores apoyando as\u00ed el desmantelamiento progresivo del Sistema Sanitario p\u00fablico y convirti\u00e9ndose en valedores de la privatizaci\u00f3n de la sanidad impulsada por las mutuas?<\/p>\n<p><strong>\u00bfSab\u00edas que\u2026<\/strong>en este\u00a0 nos venden la inmediatez en la realizaci\u00f3n de pruebas diagn\u00f3sticas de imagen y tratamiento de algunos da\u00f1os como una mejora, sin preocuparse de la prevenci\u00f3n frente a los riesgos laborales que con frecuencia los provocan?<\/p>\n<p><strong>\u00bfSab\u00edas que\u2026<\/strong>Mientras a las\/os trabajadores en activo nos reparan aceleradamente, nuestros familiares, personas desempleadas y nosotras mismas\/os cuando seamos pensionistas, dispondremos de menos recursos para que nuestra salud sea atendida?<\/p>\n<p><strong>\u00bfSab\u00edas que\u2026<\/strong>las empresas pueden contratar directamente la atenci\u00f3n de las accidentes y enfermedades profesionales con la Seguridad Social (INSS) o constituirse como autoaseguradora colaboradora con la Seguridad Social abandonando as\u00ed las mutuas?<\/p>\n<p><strong>\u00bfSab\u00edas que\u2026<\/strong>las mutualidades de funcionarias\/os (ISFAS, MUJEJU, MUFACE\u2026), ajenas a la Seguridad Social, son deficitarias y los presupuestos del Estado pagan todos los a\u00f1os sus d\u00e9ficits con dinero que va directamente a la atenci\u00f3n sanitaria privada?<\/p>\n<p style=\"text-align: center;\"><span style=\"font-size: 14pt;\"><strong>Para recibir las noticias \u00fanete a nuestro canal de <a href=\"https:\/\/t.me\/cgtlknbizkaia\" target=\"_blank\" rel=\"noopener\">Telegram<\/a><\/strong><\/span><br \/>\n<a href=\"https:\/\/t.me\/cgtlknbizkaia\"><img loading=\"lazy\" decoding=\"async\" class=\"aligncenter wp-image-19213 size-medium\" src=\"https:\/\/www.cgt-lkn.org\/bizkaia\/wp-content\/uploads\/sites\/21\/2020\/04\/Telegram-CGT-LKN-Bizkaia-300x166.jpg\" alt=\"\" width=\"300\" height=\"166\" srcset=\"https:\/\/www.cgt-lkn.org\/bizkaia\/wp-content\/uploads\/sites\/21\/2020\/04\/Telegram-CGT-LKN-Bizkaia-300x166.jpg 300w, https:\/\/www.cgt-lkn.org\/bizkaia\/wp-content\/uploads\/sites\/21\/2020\/04\/Telegram-CGT-LKN-Bizkaia-200x111.jpg 200w, https:\/\/www.cgt-lkn.org\/bizkaia\/wp-content\/uploads\/sites\/21\/2020\/04\/Telegram-CGT-LKN-Bizkaia-400x221.jpg 400w, https:\/\/www.cgt-lkn.org\/bizkaia\/wp-content\/uploads\/sites\/21\/2020\/04\/Telegram-CGT-LKN-Bizkaia.jpg 600w\" sizes=\"auto, (max-width: 300px) 100vw, 300px\" \/><\/a><\/p>\n<h2 class=\"titulo-h2\" style=\"text-align: center;\"><a href=\"https:\/\/www.cgt-lkn.org\/bizkaia\/contacta\/redes-sociales\">\u00a1S\u00edguenos en nuestras redes sociales!<\/a><\/h2>\n<p><a href=\"https:\/\/www.cgt-lkn.org\/bizkaia\/contacta\/redes-sociales\"><img loading=\"lazy\" decoding=\"async\" class=\"size-full wp-image-23655 aligncenter\" src=\"https:\/\/www.cgt-lkn.org\/bizkaia\/wp-content\/uploads\/sites\/21\/3021\/01\/REDES-sociales.jpeg\" alt=\"\" width=\"300\" height=\"168\" \/><\/a><\/p>\n<p style=\"text-align: center;\"><span style=\"font-size: 14pt;\"><b>PINCHA <a href=\"https:\/\/www.cgt-lkn.org\/afiliar\/public\/#!\/\">AQU\u00cd<\/a> PARA AFILIARTE<\/b><\/span><\/p>\n<p style=\"text-align: center;\"><a href=\"https:\/\/www.cgt-lkn.org\/afiliar\/public\/#!\/\"><img loading=\"lazy\" decoding=\"async\" class=\"alignnone size-medium wp-image-93\" src=\"https:\/\/www.cgt-lkn.org\/bizkaia\/teneco\/files\/2023\/01\/directos-al-corazon-del-sistema-afiliate-cgt.jpg\" alt=\"\" width=\"189\" height=\"267\" \/><\/a><\/p>\n<p>&nbsp;<\/p>\n","protected":false},"excerpt":{"rendered":"<p>17 Enero 19h Clara Campoamor Kultur Etxea Barkaldo<\/p>\n","protected":false},"author":171,"featured_media":23782,"comment_status":"closed","ping_status":"closed","sticky":false,"template":"","format":"standard","meta":{"footnotes":"","_links_to":"","_links_to_target":""},"categories":[55,99,53,46,19,97,343],"tags":[605,290,699,590,190,195,767,291],"class_list":["post-23781","post","type-post","status-publish","format-standard","has-post-thumbnail","hentry","category-charlas","category-comunicados","category-ezkerraldea","category-laboral","category-salud-laboral","category-sanidad","category-sanidad-sectores","tag-bopa","tag-ccoo","tag-ceoe","tag-mutuas","tag-salud-laboral","tag-seguridad-social","tag-sistema-publico-de-salud","tag-ugt"],"publishpress_future_action":{"enabled":false,"date":"2026-05-08 14:10:36","action":"change-status","newStatus":"draft","terms":[],"taxonomy":"category","extraData":[]},"publishpress_future_workflow_manual_trigger":{"enabledWorkflows":[]},"_links":{"self":[{"href":"https:\/\/www.cgt-lkn.org\/bizkaia\/wp-json\/wp\/v2\/posts\/23781","targetHints":{"allow":["GET"]}}],"collection":[{"href":"https:\/\/www.cgt-lkn.org\/bizkaia\/wp-json\/wp\/v2\/posts"}],"about":[{"href":"https:\/\/www.cgt-lkn.org\/bizkaia\/wp-json\/wp\/v2\/types\/post"}],"author":[{"embeddable":true,"href":"https:\/\/www.cgt-lkn.org\/bizkaia\/wp-json\/wp\/v2\/users\/171"}],"replies":[{"embeddable":true,"href":"https:\/\/www.cgt-lkn.org\/bizkaia\/wp-json\/wp\/v2\/comments?post=23781"}],"version-history":[{"count":2,"href":"https:\/\/www.cgt-lkn.org\/bizkaia\/wp-json\/wp\/v2\/posts\/23781\/revisions"}],"predecessor-version":[{"id":23784,"href":"https:\/\/www.cgt-lkn.org\/bizkaia\/wp-json\/wp\/v2\/posts\/23781\/revisions\/23784"}],"wp:featuredmedia":[{"embeddable":true,"href":"https:\/\/www.cgt-lkn.org\/bizkaia\/wp-json\/wp\/v2\/media\/23782"}],"wp:attachment":[{"href":"https:\/\/www.cgt-lkn.org\/bizkaia\/wp-json\/wp\/v2\/media?parent=23781"}],"wp:term":[{"taxonomy":"category","embeddable":true,"href":"https:\/\/www.cgt-lkn.org\/bizkaia\/wp-json\/wp\/v2\/categories?post=23781"},{"taxonomy":"post_tag","embeddable":true,"href":"https:\/\/www.cgt-lkn.org\/bizkaia\/wp-json\/wp\/v2\/tags?post=23781"}],"curies":[{"name":"wp","href":"https:\/\/api.w.org\/{rel}","templated":true}]}}